{"id":4481,"date":"2017-05-10T12:50:13","date_gmt":"2017-05-10T12:50:13","guid":{"rendered":"http:\/\/fmriachuelo.com.ar\/ljkjklj\/?p=4481"},"modified":"2017-05-10T12:50:13","modified_gmt":"2017-05-10T12:50:13","slug":"sin-justicia-para-los-responsables-de-la-violencia-en-el-consejo-consultivo-comuna-4","status":"publish","type":"post","link":"http:\/\/fmriachuelo.it10.com.ar\/index.php\/2017\/05\/10\/sin-justicia-para-los-responsables-de-la-violencia-en-el-consejo-consultivo-comuna-4\/","title":{"rendered":"SIN JUSTICIA PARA LOS RESPONSABLES DE LA VIOLENCIA EN EL CONSEJO CONSULTIVO COMUNA 4"},"content":{"rendered":"<p>[FM Riachuelo 10\/05\/2017]\u00a0A un a\u00f1o del brutal ataque cometido, \u00a0el 4 de mayo de 2016, \u00a0en la Asamblea del Consejo Consultivo de la Comuna 4, se realizo una conferencia de prensa, en la legislatura porte\u00f1a. All\u00ed se denunci\u00f3 que \u00a0los agresores a\u00fan contin\u00faan en libertad aunque se hallan claramente identificados por la querella y la fiscal\u00eda.<\/p>\n<p>Escuch\u00e1 la entrevista completa a Luciano Caldarelli, militante de la organizaci\u00f3n Boca es Pueblo:<\/p>\n<p>Recordamos que el hecho sucedido el 4 de mayo se produce en la Asamblea del Consejo Consultivo de la Comuna 4, que se autoconvoc\u00f3 a sesionar frente a la privatizaci\u00f3n de los terrenos de Casa Amarilla, que se transfirieron al club Boca Juniors, sin haber consultado a los vecinos. Durante esa sesi\u00f3n se produjeron graves hechos de violencia, con el intento de homicidio hacia dos militantes de la comuna, en momentos en que se pon\u00eda en cuesti\u00f3n los intereses en juego en la privatizaci\u00f3n del espacio p\u00fablico.<\/p>\n<p>Recordamos el hecho:\u00a0<span style=\"color: #0000ff\"><strong><a style=\"color: #0000ff\" href=\"http:\/\/fmriachuelo.com.ar\/ljkjklj\/blog\/2016\/05\/05\/conferencia-de-prensa-violencia-durante-consejo-consultivo\/\">VIOLENCIA POL\u00cdTICA EN LA COMUNA\u00a0<\/a>4<\/strong><\/span><\/p>\n","protected":false},"excerpt":{"rendered":"<p>[FM Riachuelo 10\/05\/2017]\u00a0A un a\u00f1o del brutal ataque cometido, \u00a0el 4 de mayo de 2016, \u00a0en la Asamblea del Consejo Consultivo de la Comuna 4, se realizo una conferencia de prensa, en la legislatura porte\u00f1a. All\u00ed se denunci\u00f3 que \u00a0los agresores a\u00fan contin\u00faan en libertad aunque se hallan claramente identificados por la querella y la [&hellip;]<\/p>\n","protected":false},"author":4,"featured_media":4482,"comment_status":"open","ping_status":"open","sticky":false,"template":"","format":"standard","meta":{"_monsterinsights_skip_tracking":false,"_monsterinsights_sitenote_active":false,"_monsterinsights_sitenote_note":"","_monsterinsights_sitenote_category":0,"jnews-multi-image_gallery":[],"jnews_single_post":[],"jnews_primary_category":[],"_joinchat":[],"footnotes":""},"categories":[78,76],"tags":[],"class_list":["post-4481","post","type-post","status-publish","format-standard","has-post-thumbnail","hentry","category-economia-popular","category-salud-comunitaria"],"_links":{"self":[{"href":"http:\/\/fmriachuelo.it10.com.ar\/index.php\/wp-json\/wp\/v2\/posts\/4481","targetHints":{"allow":["GET"]}}],"collection":[{"href":"http:\/\/fmriachuelo.it10.com.ar\/index.php\/wp-json\/wp\/v2\/posts"}],"about":[{"href":"http:\/\/fmriachuelo.it10.com.ar\/index.php\/wp-json\/wp\/v2\/types\/post"}],"author":[{"embeddable":true,"href":"http:\/\/fmriachuelo.it10.com.ar\/index.php\/wp-json\/wp\/v2\/users\/4"}],"replies":[{"embeddable":true,"href":"http:\/\/fmriachuelo.it10.com.ar\/index.php\/wp-json\/wp\/v2\/comments?post=4481"}],"version-history":[{"count":0,"href":"http:\/\/fmriachuelo.it10.com.ar\/index.php\/wp-json\/wp\/v2\/posts\/4481\/revisions"}],"wp:featuredmedia":[{"embeddable":true,"href":"http:\/\/fmriachuelo.it10.com.ar\/index.php\/wp-json\/"}],"wp:attachment":[{"href":"http:\/\/fmriachuelo.it10.com.ar\/index.php\/wp-json\/wp\/v2\/media?parent=4481"}],"wp:term":[{"taxonomy":"category","embeddable":true,"href":"http:\/\/fmriachuelo.it10.com.ar\/index.php\/wp-json\/wp\/v2\/categories?post=4481"},{"taxonomy":"post_tag","embeddable":true,"href":"http:\/\/fmriachuelo.it10.com.ar\/index.php\/wp-json\/wp\/v2\/tags?post=4481"}],"curies":[{"name":"wp","href":"https:\/\/api.w.org\/{rel}","templated":true}]}}