{"id":4433,"date":"2017-05-05T21:55:27","date_gmt":"2017-05-05T21:55:27","guid":{"rendered":"http:\/\/fmriachuelo.com.ar\/ljkjklj\/?p=4433"},"modified":"2017-05-05T21:55:27","modified_gmt":"2017-05-05T21:55:27","slug":"ministerio-de-trabajo-de-la-nacion-con-trabajadores-tercerizados-y-despedidos","status":"publish","type":"post","link":"http:\/\/fmriachuelo.it10.com.ar\/index.php\/2017\/05\/05\/ministerio-de-trabajo-de-la-nacion-con-trabajadores-tercerizados-y-despedidos\/","title":{"rendered":"MINISTERIO DE TRABAJO DE LA NACI\u00d3N, CON TRABAJADORES TERCERIZADOS Y DESPEDIDOS"},"content":{"rendered":"<p>[FM Riachuelo 05\/05\/2017] El martes pasado, 35 empleados que cumpli\u00e1n tareas de maestranza se encontraron con que no les permit\u00edan el ingreso al Ministerio de Trabajo de la Naci\u00f3n, que conduce Jorge Triaca, un hecho ocurrido un d\u00eda despu\u00e9s de conmemorar el D\u00eda del Trabajador. Los trabajadores cumpli\u00e1n sus tareas tercerizados por la empresa Imantec S.A, que se hab\u00eda comprometido a darles continuidad laboral. Desde el sindicato denunciaron que se trata de un caso de \u201calevosa persecuci\u00f3n sindical\u201d, \u00a0ya que los trabajadores despedidos eran los m\u00e1s organizados gremialmente.\u00a0Frente a los reclamos sindicales por el destino de los trabajadores, \u00a0que quedaron desamparados, desde la cartera laboral respondieron con evasivas, desentendiendose de la situaci\u00f3n de los trabajadores, un hecho que sorprende por tratarse del ministerio que regula la actividad laboral.<br \/>\nEscuch\u00e1 a continuaci\u00f3n la entrevista a Jos\u00e8 Linares, delegado de maestranza y uno de los trabajadores despedidos:<\/p>\n<p>\u201cSon casi 35 los compa\u00f1eros que no pudieron ingresar. En todos los casos son compa\u00f1eros que se organizan, agrupados en la CTA. Es un caso claro de persecuci\u00f3n sindical, una represalia de Triaca frente a la organizaci\u00f3n de los laburantes. No s\u00f3lo deja en la calle a m\u00e1s de 30 familias, sino que adem\u00e1s es un caso clar\u00edsimo de persecuci\u00f3n sindical\u201d afirm\u00f3 el delegado gremial.<\/p>\n","protected":false},"excerpt":{"rendered":"<p>[FM Riachuelo 05\/05\/2017] El martes pasado, 35 empleados que cumpli\u00e1n tareas de maestranza se encontraron con que no les permit\u00edan el ingreso al Ministerio de Trabajo de la Naci\u00f3n, que conduce Jorge Triaca, un hecho ocurrido un d\u00eda despu\u00e9s de conmemorar el D\u00eda del Trabajador. Los trabajadores cumpli\u00e1n sus tareas tercerizados por la empresa Imantec [&hellip;]<\/p>\n","protected":false},"author":4,"featured_media":4434,"comment_status":"open","ping_status":"open","sticky":false,"template":"","format":"standard","meta":{"_monsterinsights_skip_tracking":false,"_monsterinsights_sitenote_active":false,"_monsterinsights_sitenote_note":"","_monsterinsights_sitenote_category":0,"jnews-multi-image_gallery":[],"jnews_single_post":[],"jnews_primary_category":[],"_joinchat":[],"footnotes":""},"categories":[78,76,75],"tags":[],"class_list":["post-4433","post","type-post","status-publish","format-standard","has-post-thumbnail","hentry","category-economia-popular","category-salud-comunitaria","category-trabajo"],"_links":{"self":[{"href":"http:\/\/fmriachuelo.it10.com.ar\/index.php\/wp-json\/wp\/v2\/posts\/4433","targetHints":{"allow":["GET"]}}],"collection":[{"href":"http:\/\/fmriachuelo.it10.com.ar\/index.php\/wp-json\/wp\/v2\/posts"}],"about":[{"href":"http:\/\/fmriachuelo.it10.com.ar\/index.php\/wp-json\/wp\/v2\/types\/post"}],"author":[{"embeddable":true,"href":"http:\/\/fmriachuelo.it10.com.ar\/index.php\/wp-json\/wp\/v2\/users\/4"}],"replies":[{"embeddable":true,"href":"http:\/\/fmriachuelo.it10.com.ar\/index.php\/wp-json\/wp\/v2\/comments?post=4433"}],"version-history":[{"count":0,"href":"http:\/\/fmriachuelo.it10.com.ar\/index.php\/wp-json\/wp\/v2\/posts\/4433\/revisions"}],"wp:featuredmedia":[{"embeddable":true,"href":"http:\/\/fmriachuelo.it10.com.ar\/index.php\/wp-json\/"}],"wp:attachment":[{"href":"http:\/\/fmriachuelo.it10.com.ar\/index.php\/wp-json\/wp\/v2\/media?parent=4433"}],"wp:term":[{"taxonomy":"category","embeddable":true,"href":"http:\/\/fmriachuelo.it10.com.ar\/index.php\/wp-json\/wp\/v2\/categories?post=4433"},{"taxonomy":"post_tag","embeddable":true,"href":"http:\/\/fmriachuelo.it10.com.ar\/index.php\/wp-json\/wp\/v2\/tags?post=4433"}],"curies":[{"name":"wp","href":"https:\/\/api.w.org\/{rel}","templated":true}]}}