{"id":443,"date":"2015-05-17T19:53:00","date_gmt":"2015-05-17T19:53:00","guid":{"rendered":"http:\/\/fmriachuelo.observatorioess.org.ar\/index.php\/2015\/05\/17\/caba-marcharon-contra-la-explotacion-y-por-trabajo-digno\/"},"modified":"2025-03-31T12:15:13","modified_gmt":"2025-03-31T15:15:13","slug":"caba-marcharon-contra-la-explotacion-y-por-trabajo-digno","status":"publish","type":"post","link":"http:\/\/fmriachuelo.it10.com.ar\/index.php\/2015\/05\/17\/caba-marcharon-contra-la-explotacion-y-por-trabajo-digno\/","title":{"rendered":"CABA: MARCHARON CONTRA LA EXPLOTACION Y POR TRABAJO DIGNO"},"content":{"rendered":"<p><span style=\"color: red;font-family: Verdana, sans-serif;font-size: large\"><strong>NO OLVIDAMOS: PARA SACAR DEL GUETO A LA ECONOM\u00cdA POPULAR<\/strong><\/span><\/p>\n<p><\/p>\n<div style=\"clear: both;text-align: center\"><a href=\"http:\/\/1.bp.blogspot.com\/-i6Ceoq2Ilt0\/VVjuQaH0deI\/AAAAAAAAEXY\/DgZ1o7yJe7o\/s1600\/flyer%2Bmarcha.jpg\" style=\"clear: left;float: left;margin-bottom: 1em;margin-right: 1em\"><img loading=\"lazy\" decoding=\"async\" border=\"0\" height=\"240\" src=\"http:\/\/1.bp.blogspot.com\/-i6Ceoq2Ilt0\/VVjuQaH0deI\/AAAAAAAAEXY\/DgZ1o7yJe7o\/s320\/flyer%2Bmarcha.jpg\" width=\"320\" \/><\/a><\/div>\n<div style=\"text-align: justify\"><span style=\"font-family: Verdana, sans-serif\"><span style=\"color: red\"><strong>Fm Riachuelo<\/strong><\/span> particip\u00f3 de la movilizaci\u00f3n y recogi\u00f3 estos testimonios de:<\/span><\/div>\n<div style=\"text-align: justify\">&#8211; <a href=\"http:\/\/www.mediafire.com\/listen\/q4i1qw5q74zw22w\/ESTEBAN_MUR_PAPA_DE_LOS_CHICOS_FALLECIDOS.mp3\"><strong><span style=\"color: blue;font-family: Verdana, sans-serif\">ESTEBAN MUR &#8211; PAPA DE LOS CHICOS FALLECIDOS<\/span><\/strong><\/a><\/div>\n<div style=\"text-align: justify\"><span style=\"font-family: Verdana, sans-serif\"><span style=\"color: blue\">&#8211; <\/span><a href=\"http:\/\/www.mediafire.com\/listen\/44yjqigwt5wt6ts\/SECRET._GENERAL_DE_UTE-_EDUARDO_LOPEZ.mp3\"><strong><span style=\"color: blue\">SECRET. GRAL DE UTE, EDUARDO LOPEZ<\/span><\/strong><\/a><\/span><\/div>\n<div style=\"text-align: justify\"><span style=\"color: blue;font-family: Verdana\"><\/span>&nbsp;<\/div>\n<p><span style=\"color: blue;font-family: Verdana\"><\/span><\/p>\n<div style=\"text-align: justify\"><span style=\"font-family: Verdana, sans-serif\">Costureros, vecinos, organizaciones sociales y sindicales marcharon el jueves 14 de mayo a las 17 hs.para exigir trabajo digno. Una movilizaci\u00f3n que&nbsp;se convoc\u00f3 en&nbsp;el taller textil, ubicado en Paez y Terrada, incendiado&nbsp; el 27 de abril pasado, donde murieron dos ni\u00f1os por las condiciones de esclavitud y supervivencia indigna&nbsp;a la que est\u00e1n sometidas las familias trabajadoras migrantes. La movilizaci\u00f3n se dirigi\u00f3 al taller textil de Caballito que se incendi\u00f3  en 2006, en el que fallecieron seis personas.<\/span><\/div>\n<div style=\"text-align: justify\"><span style=\"font-family: Verdana\"><\/span><a name='more'><\/a><\/p>\n<div style=\"text-align: justify\"><span style=\"font-family: Verdana, sans-serif\">La marcha fue convocada por la Asamblea Textil de Flores, un espacio que se constituy\u00f3 tras el \u00faltimo incendio y se encuentra conformado por costureros, vecinos y organizaciones sociales y sindicales como la Central de Trabajadores Argentinos (CTA), la Asociaci\u00f3n de Trabajadores de Estado (ATE Capital) y la Uni\u00f3n de Trabajadores de la Educaci\u00f3n (UTE).<\/span><\/div>\n<div style=\"text-align: justify\"><span style=\"font-family: Verdana, sans-serif\">La movilizaci\u00f3n culmin\u00f3 en Luis Viale y Espinosa, donde el 30 de marzo de 2006 fallecieron seis personas, cinco de ellas menores de 18 a\u00f1os, tambi\u00e9n bolivianos.<\/span><\/div>\n<div style=\"text-align: justify\"><span style=\"color: blue;font-family: Verdana, sans-serif\">Fuente: Telam, Producci\u00f3n Riachuelo<\/span><\/div>\n<\/div>\n","protected":false},"excerpt":{"rendered":"<p>NO OLVIDAMOS: PARA SACAR DEL GUETO A LA ECONOM\u00cdA POPULAR Fm Riachuelo particip\u00f3 de la movilizaci\u00f3n y recogi\u00f3 estos testimonios de: &#8211; ESTEBAN MUR &#8211; PAPA DE LOS CHICOS FALLECIDOS &#8211; SECRET. GRAL DE UTE, EDUARDO LOPEZ &nbsp; Costureros, vecinos, organizaciones sociales y sindicales marcharon el jueves 14 de mayo a las 17 hs.para exigir [&hellip;]<\/p>\n","protected":false},"author":4,"featured_media":0,"comment_status":"open","ping_status":"open","sticky":false,"template":"","format":"standard","meta":{"_monsterinsights_skip_tracking":false,"_monsterinsights_sitenote_active":false,"_monsterinsights_sitenote_note":"","_monsterinsights_sitenote_category":0,"jnews-multi-image_gallery":[],"jnews_single_post":{"format":"standard"},"jnews_primary_category":[],"_joinchat":[],"footnotes":""},"categories":[58],"tags":[122,148],"class_list":["post-443","post","type-post","status-publish","format-standard","hentry","category-noticiariachuelo","tag-derecho-a-la-protesta-social","tag-trabajo"],"_links":{"self":[{"href":"http:\/\/fmriachuelo.it10.com.ar\/index.php\/wp-json\/wp\/v2\/posts\/443","targetHints":{"allow":["GET"]}}],"collection":[{"href":"http:\/\/fmriachuelo.it10.com.ar\/index.php\/wp-json\/wp\/v2\/posts"}],"about":[{"href":"http:\/\/fmriachuelo.it10.com.ar\/index.php\/wp-json\/wp\/v2\/types\/post"}],"author":[{"embeddable":true,"href":"http:\/\/fmriachuelo.it10.com.ar\/index.php\/wp-json\/wp\/v2\/users\/4"}],"replies":[{"embeddable":true,"href":"http:\/\/fmriachuelo.it10.com.ar\/index.php\/wp-json\/wp\/v2\/comments?post=443"}],"version-history":[{"count":1,"href":"http:\/\/fmriachuelo.it10.com.ar\/index.php\/wp-json\/wp\/v2\/posts\/443\/revisions"}],"predecessor-version":[{"id":23431,"href":"http:\/\/fmriachuelo.it10.com.ar\/index.php\/wp-json\/wp\/v2\/posts\/443\/revisions\/23431"}],"wp:attachment":[{"href":"http:\/\/fmriachuelo.it10.com.ar\/index.php\/wp-json\/wp\/v2\/media?parent=443"}],"wp:term":[{"taxonomy":"category","embeddable":true,"href":"http:\/\/fmriachuelo.it10.com.ar\/index.php\/wp-json\/wp\/v2\/categories?post=443"},{"taxonomy":"post_tag","embeddable":true,"href":"http:\/\/fmriachuelo.it10.com.ar\/index.php\/wp-json\/wp\/v2\/tags?post=443"}],"curies":[{"name":"wp","href":"https:\/\/api.w.org\/{rel}","templated":true}]}}