{"id":442,"date":"2015-05-17T20:15:00","date_gmt":"2015-05-17T20:15:00","guid":{"rendered":"http:\/\/fmriachuelo.observatorioess.org.ar\/index.php\/2015\/05\/17\/chile-conmueve-el-asesinato-de-jovenes-estudiantes\/"},"modified":"2025-03-31T12:16:23","modified_gmt":"2025-03-31T15:16:23","slug":"chile-conmueve-el-asesinato-de-jovenes-estudiantes","status":"publish","type":"post","link":"http:\/\/fmriachuelo.it10.com.ar\/index.php\/2015\/05\/17\/chile-conmueve-el-asesinato-de-jovenes-estudiantes\/","title":{"rendered":"CHILE: CONMUEVE EL ASESINATO DE J\u00d3VENES ESTUDIANTES"},"content":{"rendered":"<p><span style=\"color: red;font-family: Verdana, sans-serif;font-size: large\"><strong>EN DEFENSA DE LA EDUCACI\u00d3N: REPRIMEN A ESTUDIANTES<\/strong><\/span><br \/><strong><span style=\"color: red;font-family: Verdana;font-size: large\"><\/span><\/strong><br \/><span style=\"color: red;font-family: Verdana, sans-serif;font-size: large\"><\/p>\n<div style=\"clear: both;text-align: center\"><strong style=\"clear: left;float: left;margin-bottom: 1em;margin-right: 1em\"><img loading=\"lazy\" decoding=\"async\" border=\"0\" height=\"240\" src=\"http:\/\/1.bp.blogspot.com\/-9PlI7NrLsHg\/VVj0kYOh5sI\/AAAAAAAAEXo\/J5dzdDKY-yQ\/s320\/represi%C3%B3n.jpg\" width=\"320\" \/><\/strong><\/div>\n<p><\/span><\/p>\n<div style=\"text-align: justify\"><span style=\"font-family: Verdana, sans-serif\"><strong>Los carabineros de Chile (instituci\u00f3n policial) reprimieron este viernes a los estudiantes universitarios que marchaban en la avenida principal de Santiago (capital). Luego de la manifestaci\u00f3n en Valpara\u00edso dos j\u00f3venes que marchaban, fueron asesinados en un confuso episodio. La comunidad chilena en su conjunto manifest\u00f3 su repudio y se organiz\u00f3 en distintos puntos un velat\u00f3n para manifestar su solidaridad y pesar por los hechos ocurridos.<\/strong> <\/span><\/div>\n<p><span style=\"font-family: Verdana, sans-serif\"><\/span><br \/><span style=\"font-family: Verdana, sans-serif\">Los polic\u00edas lanzaron gas y agua para reprimir la nueva marcha nacional que exige una educaci\u00f3n p\u00fablica y de calidad, protagonizada por estudiantes, docentes y funcionarios quienes tambi\u00e9n piden la reforma impulsada desde el Gobierno. <\/span><br \/><span style=\"font-family: Verdana\">En ese contexto de represi\u00f3n, en la ciudad de Valpara\u00edso <\/span><span style=\"font-family: Verdana, sans-serif\"><strong>Exequiel Borvar\u00e1n (18) y Diego Guzm\u00e1n (24) <\/strong>murieron   tras la marcha por la educaci\u00f3n cuando fueron baleados tras un incidente entre los manifestantes y los due\u00f1os de una casa que acusaban que hab\u00edan da\u00f1ado su propiedad.<\/span><br \/><strong><span style=\"color: red;font-family: Verdana;font-size: large\"><\/span><\/strong>&nbsp;<a name='more'><\/a><\/p>\n<div style=\"text-align: justify\"><span style=\"font-family: Verdana, sans-serif\"><strong>\u201cConstruir una nueva educaci\u00f3n p\u00fablica y democr\u00e1tica\u201d <\/strong>es la nueva consiga de esta marcha que adem\u00e1s contempl\u00f3 otras acciones como la toma de la sede de la<span style=\"line-height: 1.6\">&nbsp;Universidad de Chile.<\/span><\/span> <\/div>\n<div style=\"text-align: justify\"><span style=\"font-family: Verdana, sans-serif\">Los j\u00f3venes creen que es necesario y urgente que la comunidad estudiantil realice un llamado de unidad en torno a su posici\u00f3n hist\u00f3rica como estudiantes. Dicen adem\u00e1s que los cambios que necesita la educaci\u00f3n en Chile es una responsabilidad de todos.                                                                      <\/span><\/p>\n<div style=\"text-align: justify\"><span style=\"font-family: Verdana, sans-serif\">Los estudiantes han manifestado que la actual reforma no va a solucionar la crisis de la educaci\u00f3n ya que se origina por todo el sistema educativo, lucrativo y de mercado que ha existido desde la dictadura hasta el d\u00eda de hoy.<\/span>&nbsp; <\/div>\n<p><span style=\"color: black;font-family: Verdana\">Una feroz represi\u00f3n sobre los j\u00f3venes estudiantes produjo la muerte de dos j\u00f3venes estudiantes y provoc\u00f3 una inmensa conmoci\u00f3n en el pueblo chileno.<\/span><\/p>\n<div style=\"clear: both;text-align: center\"><a href=\"http:\/\/2.bp.blogspot.com\/-GPFWzW_CfZE\/VVjzLXtZfTI\/AAAAAAAAEXg\/-0L3bsJqy3M\/s1600\/CHILE.jpg\" style=\"clear: left;float: left;margin-bottom: 1em;margin-right: 1em\"><img loading=\"lazy\" decoding=\"async\" border=\"0\" height=\"181\" src=\"http:\/\/2.bp.blogspot.com\/-GPFWzW_CfZE\/VVjzLXtZfTI\/AAAAAAAAEXg\/-0L3bsJqy3M\/s320\/CHILE.jpg\" width=\"320\" \/><\/a><\/div>\n<p><\/p>\n<div><span style=\"font-family: Verdana, sans-serif\">Familias enteras y estudiantes protagonizaron un velat\u00f3n en las calles para manifestar su pesar por los hechos ocurridos en Valparaiso.<\/span><\/div>\n<div><span style=\"font-family: Verdana, sans-serif\">La poblaci\u00f3n chilena se encuentra conmocionada por el asesinato de dos j\u00f3venes en Valparaiso (costa central de Chile) tras finalizar este jueves la marcha de estudiantes que recorri\u00f3 las calles de la capital en demanda por una educaci\u00f3n p\u00fablica de calidad.                                                                      <\/span><span style=\"font-family: Verdana, sans-serif\">En horas de la noche del jueves, miles de personas salieron a las calles con velas y banderas en mano para manifestar su pesar por la muerte de los dos estudiantes baleados.<\/span> <\/p>\n<p><span style=\"color: blue;font-family: Verdana, sans-serif\">Fuente: Telesur, Producci\u00f3n Riachuelo<\/span><\/div>\n<\/div>\n","protected":false},"excerpt":{"rendered":"<p>EN DEFENSA DE LA EDUCACI\u00d3N: REPRIMEN A ESTUDIANTES Los carabineros de Chile (instituci\u00f3n policial) reprimieron este viernes a los estudiantes universitarios que marchaban en la avenida principal de Santiago (capital). Luego de la manifestaci\u00f3n en Valpara\u00edso dos j\u00f3venes que marchaban, fueron asesinados en un confuso episodio. La comunidad chilena en su conjunto manifest\u00f3 su repudio [&hellip;]<\/p>\n","protected":false},"author":4,"featured_media":0,"comment_status":"open","ping_status":"open","sticky":false,"template":"","format":"standard","meta":{"_monsterinsights_skip_tracking":false,"_monsterinsights_sitenote_active":false,"_monsterinsights_sitenote_note":"","_monsterinsights_sitenote_category":0,"jnews-multi-image_gallery":[],"jnews_single_post":{"format":"standard"},"jnews_primary_category":[],"_joinchat":[],"footnotes":""},"categories":[58],"tags":[70,101,89],"class_list":["post-442","post","type-post","status-publish","format-standard","hentry","category-noticiariachuelo","tag-de-la-patria-grande","tag-educacion","tag-violencia-institucional"],"_links":{"self":[{"href":"http:\/\/fmriachuelo.it10.com.ar\/index.php\/wp-json\/wp\/v2\/posts\/442","targetHints":{"allow":["GET"]}}],"collection":[{"href":"http:\/\/fmriachuelo.it10.com.ar\/index.php\/wp-json\/wp\/v2\/posts"}],"about":[{"href":"http:\/\/fmriachuelo.it10.com.ar\/index.php\/wp-json\/wp\/v2\/types\/post"}],"author":[{"embeddable":true,"href":"http:\/\/fmriachuelo.it10.com.ar\/index.php\/wp-json\/wp\/v2\/users\/4"}],"replies":[{"embeddable":true,"href":"http:\/\/fmriachuelo.it10.com.ar\/index.php\/wp-json\/wp\/v2\/comments?post=442"}],"version-history":[{"count":1,"href":"http:\/\/fmriachuelo.it10.com.ar\/index.php\/wp-json\/wp\/v2\/posts\/442\/revisions"}],"predecessor-version":[{"id":23432,"href":"http:\/\/fmriachuelo.it10.com.ar\/index.php\/wp-json\/wp\/v2\/posts\/442\/revisions\/23432"}],"wp:attachment":[{"href":"http:\/\/fmriachuelo.it10.com.ar\/index.php\/wp-json\/wp\/v2\/media?parent=442"}],"wp:term":[{"taxonomy":"category","embeddable":true,"href":"http:\/\/fmriachuelo.it10.com.ar\/index.php\/wp-json\/wp\/v2\/categories?post=442"},{"taxonomy":"post_tag","embeddable":true,"href":"http:\/\/fmriachuelo.it10.com.ar\/index.php\/wp-json\/wp\/v2\/tags?post=442"}],"curies":[{"name":"wp","href":"https:\/\/api.w.org\/{rel}","templated":true}]}}