{"id":441,"date":"2015-05-18T02:37:00","date_gmt":"2015-05-18T02:37:00","guid":{"rendered":"http:\/\/fmriachuelo.observatorioess.org.ar\/index.php\/2015\/05\/18\/mesa-de-vivienda-y-habitat\/"},"modified":"2025-03-31T12:17:37","modified_gmt":"2025-03-31T15:17:37","slug":"mesa-de-vivienda-y-habitat","status":"publish","type":"post","link":"http:\/\/fmriachuelo.it10.com.ar\/index.php\/2015\/05\/18\/mesa-de-vivienda-y-habitat\/","title":{"rendered":"MESA DE VIVIENDA Y H\u00c1BITAT"},"content":{"rendered":"<div style=\"text-align: center\">\n<div style=\"color: #222222;font-size: 12.8000001907349px;text-align: left\">\n<div style=\"background-color: white;font-family: arial, sans-serif;font-size: 12.8000001907349px;text-align: left\"><span style=\"color: red;font-family: verdana, sans-serif;font-size: medium\"><span style=\"line-height: 16.7999992370605px\"><b>PRODUCCI\u00d3N ESPECIAL RIACHUELO<\/b><\/span><\/span><\/div>\n<div style=\"background-color: white;font-family: arial, sans-serif;font-size: 12.8000001907349px;text-align: left\"><span style=\"font-family: verdana, sans-serif;font-size: medium\"><b>ANTE EL RECRUDECIMIENTO DE LOS DESALOJOS<\/b><\/span><\/div>\n<div style=\"background-color: white;font-family: arial, sans-serif;font-size: 12.8000001907349px;text-align: left\"><span style=\"color: red;font-family: verdana, sans-serif;font-size: x-large\"><b>MESA DE DEBATE: LA SITUACI\u00d3N HABITACIONAL EN LA CIUDAD<\/b><\/span><\/div>\n<\/div>\n<div style=\"text-align: left\">\n<div style=\"text-align: left\"><span style=\"color: #222222;font-size: x-small\"><span style=\"font-family: Verdana, sans-serif\"><br \/><\/span><\/span><\/div>\n<\/div>\n<div style=\"clear: both\"><a href=\"http:\/\/1.bp.blogspot.com\/-HY9pI594_Fs\/VVlP5bpl5MI\/AAAAAAAAEX4\/Lnd0JzqVk9U\/s1600\/IMG-20150515-WA0000.jpg\" style=\"clear: left;float: left;margin-bottom: 1em;margin-right: 1em;text-align: left\"><img loading=\"lazy\" decoding=\"async\" border=\"0\" height=\"180\" src=\"http:\/\/1.bp.blogspot.com\/-HY9pI594_Fs\/VVlP5bpl5MI\/AAAAAAAAEX4\/Lnd0JzqVk9U\/s320\/IMG-20150515-WA0000.jpg\" width=\"320\" \/><\/a><\/div>\n<div style=\"text-align: left\">\n<div style=\"text-align: left\"><b style=\"color: #222222;font-size: small\"><span style=\"font-family: Verdana, sans-serif\">[FMR Domingo 17\/5\/15] \u00bfQu\u00e9 es el h\u00e1bitat? \u00bfEs s\u00f3lo la vivienda?<\/span><\/b><\/div>\n<\/div>\n<\/div>\n<div style=\"color: #222222;font-size: small\">\n<div style=\"text-align: left\"><b><span style=\"font-family: Verdana, sans-serif\">\u00bfPor qu\u00e9 las organizaciones populares le damos tanto importancia?<\/span><\/b><\/div>\n<\/div>\n<div style=\"color: #222222;font-size: small\">\n<div style=\"text-align: left\"><b><span style=\"font-family: Verdana, sans-serif\">\u00bfPor qu\u00e9 es un tema central de la agenda de la comunicaci\u00f3n popular?<\/span><\/b><\/div>\n<\/div>\n<div style=\"color: #222222;font-size: small\">\n<div style=\"text-align: left\"><span style=\"font-family: Verdana, sans-serif\"><b>\u00bfExiste&nbsp;posibilidad&nbsp;de dignificar tu vida si tu vivienda se encuentra en un contexto sin servicios p\u00fablicos, sin vacantes en las escuelas, sin hospitales, sin trabajo ni futuro para los j\u00f3venes?<\/b><\/span><\/div>\n<\/div>\n<div style=\"color: #222222;font-size: small\">\n<div style=\"text-align: left\"><span style=\"font-family: Verdana, sans-serif\"><br \/><\/span><\/div>\n<\/div>\n<div style=\"color: #222222;font-size: small\">\n<div style=\"text-align: left\"><span style=\"font-family: Verdana, sans-serif\">Vecinos y&nbsp;organizaciones que luchan por la vivienda, la tierra, resistiendo al avance de los negocios&nbsp;inmobiliarios: al comienzo de la noche del viernes pasado compartimos con nuestros oyentes estas y otras preguntas.<\/span><\/div>\n<\/div>\n<div style=\"color: #222222;font-size: small\">\n<div style=\"text-align: left\"><span style=\"font-family: Verdana, sans-serif\"><br \/><\/span><\/div>\n<\/div>\n<div style=\"color: #222222;font-size: small\">\n<div style=\"text-align: left\"><span style=\"font-family: Verdana, sans-serif\">Avizorando&nbsp;los momentos&nbsp;dif\u00edciles, cargados de&nbsp;amenazas de desalojos y expulsi\u00f3n de familias de sus tierras y viviendas&nbsp;<b><span style=\"color: red\">FM Riachuelo&nbsp;<\/span><\/b>les acerca esta&nbsp;<b><span style=\"color: red\">PRODUCCI\u00d3N ESPECIAL<\/span><\/b>&nbsp;con una mesa de invitados que abordaron esta problem\u00e1tica central que cada vez abarca a m\u00e1s sectores de nuestro barrio, nuestra ciudad, nuestro pa\u00eds y nuestra regi\u00f3n.<\/span><\/div>\n<\/div>\n<div style=\"color: #222222;font-size: small\">\n<div style=\"text-align: left\"><b><span style=\"color: #0b5394;font-family: Verdana, sans-serif\"><br \/><\/span><\/b><\/div>\n<\/div>\n<div style=\"color: #222222;font-size: small\">\n<div style=\"font-family: arial, sans-serif;font-size: 12.8000001907349px;text-align: left\">\n<div style=\"background-color: white;font-size: 12.8000001907349px;text-align: left\"><span style=\"font-family: verdana, sans-serif\"><b><span style=\"color: #0b5394\">Participaron NATALIA QUINTO<\/span><\/b><span style=\"color: black\">,&nbsp;<\/span><b><span style=\"color: #0b5394\">GABRIE<\/span><\/b><\/span><span style=\"font-family: verdana, sans-serif\"><b><span style=\"color: #0b5394\">LA EROLES<\/span><\/b><span style=\"color: black\">&nbsp;y&nbsp;<\/span><\/span><span style=\"font-family: verdana, sans-serif\"><b><span style=\"color: #0b5394\">MARTINA NOAILLES<\/span><\/b><span style=\"color: black\">&nbsp;(del GRUPO DE VIVIENDA Y H\u00c1BITAT DE LA BOCA)<\/span><\/span><span style=\"font-family: verdana, sans-serif\"><span style=\"color: black\">,&nbsp;<\/span><b><span style=\"color: #0b5394\">ANAH\u00cd BEN\u00cdTEZ<\/span><\/b><span style=\"color: black\">&nbsp;(v\u00eda telef\u00f3nica, del Frente Popular Dar\u00edo Santill\u00e1n que acompa\u00f1a la situaci\u00f3n de los vecinos de la calle Chacabuco),&nbsp;<\/span><\/span><span style=\"font-family: verdana, sans-serif\"><b><span style=\"color: #0b5394\">JONATHAN THEA<\/span><\/b><span style=\"color: black\">&nbsp;(de la agrupaci\u00f3n Seamos Libres que acompa\u00f1a el conflicto de los vecinos de la calle Pav\u00f3n) y&nbsp;<\/span><b><span style=\"color: #0b5394\">LITO BORELLO<\/span><\/b><span style=\"color: black\">&nbsp;(SECRETARIO DE VIVIENDA Y H\u00c1BITAT DE CTEP) con la conducci\u00f3n de&nbsp;<\/span><b><span style=\"color: #0b5394\">KIKE DORDAL,&nbsp;<\/span><\/b><span style=\"color: black\">la coordinaci\u00f3n,<\/span><span style=\"color: black\">&nbsp;producci\u00f3n y puesta en el aire del&nbsp;<\/span><b><span style=\"color: red\">EQUIPO DE FM RIACHUELO<\/span><\/b><\/span><\/div>\n<div><span style=\"font-family: verdana, sans-serif\"><b><span style=\"color: red\"><br \/><\/span><\/b><\/span><\/div>\n<\/div>\n<\/div>\n<div style=\"text-align: left\">\n<div style=\"text-align: left\"><b style=\"color: #222222;font-size: small;text-align: center\"><span style=\"color: #0b5394;font-family: Verdana, sans-serif\"><a href=\"http:\/\/www.mediafire.com\/listen\/rrw2fa4um6hyjhf\/MESA_DEBATE_DE_VIVIENDA_Y_H%C3%81BITAT_EN_FM_RIACHUELO.mp3\">MESA VIVIENDA Y H\u00c1BITAT<\/a><\/span><\/b><\/div>\n<\/div>\n<div>\n<div style=\"text-align: left\">\n<div style=\"text-align: left\"><b style=\"color: #222222;font-size: small;text-align: center\"><br \/><\/b><\/div>\n<\/div>\n<\/div>\n","protected":false},"excerpt":{"rendered":"<p>PRODUCCI\u00d3N ESPECIAL RIACHUELO ANTE EL RECRUDECIMIENTO DE LOS DESALOJOS MESA DE DEBATE: LA SITUACI\u00d3N HABITACIONAL EN LA CIUDAD [FMR Domingo 17\/5\/15] \u00bfQu\u00e9 es el h\u00e1bitat? \u00bfEs s\u00f3lo la vivienda? \u00bfPor qu\u00e9 las organizaciones populares le damos tanto importancia? \u00bfPor qu\u00e9 es un tema central de la agenda de la comunicaci\u00f3n popular? \u00bfExiste&nbsp;posibilidad&nbsp;de dignificar tu vida [&hellip;]<\/p>\n","protected":false},"author":4,"featured_media":0,"comment_status":"open","ping_status":"open","sticky":false,"template":"","format":"standard","meta":{"_monsterinsights_skip_tracking":false,"_monsterinsights_sitenote_active":false,"_monsterinsights_sitenote_note":"","_monsterinsights_sitenote_category":0,"jnews-multi-image_gallery":[],"jnews_single_post":{"format":"standard"},"jnews_primary_category":[],"_joinchat":[],"footnotes":""},"categories":[58],"tags":[71,147],"class_list":["post-441","post","type-post","status-publish","format-standard","hentry","category-noticiariachuelo","tag-de-la-tierra","tag-habitat"],"_links":{"self":[{"href":"http:\/\/fmriachuelo.it10.com.ar\/index.php\/wp-json\/wp\/v2\/posts\/441","targetHints":{"allow":["GET"]}}],"collection":[{"href":"http:\/\/fmriachuelo.it10.com.ar\/index.php\/wp-json\/wp\/v2\/posts"}],"about":[{"href":"http:\/\/fmriachuelo.it10.com.ar\/index.php\/wp-json\/wp\/v2\/types\/post"}],"author":[{"embeddable":true,"href":"http:\/\/fmriachuelo.it10.com.ar\/index.php\/wp-json\/wp\/v2\/users\/4"}],"replies":[{"embeddable":true,"href":"http:\/\/fmriachuelo.it10.com.ar\/index.php\/wp-json\/wp\/v2\/comments?post=441"}],"version-history":[{"count":1,"href":"http:\/\/fmriachuelo.it10.com.ar\/index.php\/wp-json\/wp\/v2\/posts\/441\/revisions"}],"predecessor-version":[{"id":23433,"href":"http:\/\/fmriachuelo.it10.com.ar\/index.php\/wp-json\/wp\/v2\/posts\/441\/revisions\/23433"}],"wp:attachment":[{"href":"http:\/\/fmriachuelo.it10.com.ar\/index.php\/wp-json\/wp\/v2\/media?parent=441"}],"wp:term":[{"taxonomy":"category","embeddable":true,"href":"http:\/\/fmriachuelo.it10.com.ar\/index.php\/wp-json\/wp\/v2\/categories?post=441"},{"taxonomy":"post_tag","embeddable":true,"href":"http:\/\/fmriachuelo.it10.com.ar\/index.php\/wp-json\/wp\/v2\/tags?post=441"}],"curies":[{"name":"wp","href":"https:\/\/api.w.org\/{rel}","templated":true}]}}