{"id":440,"date":"2015-05-18T14:00:00","date_gmt":"2015-05-18T14:00:00","guid":{"rendered":"http:\/\/fmriachuelo.observatorioess.org.ar\/index.php\/2015\/05\/18\/nicaragua-recuerdan-el-120-aniversario-del-natalicio-de-augusto-cesar-sandino\/"},"modified":"2025-03-31T12:33:26","modified_gmt":"2025-03-31T15:33:26","slug":"nicaragua-recuerdan-el-120-aniversario-del-natalicio-de-augusto-cesar-sandino","status":"publish","type":"post","link":"http:\/\/fmriachuelo.it10.com.ar\/index.php\/2015\/05\/18\/nicaragua-recuerdan-el-120-aniversario-del-natalicio-de-augusto-cesar-sandino\/","title":{"rendered":"NICARAGUA: RECUERDAN EL 120 ANIVERSARIO DEL NATALICIO DE AUGUSTO C\u00c9SAR SANDINO"},"content":{"rendered":"<p><span style=\"color: red;font-family: Verdana, sans-serif;font-size: large\"><strong>UN GRANDE DE LA HISTORIA DE NUESTRAM\u00c9RICA<\/strong><\/span><\/p>\n<div style=\"clear: both;text-align: center\"><a href=\"http:\/\/4.bp.blogspot.com\/-riVMgvWSkNw\/VVnvXDqGPDI\/AAAAAAAAEYI\/wqrHkO4y_c0\/s1600\/augusto-sandino-2-239x150.jpg\" style=\"clear: left;float: left;margin-bottom: 1em;margin-right: 1em\"><img decoding=\"async\" border=\"0\" src=\"http:\/\/4.bp.blogspot.com\/-riVMgvWSkNw\/VVnvXDqGPDI\/AAAAAAAAEYI\/wqrHkO4y_c0\/s1600\/augusto-sandino-2-239x150.jpg\" \/><\/a><\/div>\n<p><em><span style=\"font-family: Verdana, sans-serif\">Augusto C\u00e9sar Sandino<\/span><\/em><br \/><em><span style=\"font-family: Verdana, sans-serif\"><br \/>\u00abNosotros iremos hacia el sol de la libertad o hacia la muerte; y si morimos, nuestra causa seguir\u00e1 viviendo. Otros nos seguir\u00e1n.\u00bb <\/p>\n<p>\u00abEn uno de aquellos d\u00edas manifest\u00e9 a mis amigos que si en Nicaragua hubieran cien hombres que la amaran tanto como yo, nuestra naci\u00f3n restaurar\u00eda su soberan\u00eda absoluta, puesta en peligro por el mismo imperialismo yanqui. Mis amigos me contestaron que posiblemente habr\u00eda en Nicaragua ese n\u00famero de hombres, o m\u00e1s&#8230;\u00bb <\/span><span style=\"font-family: Arial\"><span style=\"font-size: x-small\">\u00ab<\/span><\/span><\/em><span style=\"font-family: Verdana, sans-serif\"><em>Son traidores a la Patria: Todo nicarag\u00fcense que con miras pol\u00edticas trafique con la honra de la naci\u00f3n, solicitando apoyo oficial de los invasores de la patria, as\u00ed como el gobierno de la Casa Blanca&#8230; El que prestare ayuda a los invasores y traidores para asesinar a los patriotas nicarag\u00fcenses que est\u00e1n defendiendo la soberan\u00eda nacional.\u00bb<\/em><\/span><br \/><a name='more'><\/a><span style=\"font-family: Verdana, sans-serif\">Naci\u00f3 en el 18 de mayo de 1895 en Niquinohomo, departamento de Masaya. Su madre fue una humilde campesina llamada Margarita Calder\u00f3n, que se desempe\u00f1aba como dom\u00e9stica y obrera agr\u00edcola; su padre fue Gregorio Sandino, un mediano propietario, productor agr\u00edcola.&nbsp;<\/span><br \/><span style=\"font-family: Verdana, sans-serif\"><br \/>Su infancia transcurri\u00f3 al lado de su madre; ah\u00ed conoci\u00f3 y sufri\u00f3 toda clase de miserias y privaciones. A los once a\u00f1os pas\u00f3 a vivir a casa de su padre. <\/p>\n<p>\u00abMi mayor honra es surgir del seno de los oprimidos, que son el alma y nervio de la raza.\u00bb <\/p>\n<p>En plena adolescencia Sandino fue testigo de la primera gran intervenci\u00f3n militar del imperialismo norteamericano en Nicaragua que culmin\u00f3 con el asesinato del general Benjam\u00edn Zeled\u00f3n. <\/p>\n<p>\u00abEra yo un muchacho de 17 a\u00f1os y presenci\u00e9 el destace de nicarag\u00fcenses en Masaya y otros lugares de la Rep\u00fablica, por las fuerzas filibusteras norteamericanas. Personalmente mir\u00e9 el cad\u00e1ver de Benjam\u00edn Zeled\u00f3n, quien fue sepultado en Catarina, pueblo vecino al m\u00edo. La muerte de Zeled\u00f3n me dio la clave de nuestra situaci\u00f3n nacional frente al filibusterismo norteamericano; por esa raz\u00f3n, la guerra en que hemos estado empe\u00f1ados, la consideramos una continuaci\u00f3n de aquella.\u00bb <\/p>\n<p>A la edad de 20 a\u00f1os Sandino deja la casa de su padre para buscar la manera de hacer su vida por s\u00ed mismo, y as\u00ed recorre haciendas y plantaciones trabajando como ayudante de mec\u00e1nica, volviendo m\u00e1s tarde a Niquinohomo para dedicarse al comercio de granos. Posteriormente, Sandino sale hacia Honduras, emple\u00e1ndose en La Ceiba como guardalmac\u00e9n del Ingenio Montecristo, propiedad de la Honduras Sugar and Distilling Company. <\/p>\n<p>En el a\u00f1o 1923 deja Honduras y llega a Guatemala, donde se coloca en las plantaciones de la United Fruti Company en Quirigu\u00e1; ese mismo a\u00f1o sigue su viaje hacia M\u00e9xico, donde comienza a trabajar en Tampico para la South Pennsylvania Oil Company. En 1925 pasa al campamento de la Huasteca Petroleum Company, en Cerro Azul, estado de Veracruz, donde permanece hasta su regreso a Nicaragua en junio de 1926. <\/span><a href=\"http:\/\/www.mediafire.com\/?858jcg92b5g1cws\"><span style=\"font-family: Verdana, sans-serif\"><img decoding=\"async\" border=\"0\" src=\"http:\/\/www.elortiba.org\/banners\/gigante7leguas.jpg\" \/><\/span><\/a><br \/><span style=\"font-family: Verdana, sans-serif\">Prontuario ilustrado de las agresiones de EE UU contra los pueblos de nuestra Am\u00e9rica. Clic para descargar<\/p>\n<p>Estando en M\u00e9xico, Sandino se vincula con l\u00edderes sindicales, obreros, militantes socialistas, anarquistas y masones. Es ah\u00ed donde conoce las luchas sindicales, la agresi\u00f3n yanqui contra M\u00e9xico por el control de los yacimientos petroleros, de la propia Revoluci\u00f3n Mexicana y, en fin, del progreso de las luchas de la clase trabajadora. <\/p>\n<p>\u00ab&#8230;en vista de los abusos de Norteam\u00e9rica en Nicaragua, part\u00ed de Tampico, M\u00e9xico, el 18 de mayo de 1926 -en donde me encontraba prestando mis servicios materiales a la compa\u00f1\u00eda yanqui- para ingresar al Ej\u00e9rcito Constitucionalista de Nicaragua, que combat\u00eda contra el r\u00e9gimen impuesto por los banqueros yanquis en nuestra rep\u00fablica.\u00bb <\/p>\n<p>A su regreso a Nicaragua, el pa\u00eds se encontraba sacudido por una guerra civil, llamada Constitucionalista, resultado de la lucha entre los liberales y conservadores por el control del poder pol\u00edtico. En esta guerra, los conservadores, una vez m\u00e1s, hab\u00edan solicitado la intervenci\u00f3n yanqui para mantenerse en el poder. <\/p>\n<p>Dentro de \u00e9sta guerra, Sandino aparece como una nueva fuerza que representa las aspiraciones populares contra la dominaci\u00f3n que casi dos d\u00e9cadas hab\u00eda ejercido el imperialismo norteamericano en Nicaragua. <\/p>\n<p>ACUERDO SOBRE LOS TRAIDORES DE LA PATRIA<\/p>\n<p>\u00abSon traidores a la Patria: Todo nicarag\u00fcense que con miras pol\u00edticas trafique con la honra de la naci\u00f3n, solicitando apoyo oficial de los invasores de la patria, as\u00ed como el gobierno de la Casa Blanca&#8230; El que prestare ayuda a los invasores y traidores para asesinar a los patriotas nicarag\u00fcenses que est\u00e1n defendiendo la soberan\u00eda nacional.\u00bb <\/p>\n<p>Ya en Nicaragua, se emplea en el mineral de San Albino en donde logra constituir, con algunos mineros, la primera c\u00e9lula sandinista con la que dar\u00eda inicio a su propia batalla dentro de la Guerra Constitucionalista. <\/p>\n<p>El primer combate se da en El J\u00edcaro. La falta de experiencia de la columna sandinista, la escasez y p\u00e9sima calidad de las armas har\u00edan que sufrieran una derrota, pero aquella p\u00e9rdida s\u00f3lo servir\u00eda para reafirmar su vocaci\u00f3n de lucha. <\/p>\n<p>Posteriormente, Sandino reagrupa a su gente y, despu\u00e9s de dejarla bajo seguro en el cerro El Chipote, se dirige con unos pocos hombres hacia la Costa Atl\u00e1ntica donde estaba el grueso de las tropas liberales, viajando en pipantes sobre el R\u00edo Coco, en medio de la selva, en una traves\u00eda de muchos d\u00edas y de muchas penalidades que no pod\u00eda realizarse sin la ayuda de los ind\u00edgenas zambos y misquitos que pueblan la zona. Soldados sandinistas durante la guerra, esos ind\u00edgenas formar\u00edan una eficiente aunque primitiva marina de guerra con pipantes, llevando por el r\u00edo guerrilleros, municiones y alimentos. <\/p>\n<p>El 14 de mayo de 1927, el imperialismo norteamericano puso fin a la Guerra Constitucionalista, haciendo que liberales y conservadores firmaran el pacto de El Espino Negro, donde se plantea el desarme general, la creaci\u00f3n de la Guardia nacional (GN) y la supervisi\u00f3n de las elecciones por parte de los marines, termin\u00e1ndose as\u00ed con las hostilidades. <\/p>\n<p>Sandino es el \u00fanico de los generales que rechaza la imposici\u00f3n yanqui y decide continuar la lucha hasta expulsar a los marines, teniendo que enfrentarse a traidores e invasores, en una larga lucha de liberaci\u00f3n nacional. <\/p>\n<p>\u00abYa en el teatro de los acontecimientos me encontr\u00e9 con que los dirigentes pol\u00edticos, conservadores y liberales son una bola de canallas, cobardes y traidores, incapaces de poder dirigir a un pueblo patriota y valeroso.\u00bb <\/span><\/p>\n<p><span style=\"font-family: Verdana, sans-serif\">El 1ro. De julio de 1927, Sandino lanza su primer manifiesto: <\/p>\n<p>\u00abA los nicarag\u00fcenses, a los Centroamericanos, a la Raza Indohispana. &#8230;ante la patria y ante la Historia, juro que mi espada defender\u00e1<br \/>\n el decoro nacional y dar\u00e1 la redenci\u00f3n a los oprimidos. Acepto el reto del cobarde coloso invasor y de los traidores a la Patria. Nuestros pechos ser\u00e1n murallas donde se estrellen sus hordas, pues tengo la firme convicci\u00f3n de que cuando hallan matado al \u00faltimo de mis soldados, m\u00e1s de un batall\u00f3n de los de ellos habr\u00e1 mordido el polvo de mis agrestes monta\u00f1as.\u00bb <\/p>\n<p>El d\u00eda 16 de julio de 1927, Sandino atac\u00f3 la ciudad de Ocotal, en el departamento de Nueva Segovia, protegida por una guarnici\u00f3n de marines; con aquella batalla, que dur\u00f3 desde las horas del amanecer hasta la tarde, el mundo sab\u00eda que la guerra de liberaci\u00f3n hab\u00eda comenzado. <\/p>\n<p>\u00abCuando muri\u00f3 (Coronel Rufo Mar\u00edn), era jefe de mi Estado Mayor, pero sin grado oficial, porque apenas est\u00e1bamos comenzando. Muri\u00f3 en la primera batalla que tuvimos en el Ocotal, peleando como un le\u00f3n, al frente de su columna, en el asalto al cuartel de los marinos, el 16 de julio de 1927. Fue mi primer brazo derecho y gran alentador. Lo sent\u00ed inmensa y fraternalmente.\u00bb <\/p>\n<p>El d\u00eda 2 de septiembre de 1927, Sandino y sus hombres suscriben el documento oficial de constituci\u00f3n del Ej\u00e9rcito Defensor de la Soberan\u00eda Nacional de Nicaragua. <\/p>\n<p>El n\u00famero de efectivos del Ej\u00e9rcito Defensor vari\u00f3, de entre 2000 a 6000 soldados que lleg\u00f3 a tener en la \u00e9poca de expansi\u00f3n m\u00e1s grande de sus operaciones, en 1930-1932. Sus columnas estaban bajo el mando cada una de un general, y cada una ten\u00eda a su cargo un \u00e1rea territorial de operaciones militares, organizaci\u00f3n civil y paramilitar, recolecci\u00f3n de impuestos, lo mismo que para la organizaci\u00f3n de la producci\u00f3n agr\u00edcola. <\/p>\n<p>En esas \u00e1reas llegaron a funcionar escuelas de primeras letras para los soldados y los campesinos. En los cuarteles de la monta\u00f1a hab\u00eda tambi\u00e9n ni\u00f1os hu\u00e9rfanos de guerra, que se les conoc\u00eda como el \u00abCoro de Angeles\u00bb. Asist\u00edan a las emboscadas, y su papel consist\u00eda en dar gritos, vivas y hacer toda clase de ruidos, dando unas veces la impresi\u00f3n de que el n\u00famero de sandinistas era mayor, y otras, que llegaban refuerzos. Estos ni\u00f1os, cuando crec\u00edan, llegaban a ser soldados regulares y deb\u00edan conquistar su propio fusil, como el caso del coronel Santos L\u00f3pez. <\/p>\n<p>\u00abNuestro ej\u00e9rcito es el m\u00e1s disciplinado, abnegado y desinteresado en todo el mundo terrestre, porque tiene conciencia de su alto papel hist\u00f3rico.\u00bb <\/p>\n<p>\u00abNuestro ej\u00e9rcito, por la magnitud de su lucha, constituye una autoridad moral continental.\u00bb <\/p>\n<p>Combatientes internacionalistas acudieron al llamado de la lucha antiimperialista de Nicaragua; intelectuales, estudiantes y obreros llegaban de distintos puntos de Am\u00e9rica Latina hasta Las Segovias a prestar servicio militar; los hubo de M\u00e9xico, El Salvador, Guatemala, Costa Rica, Republica Dominicana, Venezuela, Colombia, Honduras. Algunos como soldados de l\u00ednea, otros sirvieron en el Estado Mayor como secretarios de Sandino; varios all\u00ed murieron. <\/p>\n<p>\u00abEl amor a mi patria lo he puesto sobre todos los amores y t\u00fa debes convencerte que para ser feliz conmigo, es menester que el sol de la libertad brille en nuestras frentes.\u00bb Carta de Sandino a Blanca Ar\u00e1uz. <\/p>\n<p>\u00abLos actos de hero\u00edsmo de las mujeres que colaboraron en el ej\u00e9rcito, no s\u00f3lo son much\u00edsimos, sino que adem\u00e1s las mayor\u00eda requieren largas historias para explicar los sacrificios que sufrieron y los peligros que enfrentaron por amor a la patria y todas, campesinas, maestras de escuelas, enfermeras, amas de casa y a\u00fan se\u00f1oritas de sociedad, rindieron servicios sin los cuales nuestra guerra no habr\u00eda sido posible.\u00bb <\/p>\n<p>Para hacer frente a aquellas perspectivas de una guerra larga, Sandino sabe que necesitar\u00e1 mucho mas recursos de los que tiene, ya que sus armas son los pocos rifles anticuados de la pasada guerra civil, o los que se recuperan a los marines en las emboscadas y combates. <\/p>\n<p>Por eso decide, en enero de 1929, escribir al presidente de M\u00e9xico, Emilio Portes Gil, pidi\u00e9ndole la autorizaci\u00f3n de viajar hacia all\u00e1, llevando en mente buscar personalmente la ayuda que necesita, ya que los comit\u00e9s m\u00e1s entusiastas de apoyo a la lucha est\u00e1n en M\u00e9xico. <\/span><span style=\"font-family: Verdana, sans-serif\">En mayo de 1929, Sandino sale hacia Honduras en viaje a M\u00e9xico, arribando en 28 de junio al puerto de Veracruz, donde es recibido por una miltitud. Va acompa\u00f1ado por sus lugartenientes que pertenecen a las brigadas internacionalistas: Farabundo Mart\u00ed, Rub\u00e9n Ardila G\u00f3mez, Jos\u00e9 de Paredes, Gregorio Gilbert. All\u00ed se les juntar\u00eda tambi\u00e9n su hermano S\u00f3crates, quien llegaba de Estados Unidos, donde hab\u00eda participado en los mitines sandinistas en Nueva York. <\/p>\n<p>Sandino defini\u00f3 as\u00ed el car\u00e1cter de su lucha: <\/p>\n<p>\u00abEste movimiento es nacional y antimperialista. Mantenemos la bandera de libertad para Nicaragua y para toda Hispanoam\u00e9rica. Por lo dem\u00e1s en el terreno social, este movimiento es popular&#8230;\u00bb <\/p>\n<p>Durante el per\u00edodo de 1927 a 1932, Sandino y el Ej\u00e9rcito Defensor de la Soberan\u00eda Nacional de Nicaragua libraron m\u00e1s de 500 heroicos combates. <\/p>\n<p>\u00abDe esta manera sangrienta, han sido una vez m\u00e1s castigados los asesinos extra\u00f1os y los patricidas que durante tanto tiempo han humillado la soberan\u00eda de amada Nicaragua.\u00bb <\/p>\n<p>Despu\u00e9s de haber derrotado la intervenci\u00f3n militar norteamericana y dadas las condiciones internas e internacionales que exist\u00edan, Sandino decide el 2 de febrero de 1933 firmar un Convenio de Paz con el presidente Sacasa, sin que esto significara que hubiera abandonado su programa de lucha. <\/p>\n<p>\u00abLa paz se firm\u00f3 para evitar el regreso de la intervenci\u00f3n armada que apenas estaba detr\u00e1s de la puerta, esperando regresar antes de un a\u00f1o&#8230; Ese es el secreto por el cual no salgo del Norte, para estar pendiente de todos los momentos en que se presente la oportunidad de restaurar tambi\u00e9n nuestra independencia pol\u00edtica-econ\u00f3mica.\u00bb <\/p>\n<p>Despu\u00e9s de firmado el convenio, Sandino viaja varias veces a Managua a entrevistarse con Sacasa para discutir las violaciones que ha dicho convenio hac\u00eda la Guardia Nacional, asesinando y persiguiendo a los miembros del Ej\u00e9rcito Defensor de la Soberan\u00eda Nacional de Nicaragua. <\/p>\n<p>La noche del 21 de febrero de 1934, cuando Sandino regresaba de la casa presidencial, despu\u00e9s de haber hablado con el presidente Sacasa, es detenido frente al cuartel del Campo de Marte por una patrulla de la Guardia Nacional. Don Gregorio Sandino y Sofon\u00edas Salvatierra son conducidos a prisi\u00f3n, mientras que los generales Sandino, Estrada y Umanzor son llevados al lugar de su ejecuci\u00f3n, siendo fr\u00edamente asesinados a los pocos minutos. La orden del imperialismo y del jefe director de la GN, Anastasio Somoza Garc\u00eda, hab\u00eda sido cumplida. <\/p>\n<p>Aquellos que creyeron que con el asesinato de Sandino perec\u00eda una l\u00ednea pol\u00edtica, militar e ideol\u00f3gica, estaban equivocados; el sandinismo se hallaba arraigado en la conciencia de nuestro pueblo, buscando completar la obra iniciada por el Padre de la Revoluci\u00f3n Popular y Antiimperialista. Es as\u00ed como surge el Frente Sandinista de Liberaci\u00f3n Nacional, FSLN, heredero y continuador del programa popular y antiimperialista del general Sandino. <\/p>\n<p><span style=\"color: blue\">Fuente: Congreso Bolivariano de los Pueblos, Producci\u00f3n Riachuelo<\/span><\/span><\/p>\n<div align=\"left\"><\/div>\n","protected":false},"excerpt":{"rendered":"<p>UN GRANDE DE LA HISTORIA DE NUESTRAM\u00c9RICA Augusto C\u00e9sar Sandino\u00abNosotros iremos hacia el sol de la libertad o hacia la muerte; y si morimos, nuestra causa seguir\u00e1 viviendo. Otros nos seguir\u00e1n.\u00bb \u00abEn uno de aquellos d\u00edas manifest\u00e9 a mis amigos que si en Nicaragua hubieran cien hombres que la amaran tanto como yo, nuestra naci\u00f3n [&hellip;]<\/p>\n","protected":false},"author":4,"featured_media":0,"comment_status":"open","ping_status":"open","sticky":false,"template":"","format":"standard","meta":{"_monsterinsights_skip_tracking":false,"_monsterinsights_sitenote_active":false,"_monsterinsights_sitenote_note":"","_monsterinsights_sitenote_category":0,"jnews-multi-image_gallery":[],"jnews_single_post":{"format":"standard"},"jnews_primary_category":[],"_joinchat":[],"footnotes":""},"categories":[58],"tags":[70,72],"class_list":["post-440","post","type-post","status-publish","format-standard","hentry","category-noticiariachuelo","tag-de-la-patria-grande","tag-historia-de-la-lucha-de-los-pueblos"],"_links":{"self":[{"href":"http:\/\/fmriachuelo.it10.com.ar\/index.php\/wp-json\/wp\/v2\/posts\/440","targetHints":{"allow":["GET"]}}],"collection":[{"href":"http:\/\/fmriachuelo.it10.com.ar\/index.php\/wp-json\/wp\/v2\/posts"}],"about":[{"href":"http:\/\/fmriachuelo.it10.com.ar\/index.php\/wp-json\/wp\/v2\/types\/post"}],"author":[{"embeddable":true,"href":"http:\/\/fmriachuelo.it10.com.ar\/index.php\/wp-json\/wp\/v2\/users\/4"}],"replies":[{"embeddable":true,"href":"http:\/\/fmriachuelo.it10.com.ar\/index.php\/wp-json\/wp\/v2\/comments?post=440"}],"version-history":[{"count":1,"href":"http:\/\/fmriachuelo.it10.com.ar\/index.php\/wp-json\/wp\/v2\/posts\/440\/revisions"}],"predecessor-version":[{"id":23435,"href":"http:\/\/fmriachuelo.it10.com.ar\/index.php\/wp-json\/wp\/v2\/posts\/440\/revisions\/23435"}],"wp:attachment":[{"href":"http:\/\/fmriachuelo.it10.com.ar\/index.php\/wp-json\/wp\/v2\/media?parent=440"}],"wp:term":[{"taxonomy":"category","embeddable":true,"href":"http:\/\/fmriachuelo.it10.com.ar\/index.php\/wp-json\/wp\/v2\/categories?post=440"},{"taxonomy":"post_tag","embeddable":true,"href":"http:\/\/fmriachuelo.it10.com.ar\/index.php\/wp-json\/wp\/v2\/tags?post=440"}],"curies":[{"name":"wp","href":"https:\/\/api.w.org\/{rel}","templated":true}]}}