{"id":4377,"date":"2017-05-02T00:03:50","date_gmt":"2017-05-02T00:03:50","guid":{"rendered":"http:\/\/fmriachuelo.com.ar\/ljkjklj\/?p=4377"},"modified":"2017-05-02T00:03:50","modified_gmt":"2017-05-02T00:03:50","slug":"1o-de-mayo-trabajadores-de-la-economia-popular-se-movilizan-por-techo-tierra-y-trabajo","status":"publish","type":"post","link":"http:\/\/fmriachuelo.it10.com.ar\/index.php\/2017\/05\/02\/1o-de-mayo-trabajadores-de-la-economia-popular-se-movilizan-por-techo-tierra-y-trabajo\/","title":{"rendered":"1\u00ba DE MAYO, TRABAJADORES DE LA ECONOM\u00cdA POPULAR SE MOVILIZAN POR TECHO, TIERRA Y TRABAJO"},"content":{"rendered":"<p>[FM Riachuelo 1\/05\/2017] Este 1\u00ba de mayo las organizaciones de la econom\u00eda popular, nucleadas en la CTEP, Barrios de Pie, Corriente Clasista y Combativa y el Frente Popular Dar\u00edo Santill\u00e1n se reunieron en una asamblea de delegados que se realiz\u00f3 en el Teatro Verdi. Luego\u00a0una multitudinaria marcha hasta el monumento al Trabajo bajo la consigna: <strong>Techo, Tierra y Trabajo<\/strong>, que finaliz\u00f3 con un\u00a0acto central donde las y los principales referentes de las organizaciones participantes tomaron la palabra para dirigirse a los miles de trabajadores y trabajadoras presentes.<\/p>\n<p>Escuch\u00e1 la cobertura de FM Riachuelo, con las principales voces de esta jornada:<\/p>\n<p>En las instalaciones del hist\u00f3rico Teatro Verdi, lugar emblem\u00e1tico donde se fund\u00f3 \u00a0la Confederaci\u00f3n de Trabajadores de la Econom\u00eda Popular, CTEP, se realiz\u00f3 la asamblea de delegados de las diferentes expresiones de las y los trabajadores de la \u00a0CTEP, Barrios de Pie, Corriente Clasista y Combativa y Frente Popular Dar\u00edo Santill\u00e1n. Tambi\u00e9n sumaron su presencia los secretarios gremiales:\u00a0Hugo Cachorro Godoy (ATE) Roberto Baradell (SUTEBA) e hizo llegar su adhesi\u00f3n a la asamblea Juan Carlos Smith de la mesa de conducci\u00f3n de la CGT, en un gesto de reconocimiento a las y los trabajadores que all\u00ed se encontraban. \u00a0\u00a0Ese c\u00f3nclave fue la oportunidad para que delegados y delegadas, \u00a0que llegaron desde distintas latitudes, \u00a0fueran expresando sus necesidades, las situaciones que atraviesan y como construyen frente a las pol\u00edticas p\u00fablicas que implementa el gobierno nacional.<\/p>\n<p>Cada una de las diferentes y diversas\u00a0expresiones de la econom\u00eda popular, hicieron escuchar sus voces para compartir las dif\u00edciles condiciones que afectan a la clase trabajadora en su conjunto, y \u00a0con mayor intensidad a las y los trabajadores de la econom\u00eda popular, que sufren la persecusi\u00f3n y la vulneraci\u00f3n de todos sus derechos m\u00e1s elementales. Tambi\u00e9n mereci\u00f3 una menci\u00f3n especial, de gran parte de los presentes, la grave situaci\u00f3n de persecusi\u00f3n y criminalizaci\u00f3n de la protesta que recae sobre el militante Lito Borello, Secretario de DDHH de la CTEP.<\/p>\n\n<p>Una asamblea que al finalizar di\u00f3\u00a0comienzo a una movilizaci\u00f3n que se sum\u00f3 a los miles de trabajadores y trabajadoras que aguardaban\u00a0en el Parque Lezama para caminar con sus banderas hasta el monumento \u00abCanto al Trabajo\u00bb, en Av. Paseo Col\u00f3n y Av. Independencia, donde se emplaz\u00f3 un escenario para darle cierre a una masiva movilizaci\u00f3n de la econom\u00eda popular organizada. Otra hist\u00f3rica jornada de movilizaci\u00f3n por el d\u00eda del trabajo que finaliz\u00f3 con las palabras de: Dina Sanchez (FPDS) Esteban Gringo Castro (CTEP) Daniel Menendez (Barrios de Pie) Juan Carlos Alderete (CCC). Esteban Gringo Castro, como secretario general de la CTEP, sintentiz\u00f3 una expresi\u00f3n que fue parte del sentir compartido: <strong>\u00abAc\u00e1 estamos nosotros, 50 mil trabajadores y trabajadoras diciendo que no nos vamos de la calle, para pelear por nuestros derechos\u00bb&#8230;<\/strong><\/p>\n\n<p>&nbsp;<\/p>\n","protected":false},"excerpt":{"rendered":"<p>[FM Riachuelo 1\/05\/2017] Este 1\u00ba de mayo las organizaciones de la econom\u00eda popular, nucleadas en la CTEP, Barrios de Pie, Corriente Clasista y Combativa y el Frente Popular Dar\u00edo Santill\u00e1n se reunieron en una asamblea de delegados que se realiz\u00f3 en el Teatro Verdi. Luego\u00a0una multitudinaria marcha hasta el monumento al Trabajo bajo la consigna: [&hellip;]<\/p>\n","protected":false},"author":4,"featured_media":4379,"comment_status":"open","ping_status":"open","sticky":false,"template":"","format":"standard","meta":{"_monsterinsights_skip_tracking":false,"_monsterinsights_sitenote_active":false,"_monsterinsights_sitenote_note":"","_monsterinsights_sitenote_category":0,"jnews-multi-image_gallery":[],"jnews_single_post":[],"jnews_primary_category":[],"_joinchat":[],"footnotes":""},"categories":[78,76,75],"tags":[64,72],"class_list":["post-4377","post","type-post","status-publish","format-standard","has-post-thumbnail","hentry","category-economia-popular","category-salud-comunitaria","category-trabajo","tag-economia-popular","tag-historia-de-la-lucha-de-los-pueblos"],"_links":{"self":[{"href":"http:\/\/fmriachuelo.it10.com.ar\/index.php\/wp-json\/wp\/v2\/posts\/4377","targetHints":{"allow":["GET"]}}],"collection":[{"href":"http:\/\/fmriachuelo.it10.com.ar\/index.php\/wp-json\/wp\/v2\/posts"}],"about":[{"href":"http:\/\/fmriachuelo.it10.com.ar\/index.php\/wp-json\/wp\/v2\/types\/post"}],"author":[{"embeddable":true,"href":"http:\/\/fmriachuelo.it10.com.ar\/index.php\/wp-json\/wp\/v2\/users\/4"}],"replies":[{"embeddable":true,"href":"http:\/\/fmriachuelo.it10.com.ar\/index.php\/wp-json\/wp\/v2\/comments?post=4377"}],"version-history":[{"count":0,"href":"http:\/\/fmriachuelo.it10.com.ar\/index.php\/wp-json\/wp\/v2\/posts\/4377\/revisions"}],"wp:featuredmedia":[{"embeddable":true,"href":"http:\/\/fmriachuelo.it10.com.ar\/index.php\/wp-json\/"}],"wp:attachment":[{"href":"http:\/\/fmriachuelo.it10.com.ar\/index.php\/wp-json\/wp\/v2\/media?parent=4377"}],"wp:term":[{"taxonomy":"category","embeddable":true,"href":"http:\/\/fmriachuelo.it10.com.ar\/index.php\/wp-json\/wp\/v2\/categories?post=4377"},{"taxonomy":"post_tag","embeddable":true,"href":"http:\/\/fmriachuelo.it10.com.ar\/index.php\/wp-json\/wp\/v2\/tags?post=4377"}],"curies":[{"name":"wp","href":"https:\/\/api.w.org\/{rel}","templated":true}]}}