{"id":437,"date":"2015-05-19T23:49:00","date_gmt":"2015-05-19T23:49:00","guid":{"rendered":"http:\/\/fmriachuelo.observatorioess.org.ar\/index.php\/2015\/05\/19\/santa-fe-paro-y-piquetes-de-trabajadores-aceiteros\/"},"modified":"2025-03-31T12:40:05","modified_gmt":"2025-03-31T15:40:05","slug":"santa-fe-paro-y-piquetes-de-trabajadores-aceiteros","status":"publish","type":"post","link":"http:\/\/fmriachuelo.it10.com.ar\/index.php\/2015\/05\/19\/santa-fe-paro-y-piquetes-de-trabajadores-aceiteros\/","title":{"rendered":"SANTA FE: PARO Y PIQUETES  DE TRABAJADORES ACEITEROS"},"content":{"rendered":"<div style=\"clear: both;text-align: justify\"><span style=\"color: red;font-family: Verdana, sans-serif;font-size: large\"><strong>Los aceiteros copan San Lorenzo y realizan cuatro cortes sobre <\/strong><\/span><strong><span style=\"font-family: Verdana, sans-serif;font-size: small\"><span style=\"color: red\"><span style=\"font-size: large\">la ruta 11<\/span> <\/span><\/span><\/strong><\/div>\n<div style=\"clear: both;text-align: justify\"><strong><span style=\"font-family: Verdana, sans-serif;font-size: small\">Desde las 6 de la ma\u00f1ana los trabajadores llevan adelante cuatro piquetes. Reclaman un incremento salarial y desmienten que la protesta provoque desabastecimiento de aceite en las g\u00f3ndolas.<\/span><\/strong><\/div>\n<div style=\"clear: both;text-align: justify\"><a href=\"http:\/\/3.bp.blogspot.com\/-4qvnTviwpAA\/VVvK_XfDQ0I\/AAAAAAAAEY8\/OjYZk1oVed4\/s1600\/utt%2Brosario.jpg\" style=\"clear: left;float: left;margin-bottom: 1em;margin-right: 1em\"><\/a><a href=\"http:\/\/3.bp.blogspot.com\/-4qvnTviwpAA\/VVvK_XfDQ0I\/AAAAAAAAEY8\/OjYZk1oVed4\/s1600\/utt%2Brosario.jpg\" style=\"clear: left;float: left;margin-bottom: 1em;margin-right: 1em\"><img loading=\"lazy\" decoding=\"async\" border=\"0\" height=\"239\" src=\"http:\/\/3.bp.blogspot.com\/-4qvnTviwpAA\/VVvK_XfDQ0I\/AAAAAAAAEY8\/OjYZk1oVed4\/s320\/utt%2Brosario.jpg\" width=\"320\" \/><\/a><\/div>\n<p><\/p>\n<div style=\"text-align: justify\">&nbsp;<\/div>\n<div style=\"text-align: justify\"><span style=\"font-family: Verdana, sans-serif\">La Federaci\u00f3n de Trabajadores del Complejo Industrial Oleaginoso realiza desde las 6 un piquete en los accesos a San Lorenzo, donde a las 10 realizar\u00e1n un acto. La movida es en el marco de un paro nacional del sector que ya lleva dos semanas, en reclamo de un incremento salarial. Por la tarde tendr\u00e1n una nueva audiencia de conciliaci\u00f3n en el Ministerio de Trabajo.<\/p>\n<p>Desde muy temprano, una nutrida delegaci\u00f3n de aceiteros de la regi\u00f3n, junto con la CGT San Lorenzo, cort\u00f3 los accesos a la ciudad. Los piquetes, que no afectan el paso del tr\u00e1nsito liviano y el transporte de pasajeros, se desarrolla en cuatro puntos de la ruta 11: a la altura del puente `del r\u00edo Carcara\u00f1a, en el cruce con la ruta 10, en el cruce con la avenida Urquiza (San Lorenzo), y en el cruce con la A012.<br \/> <\/span><br \/><a name='more'><\/a><span style=\"font-family: Verdana, sans-serif\"><br \/>Tras 14 d\u00edas de huelga nacional, para las 16 est\u00e1 prevista una nueva audiencia en el Ministerio de Trabajo.<\/p>\n<p>Daniel Yofra, secretario general de la Federaci\u00f3n de Aceiteros, dijo que el escenario es \u00bb de profundizaci\u00f3n, porque el Ministerio sigue convocando a la cartera laboral y no quiere que cerremos en m\u00e1s de un 30 (por ciento de aumento)\u00bb.<\/p>\n<p>\u00abNo s\u00e9 que sentido tiene que sigamos yendo ah\u00ed, pero veremos hoy a las 16 qu\u00e9 es lo que pasa\u00bb, apunt\u00f3 Yofra, para quien \u00ablas patronales nunca quisieron dar aumentos que nos corresponden, pero seguiremos peleando\u00bb. A nivel nacional estim\u00f3 que son cerca de 20 mil los trabajadores del sector.<\/p>\n<p>Asimismo, Yofra desminti\u00f3 que el paro pueda provocar desabastecimiento de aceite en las g\u00f3ndolas de los supermercados. \u00abEso no es verdad, quieren tener el motivo para declararnos la ley de desabastecimiento, nada m\u00e1s. Pero no hay nada porque la planta de General Deheza no est\u00e1 parada, nunca par\u00f3\u00bb, afirm\u00f3 Yofra.<\/span><\/p>\n<div>&nbsp;<\/div>\n<div style=\"clear: both;text-align: justify\"><span style=\"color: blue;font-family: Verdana, sans-serif\">Fuente: Utt, Producci\u00f3n Riachuelo<\/span><\/div>\n<\/div>\n","protected":false},"excerpt":{"rendered":"<p>Los aceiteros copan San Lorenzo y realizan cuatro cortes sobre la ruta 11 Desde las 6 de la ma\u00f1ana los trabajadores llevan adelante cuatro piquetes. Reclaman un incremento salarial y desmienten que la protesta provoque desabastecimiento de aceite en las g\u00f3ndolas. &nbsp; La Federaci\u00f3n de Trabajadores del Complejo Industrial Oleaginoso realiza desde las 6 un [&hellip;]<\/p>\n","protected":false},"author":4,"featured_media":0,"comment_status":"open","ping_status":"open","sticky":false,"template":"","format":"standard","meta":{"_monsterinsights_skip_tracking":false,"_monsterinsights_sitenote_active":false,"_monsterinsights_sitenote_note":"","_monsterinsights_sitenote_category":0,"jnews-multi-image_gallery":[],"jnews_single_post":{"format":"standard"},"jnews_primary_category":[],"_joinchat":[],"footnotes":""},"categories":[58],"tags":[122,148],"class_list":["post-437","post","type-post","status-publish","format-standard","hentry","category-noticiariachuelo","tag-derecho-a-la-protesta-social","tag-trabajo"],"_links":{"self":[{"href":"http:\/\/fmriachuelo.it10.com.ar\/index.php\/wp-json\/wp\/v2\/posts\/437","targetHints":{"allow":["GET"]}}],"collection":[{"href":"http:\/\/fmriachuelo.it10.com.ar\/index.php\/wp-json\/wp\/v2\/posts"}],"about":[{"href":"http:\/\/fmriachuelo.it10.com.ar\/index.php\/wp-json\/wp\/v2\/types\/post"}],"author":[{"embeddable":true,"href":"http:\/\/fmriachuelo.it10.com.ar\/index.php\/wp-json\/wp\/v2\/users\/4"}],"replies":[{"embeddable":true,"href":"http:\/\/fmriachuelo.it10.com.ar\/index.php\/wp-json\/wp\/v2\/comments?post=437"}],"version-history":[{"count":1,"href":"http:\/\/fmriachuelo.it10.com.ar\/index.php\/wp-json\/wp\/v2\/posts\/437\/revisions"}],"predecessor-version":[{"id":23440,"href":"http:\/\/fmriachuelo.it10.com.ar\/index.php\/wp-json\/wp\/v2\/posts\/437\/revisions\/23440"}],"wp:attachment":[{"href":"http:\/\/fmriachuelo.it10.com.ar\/index.php\/wp-json\/wp\/v2\/media?parent=437"}],"wp:term":[{"taxonomy":"category","embeddable":true,"href":"http:\/\/fmriachuelo.it10.com.ar\/index.php\/wp-json\/wp\/v2\/categories?post=437"},{"taxonomy":"post_tag","embeddable":true,"href":"http:\/\/fmriachuelo.it10.com.ar\/index.php\/wp-json\/wp\/v2\/tags?post=437"}],"curies":[{"name":"wp","href":"https:\/\/api.w.org\/{rel}","templated":true}]}}