{"id":4366,"date":"2017-04-27T13:29:24","date_gmt":"2017-04-27T13:29:24","guid":{"rendered":"http:\/\/fmriachuelo.com.ar\/ljkjklj\/?p=4366"},"modified":"2017-04-27T13:29:24","modified_gmt":"2017-04-27T13:29:24","slug":"tiempo-argentino-un-ano-de-fundacion-de-un-modo-de-comunicacion-autogestiva","status":"publish","type":"post","link":"http:\/\/fmriachuelo.it10.com.ar\/index.php\/2017\/04\/27\/tiempo-argentino-un-ano-de-fundacion-de-un-modo-de-comunicacion-autogestiva\/","title":{"rendered":"TIEMPO ARGENTINO, UN A\u00d1O DE FUNDACI\u00d3N DE UN MODO DE COMUNICACI\u00d3N AUTOGESTIVA"},"content":{"rendered":"<p>[FM Riachuelo 26\/04\/2017] Ayer se celebr\u00f3 un a\u00f1o \u00a0de la fundaci\u00f3n de una nueva experiencia de comunicaci\u00f3n que constituye el Diario Tiempo Argentino. Una experiencia de trabajo autogestivo que surge como respuesta a las pol\u00edticas de abandono de los empresarios inescrupulosos. \u00a0 \u00abDue\u00f1os de sus propias palabras\u00bb, as\u00ed es como los trabajadores han definido al medio. Con la solidaridad de los medios comunitarios y populares, que desde los territorios tambi\u00e9n acompa\u00f1aron.<\/p>\n<p>Escuch\u00e1 el testimonio de una de las trabajadoras de Tiempo y la menci\u00f3n a los medios comunitarios:<\/p>\n<p>Una noche de gran emoci\u00f3n, donde los trabajadores celebraron junto a\u00a0reconocidos periodistas del medio, que apoyaron, facilitaron y acompa\u00f1aron este novedoso emprendimiento, que refunda una experiencia de comunicaci\u00f3n desligada de los intereses corporativos y m\u00e1s cercano a la comunicaci\u00f3n popular.<\/p>\n<p>La actividad se realiz\u00f3 con un panel central, con personalidades reconocidas por su labor y por los trabajadores de la cooperativa, por su solidaridad para constituir el emprendimiento: Claudia Acu\u00f1a, Mart\u00edn Becerra, Carlos Ulanovsky e Ingrid Beck fueron los oradores que contaron sus propias experiencias de comunicaci\u00f3n, \u00a0en medios como La Vaca o Barcelona, que se sostienen de manera autogestiva. Con una nutrida concurrencia se llev\u00f3 adelante la actividad, que cont\u00f3 con una innumerable cantidad de adhesiones, tambi\u00e9n desde el sector de la comunicaci\u00f3n popular y comunitaria. Acompa\u00f1aron con su presencia la celebraci\u00f3n Nora Corti\u00f1as, reconcida por su participaci\u00f3n y acompa\u00f1amiento a las luchas populares. La jornada se cerr\u00f3 con el cantautor Bruno Arias que le puso el broche final a este aniversario.<\/p>\n<p>Tambi\u00e9n los medios comunitarios se hicieron presentes para adherir a una celebraci\u00f3n, que tambi\u00e9n acompa\u00f1aron durante este primer a\u00f1o, replicando las informaciones y las luchas cotidianas de los trabajadores.<\/p>\n\n<p>&nbsp;<\/p>\n","protected":false},"excerpt":{"rendered":"<p>[FM Riachuelo 26\/04\/2017] Ayer se celebr\u00f3 un a\u00f1o \u00a0de la fundaci\u00f3n de una nueva experiencia de comunicaci\u00f3n que constituye el Diario Tiempo Argentino. Una experiencia de trabajo autogestivo que surge como respuesta a las pol\u00edticas de abandono de los empresarios inescrupulosos. \u00a0 \u00abDue\u00f1os de sus propias palabras\u00bb, as\u00ed es como los trabajadores han definido al [&hellip;]<\/p>\n","protected":false},"author":4,"featured_media":4368,"comment_status":"open","ping_status":"open","sticky":false,"template":"","format":"standard","meta":{"_monsterinsights_skip_tracking":false,"_monsterinsights_sitenote_active":false,"_monsterinsights_sitenote_note":"","_monsterinsights_sitenote_category":0,"jnews-multi-image_gallery":[],"jnews_single_post":[],"jnews_primary_category":[],"_joinchat":[],"footnotes":""},"categories":[76,77],"tags":[],"class_list":["post-4366","post","type-post","status-publish","format-standard","has-post-thumbnail","hentry","category-salud-comunitaria","category-soberania"],"_links":{"self":[{"href":"http:\/\/fmriachuelo.it10.com.ar\/index.php\/wp-json\/wp\/v2\/posts\/4366","targetHints":{"allow":["GET"]}}],"collection":[{"href":"http:\/\/fmriachuelo.it10.com.ar\/index.php\/wp-json\/wp\/v2\/posts"}],"about":[{"href":"http:\/\/fmriachuelo.it10.com.ar\/index.php\/wp-json\/wp\/v2\/types\/post"}],"author":[{"embeddable":true,"href":"http:\/\/fmriachuelo.it10.com.ar\/index.php\/wp-json\/wp\/v2\/users\/4"}],"replies":[{"embeddable":true,"href":"http:\/\/fmriachuelo.it10.com.ar\/index.php\/wp-json\/wp\/v2\/comments?post=4366"}],"version-history":[{"count":0,"href":"http:\/\/fmriachuelo.it10.com.ar\/index.php\/wp-json\/wp\/v2\/posts\/4366\/revisions"}],"wp:featuredmedia":[{"embeddable":true,"href":"http:\/\/fmriachuelo.it10.com.ar\/index.php\/wp-json\/"}],"wp:attachment":[{"href":"http:\/\/fmriachuelo.it10.com.ar\/index.php\/wp-json\/wp\/v2\/media?parent=4366"}],"wp:term":[{"taxonomy":"category","embeddable":true,"href":"http:\/\/fmriachuelo.it10.com.ar\/index.php\/wp-json\/wp\/v2\/categories?post=4366"},{"taxonomy":"post_tag","embeddable":true,"href":"http:\/\/fmriachuelo.it10.com.ar\/index.php\/wp-json\/wp\/v2\/tags?post=4366"}],"curies":[{"name":"wp","href":"https:\/\/api.w.org\/{rel}","templated":true}]}}