{"id":436,"date":"2015-05-20T13:01:00","date_gmt":"2015-05-20T13:01:00","guid":{"rendered":"http:\/\/fmriachuelo.observatorioess.org.ar\/index.php\/2015\/05\/20\/cordoba-aprobaron-la-ley-de-convivencia-ambiental\/"},"modified":"2025-03-31T12:43:04","modified_gmt":"2025-03-31T15:43:04","slug":"cordoba-aprobaron-la-ley-de-convivencia-ambiental","status":"publish","type":"post","link":"http:\/\/fmriachuelo.it10.com.ar\/index.php\/2015\/05\/20\/cordoba-aprobaron-la-ley-de-convivencia-ambiental\/","title":{"rendered":"CORDOBA: APROBARON LA LEY DE CONVIVENCIA AMBIENTAL"},"content":{"rendered":"<p><span style=\"font-family: Verdana, sans-serif\"><strong>Con desmanes en las afueras de la Legislatura<\/strong><\/span><\/p>\n<div style=\"clear: both;text-align: center\"><a href=\"http:\/\/2.bp.blogspot.com\/-ggSXkr7Onyw\/VVvMoKQkYwI\/AAAAAAAAEZI\/v7-sEQmPdbo\/s1600\/cordoba.jpg\" style=\"clear: left;float: left;margin-bottom: 1em;margin-right: 1em\"><img loading=\"lazy\" decoding=\"async\" border=\"0\" height=\"192\" src=\"http:\/\/2.bp.blogspot.com\/-ggSXkr7Onyw\/VVvMoKQkYwI\/AAAAAAAAEZI\/v7-sEQmPdbo\/s320\/cordoba.jpg\" width=\"320\" \/><\/a><\/div>\n<p><\/p>\n<div style=\"text-align: justify\"><span style=\"font-family: Verdana, sans-serif\">El d\u00eda martes pasado, al menos 15 polic\u00edas heridos y 26 personas detenidas fue el saldo de la violenta protesta contra el proyecto que anoche se aprob\u00f3 con el apoyo de todos los bloques, con la excepci\u00f3n del Frente de Izquierda y una abstenci\u00f3n.<\/span><\/div>\n<div style=\"text-align: justify\"><span style=\"font-family: Verdana\"><\/span>&nbsp;<\/div>\n<div style=\"text-align: justify\">&nbsp;<\/div>\n<div style=\"text-align: justify\">&nbsp;<\/div>\n<div style=\"text-align: justify\">&nbsp;<\/div>\n<div style=\"text-align: justify\"><span style=\"font-family: Verdana, sans-serif\">Con el voto de todos los bloques de la Unicameral, con excepci\u00f3n del Frente de Izquierda y la abstenci\u00f3n del legislador Jos\u00e9 De Lucca, del Frente para la Victoria, se aprob\u00f3 ayer la nueva Ley de Convivencia Ambiental. La norma cont\u00f3 con el aporte de organizaciones ambientales durante el debate en comisi\u00f3n que llev\u00f3 cerca de tres meses, y tuvo modificaciones que se fueron realizando al despacho final hasta \u00faltimo momento. Esto hizo que muchas de esas organizaciones desconocieran el texto final.<\/span><a name='more'><\/a><span style=\"font-family: Verdana, sans-serif\"><br \/>Esto, sumado al malestar de los asamble\u00edstas que resisten en un acampe en Malvinas Argentinas al considerar \u00e9sta una ley \u201ca la medida de Monsanto\u201d, enrareci\u00f3 el clima previo a la marat\u00f3nica sesi\u00f3n de la Legislatura.<br \/>Desde temprano, un grupo de ambientalistas encabezado por la referente de las Madres de Barrio Ituzaing\u00f3, Sof\u00eda Gatica, se encaden\u00f3 a las vallas que rodeaban a la Unicameral. Pero lo que fue planteado como una manifestaci\u00f3n pac\u00edfica para impedir la aprobaci\u00f3n de esta ley, se convirti\u00f3 a pocos minutos de su tratamiento, en hechos de violencia que rozaban de a ratos lo irracional (ver en: lmcordoba.com.ar)<br \/>Estos hechos merecieron el repudio de los bloques al iniciar la sesi\u00f3n y del gobernador Jos\u00e9 Manuel de la Sota, quien dedic\u00f3 varios tuits sobre los desmanes.<\/p>\n<p>Los desmanes tambi\u00e9n ocasionaron un fuerte cruce entre los legisladores cuando la radical Mar\u00eda Alejandra Matar pidi\u00f3 una cuesti\u00f3n de privilegio contra su par del FIT, Cintia Frencia (con el apoyo de Uni\u00f3n por C\u00f3rdoba) a quien acus\u00f3 de alentar los incidentes. Frencia, a su turno, hizo responsable a quienes aprobaron esta ley por los desmanes ocurridos previamente y adelant\u00f3 que ir\u00e1 a la Justicia por las acusaciones de la UCR. Por su parte, el presidente del bloque de la UCR, Eduardo Yuni, asegur\u00f3 que esos disturbios tuvieron por fin que no hubiera debate en el recinto de la Unicameral.<br \/>Frencia fue, junto a Nancy Lizzul del Frente C\u00edvico, la \u00fanica que se opuso al proyecto argumentando que el mismo fue dise\u00f1ado para permitir el ingreso de Monsanto a Malvinas Argentinas, cuando permite el reordenamiento territorial para que la multinacional pueda instalarse donde actualmente no podr\u00eda hacerlo por la actual norma de uso de suelo. Desde el FIT, la contrapropuesta era declarar la emergencia ambiental. <br \/>Lizzul no acompa\u00f1\u00f3 la propuesta oficialista de pol\u00edtica ambiental, por considerarla \u201cuna elevada barrera al ingreso de nuevas industrias\u201d. Se\u00f1al\u00f3 que \u201cas\u00ed como cuidamos el medio ambiente, hay que preservar los puestos de trabajo a trav\u00e9s de seguir siendo una provincia atractiva para la radicaci\u00f3n de nuevas industrias y emprendimientos productivos\u201d.<\/span><br \/>&nbsp;<\/div>\n<div style=\"text-align: justify\"><span style=\"font-family: Verdana, sans-serif\"><strong>&nbsp;Antecedentes<\/strong><\/span><\/div>\n<div style=\"text-align: justify\"><span style=\"font-family: Verdana\">El 21 de abril pasado en el diario La Voz de C\u00f2rdoba se public\u00f3 est\u00e1 nota cuya autor\u00eda es de uno de los m\u00e9dicos de los pueblos fumigados y est\u00e1 a continuaci\u00f3n:<\/span><\/div>\n<div style=\"text-align: justify\"><span style=\"font-family: Verdana, sans-serif\"><strong>\u00bfLey de convivencia o de emergencia ambiental?<\/strong><\/span><\/div>\n<div style=\"text-align: justify\"><span style=\"font-family: Verdana, sans-serif\">Por Medardo \u00c1vila V\u00e1zquez*&nbsp;<\/span><br \/><span style=\"font-family: Verdana, sans-serif\">&nbsp;<\/span><span style=\"font-family: Verdana, sans-serif\"> La Legislatura provincial debate un proyecto de ley de pol\u00edtica ambiental enviado por el gobernador Jos\u00e9 Manuel de la Sota. La Red de M\u00e9dicos de Pueblos Fumigados suscribe lo expresado al respecto por el rector de la Universidad Nacional de C\u00f3rdoba, Francisco Tamarit, en el sentido de que no significa un avance real sobre la ley ambiental nacional de presupuestos m\u00ednimos.<\/p>\n<p> El proyecto posee m\u00faltiples expresiones de car\u00e1cter declarativo innecesarias y es urgente la aplicaci\u00f3n de la normativa nacional, sin restricciones. Venimos estudiando la salud ambiental en la provincia desde hace a\u00f1os y entendemos que la realidad ecol\u00f3gica y sanitario-ambiental es sumamente grave. Y, con este proyecto, el Gobierno demuestra que contin\u00faa negando esta situaci\u00f3n.<\/p>\n<p>La Provincia parte de reconocer un clima de disputas vinculadas a temas ambientales e intenta crear un clima de \u201cconvivencia ambiental\u201d; niega que exista una disputa por derechos a la vida, a la salud y al ambiente sano, violados por emprendimientos \u2028privados y del Estado.<\/p>\n<p>Tambi\u00e9n oculta que estas disputas se enmarcan en un panorama atravesado por 15 a\u00f1os de pol\u00edticas extractivistas que exterminaron el bosque nativo; que ocasionaron niveles de contaminaci\u00f3n del suelo, el agua superficial, subterr\u00e1nea e incluso del agua de lluvia con agrot\u00f3xicos, in\u00e9ditos en el mundo; y que causaron la destrucci\u00f3n de la biodiversidad de la mano de un modelo de agronegocios extensivo y t\u00f3xico que hizo resurgir enfermedades olvidadas, como el dengue o la leishmaniasis.<\/p>\n<p>Ante la desaparici\u00f3n acelerada de nuestros bosques y montes, esta ley deber\u00eda declarar una moratoria de desmontes de por lo menos 10 a\u00f1os. Ya no es aceptable considerar \u00e1reas rojas, amarillas y verdes. Toda la provincia est\u00e1 en rojo.<\/p>\n<p>La crisis h\u00eddrica provincial es ignorada en este proyecto. Los requerimientos de agua hoy se sostienen por desarrollos realizados hace 80 a\u00f1os y no hay forma de sacarles m\u00e1s agua a r\u00edos y lagos maltratados.<\/p>\n<p>Las cuencas de nuestros humildes r\u00edos est\u00e1n abandonadas y los incendios devoran nuestras f\u00e1bricas de agua ante la impericia de un millonario Plan de Manejo del Fuego.<\/p>\n<p> Se deber\u00eda determinar la inmediata concreci\u00f3n del estado de \u201creserva h\u00eddrica\u201d en todas las cuencas y revisar las actividades antr\u00f3picas en esos territorios, garantizando su protecci\u00f3n.<\/p>\n<p>Amenazas<\/p>\n<p> El proyecto ignora que la poblaci\u00f3n de la provincia se encuentra asolada por patolog\u00edas de base ambiental, entre las que se destacan las neumopat\u00edas, el hipotiroidismo y la diabetes precoz, trastornos inmunitarios y sensibilizaci\u00f3n m\u00faltiple, TGD y autismo, abortos espont\u00e1neos, malformaciones cong\u00e9nitas y c\u00e1nceres.<\/p>\n<p> Un ejemplo de ello se vio cuando el Instituto del C\u00e1ncer provincial reconoci\u00f3, en el juicio de barrio Ituzaing\u00f3 de la ciudad de C\u00f3rdoba, que tiene registrados 68 mil c\u00e1nceres y que 50 mil se expresan en vecinos del interior provincial: vivir en el interior genera un riesgo tres veces mayor de tener c\u00e1ncer que viviendo en la Capital.<\/p>\n<p>Hoy en C\u00f3rdoba se aplican 74 millones de litros de plaguicidas por a\u00f1o. Esto significa 22 litros de venenos por cordob\u00e9s.<\/p>\n<p>Debemos prohibir las fumigaciones a\u00e9reas en todo el territorio provincial en los mismos t\u00e9rminos<br \/>\nen que fueron prohibidas por la Uni\u00f3n Europea en 2009. Y alejar de zonas habitadas las fumigaciones terrestres con cualquier tipo de agrot\u00f3xicos. Pero este proyecto s\u00f3lo busca favorecer inversiones como las de Monsanto y controlar la protesta social.<\/p>\n<p>Residuos<\/p>\n<p> La basura en la provincia es un negocio; para el proyecto, este problema no existe. Los residuos s\u00f3lidos urbanos son quemados a cielo abierto o enterrados sin separaci\u00f3n ni tratamientos; nada se recupera. Cada a\u00f1o aumenta m\u00e1s y m\u00e1s la basura, lo que ampl\u00eda un negocio que genera contaminaci\u00f3n y amenaza a la poblaci\u00f3n.<\/p>\n<p> Esta ley deber\u00eda determinar que todas las localidades cuenten con su propia gesti\u00f3n de residuos s\u00f3lidos urbanos y programas para reducir la generaci\u00f3n de basura, separaci\u00f3n en origen, reciclado y enterramientos sanitarios en sus propios ejidos de los residuos remanentes. No podemos aceptar zonas de sacrificio ambiental.<\/p>\n<p> La gesti\u00f3n de la basura nunca puede ser considerada un negocio: es un problema de salud p\u00fablica y responsabilidad del Estado municipal y provincial.<\/p>\n<p> Para este proyecto, C\u00f3rdoba se encuentra en el Jard\u00edn del Ed\u00e9n, s\u00f3lo hay disputas por apropiaci\u00f3n de recursos naturales. Pero C\u00f3rdoba est\u00e1 inserta en la fr\u00e1gil regi\u00f3n semi\u00e1rida de pa\u00eds y venimos destruyendo nuestro entorno en beneficios de pocos.<\/p>\n<p>El ambiente es utilizado como un \u201cmedio\u201d para negocios, un recurso para reproducir capital r\u00e1pidamente sin considerar los impactos generados en la naturaleza, da\u00f1os que no se pueden recuperar al ritmo de la destrucci\u00f3n por la intensidad de explotaci\u00f3n que las nuevas tecnolog\u00edas permiten, lo que genera el pasivo ambiental y sanitario que sufrimos todos.<\/p>\n<p>A este delicado panorama de desertificaci\u00f3n y desmonte, contaminaci\u00f3n masiva con pesticidas, crisis h\u00eddrica y manejo irracional de la basura, se suma el cambio clim\u00e1tico, con su secuela de inestabilidad y tempestades inusitadas, sequ\u00edas e inundaciones.<\/p>\n<p>Cambio clim\u00e1tico<\/p>\n<p> El proyecto ignora la urgente necesidad de impulsar pol\u00edticas de mitigaci\u00f3n del cambio clim\u00e1tico como propugna el Panel Naciones Unidas, y cualquier pol\u00edtica responsable en ambiente debe considerar este peligro.<\/p>\n<p> Una ley de pol\u00edtica ambiental para la C\u00f3rdoba de hoy debe comenzar declarando el estado de emergencia ambiental del territorio provincial, con todo lo que esto significa.<\/p>\n<p>La pol\u00edtica para resguardarnos del cambio clim\u00e1tico deber\u00eda direccionar todas las acciones y programas para amortiguar de alguna manera el da\u00f1o que este nos ocasione en los sectores m\u00e1s fr\u00e1giles de nuestra ecolog\u00eda. El primer paso es reconocer cu\u00e1l es la situaci\u00f3n, tener un diagn\u00f3stico ecol\u00f3gico de la provincia.<\/p>\n<p>Por desgracia, el Gobierno es una agencia de negocios que mejora cualquier oferta, s\u00f3lo preocupado por las encuestas que puedan poner en peligro sus intereses de facci\u00f3n.<\/p>\n<p>Conexiones<\/p>\n<p> Salud y ambiente componen un v\u00ednculo muy fuerte, y muchas veces invisibilizado. La fluidez de la materia de nuestro cuerpo es enorme y no somos conscientes de ella. Creemos que somos de la misma materia siempre.<\/p>\n<p> Estudios radioisot\u00f3picos revelaron que, en un a\u00f1o, el 98 por ciento de los \u00e1tomos que componen nuestros tejidos y c\u00e9lulas son totalmente sustituidos. La piel es nueva en cinco semanas y el esqueleto se renueva en 12 meses. El flujo de ox\u00edgeno, carbono, hidr\u00f3geno y nitr\u00f3geno es rapid\u00edsimo; s\u00f3lo los \u00e1tomos de hierro, magnesio y cobre m\u00e1s pesados demoran el recambio. El intercambio de materia con el ambiente en que vivimos es permanente, por lo que la salud del ambiente es una condici\u00f3n para la salud colectiva.<\/p>\n<p>Este proyecto intenta ama\u00f1ar las consultas populares ambientales; para nosotros, estas deber\u00edan poder ser convocadas por iniciativas de las personas cuando se sientan amenazadas en sus derechos y ser concretadas con todas las garant\u00edas democr\u00e1ticas, con gesti\u00f3n de la Justicia electoral y equidad de presupuestos.<\/p>\n<p>Deber\u00e1n ser vinculantes; su resultado negativo significa denegar la licencia social y rechazar el emprendimiento. Respecto de la factor\u00eda de Monsanto en Malvinas Argentinas, si se intenta llevar adelante una consulta popular para concretar un renovado proyecto, esta Red de M\u00e9dicos aconsejar\u00e1 a la Asamblea de Malvinas Lucha por la Vida que no participe si no existen garant\u00edas democr\u00e1ticas concretas de que el proceso ser\u00e1 trasparente y equilibrado.<\/p>\n<p>*Coordinador de Red Universitaria de Ambiente  y Salud, M\u00e9dicos de Pueblos Fumigados<\/span><\/div>\n<div style=\"text-align: justify\"><span style=\"font-family: Verdana\"><\/span>&nbsp;<\/div>\n<div style=\"text-align: justify\"><span style=\"font-family: Verdana\">Fuente. LA Voz del interior, Producci\u00f3n Riachuelo<\/span><\/div>\n","protected":false},"excerpt":{"rendered":"<p>Con desmanes en las afueras de la Legislatura El d\u00eda martes pasado, al menos 15 polic\u00edas heridos y 26 personas detenidas fue el saldo de la violenta protesta contra el proyecto que anoche se aprob\u00f3 con el apoyo de todos los bloques, con la excepci\u00f3n del Frente de Izquierda y una abstenci\u00f3n. &nbsp; &nbsp; &nbsp; [&hellip;]<\/p>\n","protected":false},"author":4,"featured_media":0,"comment_status":"open","ping_status":"open","sticky":false,"template":"","format":"standard","meta":{"_monsterinsights_skip_tracking":false,"_monsterinsights_sitenote_active":false,"_monsterinsights_sitenote_note":"","_monsterinsights_sitenote_category":0,"jnews-multi-image_gallery":[],"jnews_single_post":{"format":"standard"},"jnews_primary_category":[],"_joinchat":[],"footnotes":""},"categories":[58],"tags":[71],"class_list":["post-436","post","type-post","status-publish","format-standard","hentry","category-noticiariachuelo","tag-de-la-tierra"],"_links":{"self":[{"href":"http:\/\/fmriachuelo.it10.com.ar\/index.php\/wp-json\/wp\/v2\/posts\/436","targetHints":{"allow":["GET"]}}],"collection":[{"href":"http:\/\/fmriachuelo.it10.com.ar\/index.php\/wp-json\/wp\/v2\/posts"}],"about":[{"href":"http:\/\/fmriachuelo.it10.com.ar\/index.php\/wp-json\/wp\/v2\/types\/post"}],"author":[{"embeddable":true,"href":"http:\/\/fmriachuelo.it10.com.ar\/index.php\/wp-json\/wp\/v2\/users\/4"}],"replies":[{"embeddable":true,"href":"http:\/\/fmriachuelo.it10.com.ar\/index.php\/wp-json\/wp\/v2\/comments?post=436"}],"version-history":[{"count":1,"href":"http:\/\/fmriachuelo.it10.com.ar\/index.php\/wp-json\/wp\/v2\/posts\/436\/revisions"}],"predecessor-version":[{"id":23442,"href":"http:\/\/fmriachuelo.it10.com.ar\/index.php\/wp-json\/wp\/v2\/posts\/436\/revisions\/23442"}],"wp:attachment":[{"href":"http:\/\/fmriachuelo.it10.com.ar\/index.php\/wp-json\/wp\/v2\/media?parent=436"}],"wp:term":[{"taxonomy":"category","embeddable":true,"href":"http:\/\/fmriachuelo.it10.com.ar\/index.php\/wp-json\/wp\/v2\/categories?post=436"},{"taxonomy":"post_tag","embeddable":true,"href":"http:\/\/fmriachuelo.it10.com.ar\/index.php\/wp-json\/wp\/v2\/tags?post=436"}],"curies":[{"name":"wp","href":"https:\/\/api.w.org\/{rel}","templated":true}]}}