{"id":4351,"date":"2017-04-26T02:35:50","date_gmt":"2017-04-26T02:35:50","guid":{"rendered":"http:\/\/fmriachuelo.com.ar\/ljkjklj\/?p=4351"},"modified":"2017-04-26T02:35:50","modified_gmt":"2017-04-26T02:35:50","slug":"comunicacion-popular-en-peligro-decomisan-radios-con-violencia-y-detenidos","status":"publish","type":"post","link":"http:\/\/fmriachuelo.it10.com.ar\/index.php\/2017\/04\/26\/comunicacion-popular-en-peligro-decomisan-radios-con-violencia-y-detenidos\/","title":{"rendered":"COMUNICACION POPULAR EN PELIGRO, DECOMISAN RADIOS CON VIOLENCIA Y DETENIDOS"},"content":{"rendered":"<p>[FM Riachuelo 25\/04\/2017] Con gran preocupaci\u00f3n difundimos comunicado y nos solidarizamos.<\/p>\n<p><strong>Violencia Estatal: Decomisan radios y llevan detenido a sus responsables<\/strong><\/p>\n<p>La Matanza, abril 2017,<\/p>\n<p>Comunicado<\/p>\n<p>Desde Ucaya \u2013Uni\u00f3n de Comunicadores Audiovisuales y Afines de La Matanza repudiamos los decomisos realizados este martes 25 de abril por el Ministerio de Comunicaciones a cargo de Oscar Aguad a radios comunitarias del Oeste del conurbano bonaerense.<\/p>\n<p>Asimismo denunciamos y rechazamos la inusitada violencia y arbitrariedad con que fueron realizadas las acciones a cargo de funcionarios del mencionado organismo contra las emisoras Radio M 104.1 de Virrey del Pino; y 87.7 FM F\u00f3rmula de Merlo.<\/p>\n<p>Vali\u00e9ndose de una orden judicial amparada en la nueva normativa dispuesta por el Gobierno de Cambiemos que busca cercenar, silenciar y desaparecer a los medios de comunicaci\u00f3n comunitarios y populares, el responsable de Radio M fue llevado detenido por fuerzas policiales.<\/p>\n<p>En una situaci\u00f3n que cre\u00edamos haber dejado atr\u00e1s al menos en los \u00faltimos a\u00f1os de nuestra democracia, fue tratado como un delincuente en una clara demostraci\u00f3n del Estado polic\u00edaco que, seg\u00fan creemos, est\u00e1 construyendo el Gobierno Nacional.<\/p>\n<p>Por este motivo Ucaya se encuentra en estado de alerta permanente. A la vez que apoya y adhiere al protocolo elaborado en la Coalici\u00f3n por una Comunicaci\u00f3n Democr\u00e1tica a fin de resguardar a personas y bienes alcanzadas por acciones como las que ocurrieron en la ma\u00f1ana de este martes. En tanto reclamamos al Gobierno cesar de inmediato con estas pr\u00e1cticas violentas y arbitrarias que buscan acallar las voces de la diversidad.<\/p>\n<p>Creemos que el Estado debe velar por el derecho a la comunicaci\u00f3n y no violentar las puertas de los medios populares y comunitarios para decomisarlos y cerrarlos tal y como dice la orden judicial nacida de las pol\u00edticas que est\u00e1 impulsando el Gobierno Nacional.<\/p>\n<p>Contacto<\/p>\n<p>Tavo Cibreiro\u00a0 &#8211; 11 38 76 73 09<\/p>\n<p>Guillermo Saucedo \u2013 11 48 70 74 38<\/p>\n<p><a href=\"http:\/\/fmriachuelo.com.ar\/ljkjklj\/wp-content\/uploads\/2017\/04\/WhatsApp-Image-2017-04-25-at-19.58.16.jpeg\"><img loading=\"lazy\" decoding=\"async\" class=\"alignleft size-medium wp-image-4352\" src=\"http:\/\/fmriachuelo.com.ar\/ljkjklj\/wp-content\/uploads\/2017\/04\/WhatsApp-Image-2017-04-25-at-19.58.16-181x300.jpeg\" alt=\"\" width=\"181\" height=\"300\" \/><\/a><\/p>\n","protected":false},"excerpt":{"rendered":"<p>[FM Riachuelo 25\/04\/2017] Con gran preocupaci\u00f3n difundimos comunicado y nos solidarizamos. Violencia Estatal: Decomisan radios y llevan detenido a sus responsables La Matanza, abril 2017, Comunicado Desde Ucaya \u2013Uni\u00f3n de Comunicadores Audiovisuales y Afines de La Matanza repudiamos los decomisos realizados este martes 25 de abril por el Ministerio de Comunicaciones a cargo de Oscar [&hellip;]<\/p>\n","protected":false},"author":4,"featured_media":4353,"comment_status":"open","ping_status":"open","sticky":false,"template":"","format":"standard","meta":{"_monsterinsights_skip_tracking":false,"_monsterinsights_sitenote_active":false,"_monsterinsights_sitenote_note":"","_monsterinsights_sitenote_category":0,"jnews-multi-image_gallery":[],"jnews_single_post":[],"jnews_primary_category":[],"_joinchat":[],"footnotes":""},"categories":[76,77],"tags":[],"class_list":["post-4351","post","type-post","status-publish","format-standard","has-post-thumbnail","hentry","category-salud-comunitaria","category-soberania"],"_links":{"self":[{"href":"http:\/\/fmriachuelo.it10.com.ar\/index.php\/wp-json\/wp\/v2\/posts\/4351","targetHints":{"allow":["GET"]}}],"collection":[{"href":"http:\/\/fmriachuelo.it10.com.ar\/index.php\/wp-json\/wp\/v2\/posts"}],"about":[{"href":"http:\/\/fmriachuelo.it10.com.ar\/index.php\/wp-json\/wp\/v2\/types\/post"}],"author":[{"embeddable":true,"href":"http:\/\/fmriachuelo.it10.com.ar\/index.php\/wp-json\/wp\/v2\/users\/4"}],"replies":[{"embeddable":true,"href":"http:\/\/fmriachuelo.it10.com.ar\/index.php\/wp-json\/wp\/v2\/comments?post=4351"}],"version-history":[{"count":0,"href":"http:\/\/fmriachuelo.it10.com.ar\/index.php\/wp-json\/wp\/v2\/posts\/4351\/revisions"}],"wp:featuredmedia":[{"embeddable":true,"href":"http:\/\/fmriachuelo.it10.com.ar\/index.php\/wp-json\/"}],"wp:attachment":[{"href":"http:\/\/fmriachuelo.it10.com.ar\/index.php\/wp-json\/wp\/v2\/media?parent=4351"}],"wp:term":[{"taxonomy":"category","embeddable":true,"href":"http:\/\/fmriachuelo.it10.com.ar\/index.php\/wp-json\/wp\/v2\/categories?post=4351"},{"taxonomy":"post_tag","embeddable":true,"href":"http:\/\/fmriachuelo.it10.com.ar\/index.php\/wp-json\/wp\/v2\/tags?post=4351"}],"curies":[{"name":"wp","href":"https:\/\/api.w.org\/{rel}","templated":true}]}}