{"id":435,"date":"2015-05-20T23:02:00","date_gmt":"2015-05-20T23:02:00","guid":{"rendered":"http:\/\/fmriachuelo.observatorioess.org.ar\/index.php\/2015\/05\/20\/caravana-de-los-43-de-ayotzinapa-por-suramerica\/"},"modified":"2025-03-31T12:44:13","modified_gmt":"2025-03-31T15:44:13","slug":"caravana-de-los-43-de-ayotzinapa-por-suramerica","status":"publish","type":"post","link":"http:\/\/fmriachuelo.it10.com.ar\/index.php\/2015\/05\/20\/caravana-de-los-43-de-ayotzinapa-por-suramerica\/","title":{"rendered":"CARAVANA DE LOS 43 DE AYOTZINAPA POR SURAM\u00c9RICA"},"content":{"rendered":"<p><span style=\"color: red;font-family: Verdana, sans-serif;font-size: large\"><strong>\u00a1\u00a1\u00a1NO OLVIDAMOS!!!<\/strong><\/span><br \/><strong><span style=\"color: red;font-family: Verdana;font-size: large\"><\/span><\/strong><\/p>\n<div style=\"clear: both;text-align: center\"><a href=\"http:\/\/1.bp.blogspot.com\/-Dj_8KaA5YA0\/VV0RC-yQ0GI\/AAAAAAAAEZc\/W1zmoG4JSQc\/s1600\/caravana.jpg\" style=\"clear: left;float: left;margin-bottom: 1em;margin-right: 1em\"><img loading=\"lazy\" decoding=\"async\" border=\"0\" height=\"206\" src=\"http:\/\/1.bp.blogspot.com\/-Dj_8KaA5YA0\/VV0RC-yQ0GI\/AAAAAAAAEZc\/W1zmoG4JSQc\/s320\/caravana.jpg\" width=\"320\" \/><\/a><\/div>\n<div style=\"text-align: justify\">&nbsp;<\/div>\n<div style=\"text-align: justify\"><span style=\"font-family: Verdana, sans-serif\"><strong>Un grupo de familiares de los 43 normalistas desaparecidos en Guerrero, al sur de M\u00e9xico, el pasado 26 de septiembre, inici\u00f3 recientemente una marcha denominada \u201cCaravana 43 Suram\u00e9rica\u201d, en la que junto a colectivos sociales llevan el grito \u201cJusticia por Ayotzinapa\u201d a pa\u00edses como Brasil, Uruguay y Argentina. Los familiares ya realizaron actividades en C\u00f3rdoba y lo har\u00e1n en Rosario. Ver m\u00e1s abajo agenda de iniciativas en Buenos Aires.&nbsp;<\/strong> <\/span><\/div>\n<div style=\"text-align: justify\"><span style=\"font-family: Verdana, sans-serif\"><\/span><a name='more'><\/a><span style=\"font-family: Verdana, sans-serif\"><br \/>La marcha la encabezan tres padres de familia: Mario C\u00e9sar Gonz\u00e1lez Contreras, Hilda Hern\u00e1ndez Rivera, pap\u00e1 de C\u00e9sar Manuel Gonz\u00e1lez Hern\u00e1ndez; Hilda Legide\u00f1o Vargas, mam\u00e1 de Jorge Antonio Tizapa Legide\u00f1o y un normalista sobreviviente de Ayotzinapa: Carmelo Ram\u00edrez, quienes exigir\u00e1n justicia por el caso de los estudiantes desaparecidos.<br \/> La caravana sali\u00f3 este viernes desde el Aeropuerto Internacional de la Ciudad de M\u00e9xico y se extender\u00e1 los meses de mayo y junio para recorrer ciudades latinoamericanas como Buenos Aires, Montevideo y Rio de Janeiro.<\/p>\n<p> A trav\u00e9s de un comunicado, citado por Radio F\u00f3rmula, los padres de Los 43, aclararon que los \u201cgastos de esta gira fueron solventados en forma aut\u00f3noma y solidaria a trav\u00e9s de actividades para recaudar fondos y de los aportes de organizaciones sociales de toda Am\u00e9rica Latina\u201d.<br \/> Asimismo, se\u00f1alaron que la experiencia en materia de derechos humanos del pueblo argentino \u201ces esencial para los mexicanos en estas horas oscuras\u201d.<br \/>&nbsp; <br \/><strong>AGENDA DE ACTIVIDADES BUENOS AIRES<\/strong><\/p>\n<p>S\u00e1bado 23 de Mayo<br \/> 18:00 Conferencia de prensa Inaugural. En el espacio de Pa\u00f1uelos en Rebeld\u00eda. Carlos Mar\u00eda Ram\u00edrez 1469. Pompeya (CABA)<\/p>\n<p> Lunes 25 de Mayo:<br \/> 11:00 Encuentro con pueblos Originarios en el acampe QoPiWiNi<br \/> Lugar Avenida de Mayo y 9 de Julio<\/p>\n<p> Martes 26 de Mayo (Este d\u00eda se cumplen ocho meses de la desaparici\u00f3n de los 43 estudiantes)<br \/> 10:00 Concentraci\u00f3n en la Embajada de M\u00e9xico<br \/> Conferencia de Prensa<br \/> 13:00 Movilizaci\u00f3n del Obelisco a Canciller\u00eda<br \/> 20:00 Conferencia Aula Magna de la Facultad de Filosof\u00eda y Letras <\/p>\n<p><span style=\"color: blue\">Fuente: Resumen Latinoamericano\/Aporrea-TeleSur, Producci\u00f3n Riachuelo<\/span><\/p>\n<p> <\/span><\/div>\n","protected":false},"excerpt":{"rendered":"<p>\u00a1\u00a1\u00a1NO OLVIDAMOS!!! &nbsp; Un grupo de familiares de los 43 normalistas desaparecidos en Guerrero, al sur de M\u00e9xico, el pasado 26 de septiembre, inici\u00f3 recientemente una marcha denominada \u201cCaravana 43 Suram\u00e9rica\u201d, en la que junto a colectivos sociales llevan el grito \u201cJusticia por Ayotzinapa\u201d a pa\u00edses como Brasil, Uruguay y Argentina. Los familiares ya realizaron [&hellip;]<\/p>\n","protected":false},"author":4,"featured_media":0,"comment_status":"open","ping_status":"open","sticky":false,"template":"","format":"standard","meta":{"_monsterinsights_skip_tracking":false,"_monsterinsights_sitenote_active":false,"_monsterinsights_sitenote_note":"","_monsterinsights_sitenote_category":0,"jnews-multi-image_gallery":[],"jnews_single_post":{"format":"standard"},"jnews_primary_category":[],"_joinchat":[],"footnotes":""},"categories":[58],"tags":[70,72],"class_list":["post-435","post","type-post","status-publish","format-standard","hentry","category-noticiariachuelo","tag-de-la-patria-grande","tag-historia-de-la-lucha-de-los-pueblos"],"_links":{"self":[{"href":"http:\/\/fmriachuelo.it10.com.ar\/index.php\/wp-json\/wp\/v2\/posts\/435","targetHints":{"allow":["GET"]}}],"collection":[{"href":"http:\/\/fmriachuelo.it10.com.ar\/index.php\/wp-json\/wp\/v2\/posts"}],"about":[{"href":"http:\/\/fmriachuelo.it10.com.ar\/index.php\/wp-json\/wp\/v2\/types\/post"}],"author":[{"embeddable":true,"href":"http:\/\/fmriachuelo.it10.com.ar\/index.php\/wp-json\/wp\/v2\/users\/4"}],"replies":[{"embeddable":true,"href":"http:\/\/fmriachuelo.it10.com.ar\/index.php\/wp-json\/wp\/v2\/comments?post=435"}],"version-history":[{"count":1,"href":"http:\/\/fmriachuelo.it10.com.ar\/index.php\/wp-json\/wp\/v2\/posts\/435\/revisions"}],"predecessor-version":[{"id":23443,"href":"http:\/\/fmriachuelo.it10.com.ar\/index.php\/wp-json\/wp\/v2\/posts\/435\/revisions\/23443"}],"wp:attachment":[{"href":"http:\/\/fmriachuelo.it10.com.ar\/index.php\/wp-json\/wp\/v2\/media?parent=435"}],"wp:term":[{"taxonomy":"category","embeddable":true,"href":"http:\/\/fmriachuelo.it10.com.ar\/index.php\/wp-json\/wp\/v2\/categories?post=435"},{"taxonomy":"post_tag","embeddable":true,"href":"http:\/\/fmriachuelo.it10.com.ar\/index.php\/wp-json\/wp\/v2\/tags?post=435"}],"curies":[{"name":"wp","href":"https:\/\/api.w.org\/{rel}","templated":true}]}}