{"id":4349,"date":"2017-04-24T23:24:02","date_gmt":"2017-04-24T23:24:02","guid":{"rendered":"http:\/\/fmriachuelo.com.ar\/ljkjklj\/?p=4349"},"modified":"2017-04-24T23:24:02","modified_gmt":"2017-04-24T23:24:02","slug":"juicio-contra-la-protesta-social-segunda-audiencia-oral-y-publica-declacracion-de-lito-borello","status":"publish","type":"post","link":"http:\/\/fmriachuelo.it10.com.ar\/index.php\/2017\/04\/24\/juicio-contra-la-protesta-social-segunda-audiencia-oral-y-publica-declacracion-de-lito-borello\/","title":{"rendered":"JUICIO CONTRA LA PROTESTA SOCIAL, SEGUNDA AUDIENCIA ORAL Y P\u00daBLICA: DECLARACI\u00d3N DE LITO BORELLO"},"content":{"rendered":"<h4><span style=\"color: #ff0000\"><em><b>\u00abEl Oso merece que contemos\u00a0esta historia\u00a0<\/b><b>que es la historia de nuestro pueblo\u00bb<\/b><\/em><\/span><\/h4>\n<div>[FM Riachuelo 24\/4\/2017] Hoy se realiz\u00f3 la segunda audiencia del juicio oral, contra los militantes populares, en la que el Poder Judicial juzga los hechos acontecidos hace casi 13 a\u00f1os en el barrio de La Boca como consecuencia del asesinato de Mart\u00edn Oso Cisneros. En esta oportunidad fue el momento de la declaraci\u00f3n indagatoria a Lito Borello, Coordinador de la Organizaci\u00f3n Social y Pol\u00edtica Los Pibes y Secretario de Derechos Humanos de la Confederaci\u00f3n de Trabajadores de la Econom\u00eda Popular (CTEP). La pr\u00f3xima audiencia sera el mi\u00e9rcoles 3 de mayo a las 9.30 hs.<\/div>\n<div><\/div>\n<div>Una vez m\u00e1s se congreg\u00f3 una importante cantidad de militantes y referentes de un amplio arco de organizaciones populares, que se sumaron a presenciar y acompa\u00f1ar una situaci\u00f3n judicial, que coincidieron en valorar como una grave amenaza para el conjunto de los movimientos populares, en un contexto de creciente criminalizaci\u00f3n y represi\u00f3n de la protesta social.<\/div>\n<div><a href=\"http:\/\/fmriachuelo.com.ar\/ljkjklj\/wp-content\/uploads\/2017\/04\/WhatsApp-Image-2017-04-19-at-12.57.00.jpeg\"><img loading=\"lazy\" decoding=\"async\" class=\"wp-image-4295 size-medium alignleft\" src=\"http:\/\/fmriachuelo.com.ar\/ljkjklj\/wp-content\/uploads\/2017\/04\/WhatsApp-Image-2017-04-19-at-12.57.00-300x225.jpeg\" alt=\"\" width=\"300\" height=\"225\" \/><\/a><\/div>\n<div>Con la presencia de Lito Borello, Luis D\u00b4Elia y Luis Bord\u00f3n, acusados de tomar la comisaria 24, se inicio esta segunda audiencia. Esta fue la instancia de la declaraci\u00f3n indagatoria a Borello, Coordinador Nacional de la Organizaci\u00f3n Social y Pol\u00edtica Los Pibes y Secretario de Derechos Humanos de la Confederaci\u00f3n de Trabajadores de la Econom\u00eda Popular (CTEP). Acompa\u00f1ado por la presencia de referentes del campo popular como Roberto Perd\u00eda (OLP), Jorge Chiqui Falcone (Coordinadora Resistir y Luchar), Eduardo So\u00e1rez (Gremial de Abogados), Esteban Gringo Castro (Secretario Gral. CTEP), el Juez Dr. Andr\u00e9s Gallardo, Pablo Puebla (OLP), Jonathan Thea (Seamos Libres), Marcelo Parrilli (CPP), Marta (CCC Capital), entre muchos otros, que junto a los militantes de base y compa\u00f1eros colmaron la sala AMIA de los Tribunales de Comodoro Py, destinada a tal fin.<\/div>\n<div><\/div>\n<div><a href=\"http:\/\/fmriachuelo.com.ar\/ljkjklj\/wp-content\/uploads\/2017\/04\/2.jpg\"><img loading=\"lazy\" decoding=\"async\" class=\"size-medium wp-image-4340 alignleft\" src=\"http:\/\/fmriachuelo.com.ar\/ljkjklj\/wp-content\/uploads\/2017\/04\/2-300x181.jpg\" alt=\"\" width=\"300\" height=\"181\" \/><\/a><\/div>\n<div>Lito Borello, en su declaraci\u00f3n, no dejo lugar a duda al enfatizar que lo que se est\u00e1 juzgando es la protesta social. As\u00ed expreso su preocupaci\u00f3n frente al Tribunal cuando se refiri\u00f3 a la valoraci\u00f3n que nuestra sociedad tiene del Poder Judicial \u201c\u00bfQu\u00e9 imagen le quedar\u00e1 a los j\u00f3venes respecto de la justicia al observar que el asesino de nuestro compa\u00f1ero se encuentra en libertad mientras que a las organizaciones que trabajan y luchan d\u00eda a d\u00eda por la dignidad del pueblo y a sus dirigentes los enjuician?\u201d<\/div>\n<div><\/div>\n<div><a href=\"http:\/\/fmriachuelo.com.ar\/ljkjklj\/wp-content\/uploads\/2017\/04\/3.jpg\"><img loading=\"lazy\" decoding=\"async\" class=\"alignright wp-image-4341 size-medium\" src=\"http:\/\/fmriachuelo.com.ar\/ljkjklj\/wp-content\/uploads\/2017\/04\/3-300x140.jpg\" alt=\"\" width=\"300\" height=\"140\" \/><\/a><\/div>\n<div>\n<div><b>\u201cEl Oso era el mejor de nosotros, era un militante muy querido, pregunten en el barrio\u201d<\/b><\/div>\n<div><\/div>\n<div>En su relato, ordenado y por momentos, conmovedor, Lito Borello reconstruy\u00f3 m\u00e1s de 30 a\u00f1os de militancia. Un recorrido donde se destacan algunos hechos importantes como el origen de su militancia, en la juventud de la Acci\u00f3n Cat\u00f3lica, su paso por la ex Bodega Giol, donde junto al \u201cOso\u201d y a 200 familias apostaron a las construcci\u00f3n de una vivienda digna, de donde fueron brutalmente desalojados. Luego, ya en La Boca, junto con otras familias funda el comedor Los Pibes. All\u00ed se suma Mart\u00edn Cisneros para hacerse cargo de los emprendimientos productivos, como el de panader\u00eda. Junto a otros lucharon contra la exclusi\u00f3n y la muerte, individualizando los nexos entre narcotr\u00e1fico, connivencia policial y poder pol\u00edtico. All\u00ed se encuentra, se\u00f1al\u00f3 Borello, el verdadero motivo del asesinato del Oso.<\/div>\n<div>\n<div><b>\u201cUna muerte anunciada, denunciada a la justicia y al poder pol\u00edtico y deso\u00edda por todos\u201d.<\/b><\/div>\n<div>Jueces y fiscales intentaron indagar, con gran precisi\u00f3n los hechos en la comisaria 24, frente a lo que Lito Borello destac\u00f3 algunas cuestiones que parecen quedar invisibilizadas en la indagatoria: las amenazas previas que ven\u00edan sufriendo integrantes de la organizaci\u00f3n, que hab\u00edan sido denunciadas y deso\u00eddas, la ausencia de en esa noche de las consignas policiales habituales en la esquina de los hechos, la conmoci\u00f3n y la r\u00e1pida movilizaci\u00f3n popular que se produjo luego del asesinato del Oso, con una masiva presencia de vecinos reclamando que el asesino no se escape y que fuere juzgado.<\/div>\n<div>Para finalizar el militante Lito Borello destac\u00f3 la necesidad de este juicio, demorado hasta el borde de la prescripci\u00f3n. Una deuda del poder judicial.\u00a0<b>\u201cEl Oso merece que contemos\u00a0esta historia\u201d, <\/b>sentenci\u00f3<b>, \u201cque es la historia de nuestro pueblo.\u00bb<\/b><\/div>\n<div>\n<div>La pr\u00f3xima audiencia de este juicio oral, fue establecida para el <b>mi\u00e9rcoles 3 de mayo a las 9.30 hs. en los tribunales de Comodoro Py.<\/b><\/div>\n<\/div>\n<\/div>\n<\/div>\n","protected":false},"excerpt":{"rendered":"<p>\u00abEl Oso merece que contemos\u00a0esta historia\u00a0que es la historia de nuestro pueblo\u00bb [FM Riachuelo 24\/4\/2017] Hoy se realiz\u00f3 la segunda audiencia del juicio oral, contra los militantes populares, en la que el Poder Judicial juzga los hechos acontecidos hace casi 13 a\u00f1os en el barrio de La Boca como consecuencia del asesinato de Mart\u00edn Oso [&hellip;]<\/p>\n","protected":false},"author":4,"featured_media":4345,"comment_status":"open","ping_status":"open","sticky":false,"template":"","format":"standard","meta":{"_monsterinsights_skip_tracking":false,"_monsterinsights_sitenote_active":false,"_monsterinsights_sitenote_note":"","_monsterinsights_sitenote_category":0,"jnews-multi-image_gallery":[],"jnews_single_post":[],"jnews_primary_category":[],"_joinchat":[],"footnotes":""},"categories":[78,76],"tags":[104,118],"class_list":["post-4349","post","type-post","status-publish","format-standard","has-post-thumbnail","hentry","category-economia-popular","category-salud-comunitaria","tag-justicia","tag-oso-cisneros"],"_links":{"self":[{"href":"http:\/\/fmriachuelo.it10.com.ar\/index.php\/wp-json\/wp\/v2\/posts\/4349","targetHints":{"allow":["GET"]}}],"collection":[{"href":"http:\/\/fmriachuelo.it10.com.ar\/index.php\/wp-json\/wp\/v2\/posts"}],"about":[{"href":"http:\/\/fmriachuelo.it10.com.ar\/index.php\/wp-json\/wp\/v2\/types\/post"}],"author":[{"embeddable":true,"href":"http:\/\/fmriachuelo.it10.com.ar\/index.php\/wp-json\/wp\/v2\/users\/4"}],"replies":[{"embeddable":true,"href":"http:\/\/fmriachuelo.it10.com.ar\/index.php\/wp-json\/wp\/v2\/comments?post=4349"}],"version-history":[{"count":0,"href":"http:\/\/fmriachuelo.it10.com.ar\/index.php\/wp-json\/wp\/v2\/posts\/4349\/revisions"}],"wp:featuredmedia":[{"embeddable":true,"href":"http:\/\/fmriachuelo.it10.com.ar\/index.php\/wp-json\/"}],"wp:attachment":[{"href":"http:\/\/fmriachuelo.it10.com.ar\/index.php\/wp-json\/wp\/v2\/media?parent=4349"}],"wp:term":[{"taxonomy":"category","embeddable":true,"href":"http:\/\/fmriachuelo.it10.com.ar\/index.php\/wp-json\/wp\/v2\/categories?post=4349"},{"taxonomy":"post_tag","embeddable":true,"href":"http:\/\/fmriachuelo.it10.com.ar\/index.php\/wp-json\/wp\/v2\/tags?post=4349"}],"curies":[{"name":"wp","href":"https:\/\/api.w.org\/{rel}","templated":true}]}}