{"id":434,"date":"2015-05-21T13:10:00","date_gmt":"2015-05-21T13:10:00","guid":{"rendered":"http:\/\/fmriachuelo.observatorioess.org.ar\/index.php\/2015\/05\/21\/segundo-campamento-antimperialista-en-la-ciudad-de-buenos-aires\/"},"modified":"2025-03-31T12:47:08","modified_gmt":"2025-03-31T15:47:08","slug":"segundo-campamento-antimperialista-en-la-ciudad-de-buenos-aires","status":"publish","type":"post","link":"http:\/\/fmriachuelo.it10.com.ar\/index.php\/2015\/05\/21\/segundo-campamento-antimperialista-en-la-ciudad-de-buenos-aires\/","title":{"rendered":"SEGUNDO CAMPAMENTO ANTIMPERIALISTA EN LA CIUDAD DE BUENOS AIRES"},"content":{"rendered":"<p><span style=\"color: red;font-family: Verdana, sans-serif;font-size: large\"><strong>ANTE LA AVANZADA POL\u00cdTICA, MILITAR, ECON\u00d3MICA Y CULTURAL<\/strong><\/span><br \/><span style=\"font-family: Verdana, sans-serif\">Escuch\u00e1 el testimonio expresado en el acampe:<\/span><br \/><a href=\"http:\/\/www.mediafire.com\/listen\/t8wmbr1oh5tx41a\/05-20-2015+-+ACAMPE+ANTIIMPERIALISTA+-+PALABRAS+DE+CARLOS+MARTINEZ+-+EMB.REP.BOL.DE+VENEZUELA+-.mp3\"><span style=\"color: blue;font-family: Verdana, sans-serif\"><strong>EMBAJADOR REP.BOLIV. DE VENEZUELA, CARLOS MARTINEZ MENDOZA<\/strong><\/span><\/a><br \/><a href=\"http:\/\/www.mediafire.com\/listen\/rrjp3i8jginqqrb\/20150520_-_NORMA_MORENO_EMB_NICARAGUA.mp3\"><span style=\"color: blue;font-family: Verdana, sans-serif\"><strong>EMB.NICARAGUA, NORMA MORENO<\/strong><\/span><\/a><\/p>\n<div style=\"clear: both;text-align: center\"><a href=\"http:\/\/4.bp.blogspot.com\/-4lKNaOH-z-I\/VV3YZD3R8oI\/AAAAAAAAEZ0\/pz_rW8vsZoU\/s1600\/acampr.png\" style=\"clear: left;float: left;margin-bottom: 1em;margin-right: 1em\"><img loading=\"lazy\" decoding=\"async\" border=\"0\" height=\"282\" src=\"http:\/\/4.bp.blogspot.com\/-4lKNaOH-z-I\/VV3YZD3R8oI\/AAAAAAAAEZ0\/pz_rW8vsZoU\/s320\/acampr.png\" width=\"320\" \/><\/a><\/div>\n<div style=\"text-align: justify\">\n<div style=\"text-align: left\"><span style=\"font-family: Verdana, sans-serif\"><strong>[FMR Mi\u00e9rcoles 20\/5\/15] Sanciones a Venezuela por ser considerada amenaza; m\u00e1s de 50 a\u00f1os de bloqueo criminal a Cuba; militarizaci\u00f3n colonial de las Islas Malvinas y bases militares en Nuestra Am\u00e9rica; pol\u00edticas extractivas con agronegocios y megaminer\u00eda en favor de empresas trasnacionales; colonizaci\u00f3n cultural desde los medios de comunicaci\u00f3n corporativos. Frente a la persistencia de EE.UU. y sus aliados europeos en sus pol\u00edticas sobre nuestra regi\u00f3n, los pueblos de la Patria Grande se organizan y luchan. Hoy, una vez m\u00e1s, la Diplomacia de los Pueblos fue un hecho en Buenos Aires.<\/strong><\/span><\/div>\n<p><a name='more'><\/a><span style=\"font-family: Verdana, sans-serif\">Una numerosa concurrencia se dio cita en la tarde de hoy en el Parque Rivadavia del porte\u00f1o barrio de Caballito. La convocatoria en el centro geogr\u00e1fico de la ciudad y a los pies del Monumento al Libertador Sim\u00f3n Bol\u00edvar fue realizada por diversas organizaciones populares argentinas: el Frente Popular Dar\u00edo Santill\u00e1n, el Movimiento Patri\u00f3tico Revolucionario Quebracho, la Organizaci\u00f3n Social y Pol\u00edtica Los Pibes, el Encuentro Nacional y Popular Latinoamericano, la Sim\u00f3n Bol\u00edvar, Seamos Libres, la Corriente Pol\u00edtica 17 de Agosto, entre otras. As\u00ed se constituy\u00f3 el Segundo Campamento Antiimperialista.<\/p>\n<p>\u00a1Fuera yanquis de Nuestram\u00e9rica! \u00a1Fuera ingleses de Malvinas! \u00a1Obama anula el decreto ya! \u00a1Venezuela se respeta!\u00a1Colombia no es patrio trasero del Imperio! \u00a1Basta de Bloqueo criminal a Cuba! y \u00a1Mar para Bolivia! fueron las consignas centrales que varios militantes y referentes de esas organizaciones manifestaron mientras hac\u00edan uso del micr\u00f3fono que montaron los organizadores.<\/p>\n<p>El acampe tambi\u00e9n cont\u00f3 con la presencia del Embajador de la Rep\u00fablica Bolivariana de Venezuela Carlos Mart\u00ednez Mendoza, la Embajadora de la Rep\u00fablica de Nicaragua Norma Moreno y el colombiano Javier Calder\u00f3n, responsable de Relaciones Internacionales de Marcha Patri\u00f3tica quienes dirigieron algunas palabras a la concentraci\u00f3n.<\/p>\n<p>FM Riachuelo, adem\u00e1s de sumar su presencia en el lugar con sus militantes de la comunicaci\u00f3n popular, recogi\u00f3 los testimonios de los dos embajadores y transmiti\u00f3 en vivo para Romp\u00e9 el Cerco Informativo (lunes a viernes 18 hs.).<\/span><\/p>\n<div style=\"text-align: justify\"><\/div>\n<div style=\"text-align: justify\"><span style=\"color: blue;font-family: Verdana\">Fuente: Producci\u00f3n Riachuelo<\/span><\/div>\n<\/div>\n","protected":false},"excerpt":{"rendered":"<p>ANTE LA AVANZADA POL\u00cdTICA, MILITAR, ECON\u00d3MICA Y CULTURALEscuch\u00e1 el testimonio expresado en el acampe:EMBAJADOR REP.BOLIV. DE VENEZUELA, CARLOS MARTINEZ MENDOZAEMB.NICARAGUA, NORMA MORENO [FMR Mi\u00e9rcoles 20\/5\/15] Sanciones a Venezuela por ser considerada amenaza; m\u00e1s de 50 a\u00f1os de bloqueo criminal a Cuba; militarizaci\u00f3n colonial de las Islas Malvinas y bases militares en Nuestra Am\u00e9rica; pol\u00edticas extractivas [&hellip;]<\/p>\n","protected":false},"author":4,"featured_media":0,"comment_status":"open","ping_status":"open","sticky":false,"template":"","format":"standard","meta":{"_monsterinsights_skip_tracking":false,"_monsterinsights_sitenote_active":false,"_monsterinsights_sitenote_note":"","_monsterinsights_sitenote_category":0,"jnews-multi-image_gallery":[],"jnews_single_post":{"format":"standard"},"jnews_primary_category":[],"_joinchat":[],"footnotes":""},"categories":[58],"tags":[70,65],"class_list":["post-434","post","type-post","status-publish","format-standard","hentry","category-noticiariachuelo","tag-de-la-patria-grande","tag-soberania"],"_links":{"self":[{"href":"http:\/\/fmriachuelo.it10.com.ar\/index.php\/wp-json\/wp\/v2\/posts\/434","targetHints":{"allow":["GET"]}}],"collection":[{"href":"http:\/\/fmriachuelo.it10.com.ar\/index.php\/wp-json\/wp\/v2\/posts"}],"about":[{"href":"http:\/\/fmriachuelo.it10.com.ar\/index.php\/wp-json\/wp\/v2\/types\/post"}],"author":[{"embeddable":true,"href":"http:\/\/fmriachuelo.it10.com.ar\/index.php\/wp-json\/wp\/v2\/users\/4"}],"replies":[{"embeddable":true,"href":"http:\/\/fmriachuelo.it10.com.ar\/index.php\/wp-json\/wp\/v2\/comments?post=434"}],"version-history":[{"count":1,"href":"http:\/\/fmriachuelo.it10.com.ar\/index.php\/wp-json\/wp\/v2\/posts\/434\/revisions"}],"predecessor-version":[{"id":23444,"href":"http:\/\/fmriachuelo.it10.com.ar\/index.php\/wp-json\/wp\/v2\/posts\/434\/revisions\/23444"}],"wp:attachment":[{"href":"http:\/\/fmriachuelo.it10.com.ar\/index.php\/wp-json\/wp\/v2\/media?parent=434"}],"wp:term":[{"taxonomy":"category","embeddable":true,"href":"http:\/\/fmriachuelo.it10.com.ar\/index.php\/wp-json\/wp\/v2\/categories?post=434"},{"taxonomy":"post_tag","embeddable":true,"href":"http:\/\/fmriachuelo.it10.com.ar\/index.php\/wp-json\/wp\/v2\/tags?post=434"}],"curies":[{"name":"wp","href":"https:\/\/api.w.org\/{rel}","templated":true}]}}