{"id":43,"date":"2015-09-10T14:19:00","date_gmt":"2015-09-10T14:19:00","guid":{"rendered":"http:\/\/fmriachuelo.observatorioess.org.ar\/index.php\/2015\/09\/10\/cordoba-colegios-y-tierras-tomadas\/"},"modified":"2025-05-21T16:14:41","modified_gmt":"2025-05-21T19:14:41","slug":"cordoba-colegios-y-tierras-tomadas","status":"publish","type":"post","link":"http:\/\/fmriachuelo.it10.com.ar\/index.php\/2015\/09\/10\/cordoba-colegios-y-tierras-tomadas\/","title":{"rendered":"CORDOBA: COLEGIOS Y TIERRAS TOMADAS"},"content":{"rendered":"<h1 style=\"background-color: white;border: 0px;line-height: 50.4px;margin: 0px 0px 10px;padding: 0px;vertical-align: baseline;width: 960px\"><span style=\"color: red;font-family: Verdana, sans-serif;font-size: large\">DEMANDAN CONDICIONES DIGNAS PARA ESTUDIAR<\/span><\/h1>\n<h1 style=\"background-color: white;border: 0px;color: #444444;font-family: Oswald, sans-serif;font-size: 42px;font-weight: 400;line-height: 50.4px;margin: 0px 0px 10px;padding: 0px;vertical-align: baseline;width: 960px\"><a href=\"http:\/\/4.bp.blogspot.com\/-y2h6q_twJZs\/VfGQGo2Ip6I\/AAAAAAAAGXQ\/LD5QQxpkZWc\/s1600\/colegio-tomado_0-620x366.jpg\" style=\"clear: left;line-height: 50.4px;margin-bottom: 1em;margin-right: 1em;text-align: center\"><img loading=\"lazy\" decoding=\"async\" border=\"0\" height=\"185\" src=\"http:\/\/4.bp.blogspot.com\/-y2h6q_twJZs\/VfGQGo2Ip6I\/AAAAAAAAGXQ\/LD5QQxpkZWc\/s320\/colegio-tomado_0-620x366.jpg\" width=\"320\" \/><\/a><\/h1>\n<p><span style=\"font-family: Verdana, sans-serif\"><\/p>\n<div style=\"text-align: justify\">[Resumen Latinoamericano\/ 09\/09\/2015]- Los alumnos del Ipem 38 Francisco Pablo de Mauro y el Ipem 318 Combate de la Tablada decidieron tomar este lunes sus respectivos colegios en reclamo de arreglos urgentes en la infraestructura.&nbsp;<\/div>\n<div style=\"text-align: justify\"><\/div>\n<div style=\"text-align: justify\">De esa manera, ya son tres las escuelas tomadas en la ciudad. Hace 12 d\u00edas, los chicos del Ipet 248 Leopoldo Lugones de Nueva C\u00f3rdoba decidieron comenzar con la medida de fuerza por falencias en el sistema el\u00e9ctrico y en la conexi\u00f3n de gas.&nbsp;<\/div>\n<div style=\"text-align: justify\"><\/div>\n<div style=\"text-align: justify\">En la escuela Combate de la Tablada de Villa Urquiza los alumnos piden una conexi\u00f3n de gas natural, tambi\u00e9n para hacer pr\u00e1cticas en el laboratorio. Adem\u00e1s solicitan la limpieza exterior y el arreglo del cerco perimetral, seg\u00fan difundi\u00f3 D\u00eda a D\u00eda.<\/div>\n<div style=\"text-align: justify\"><\/div>\n<div style=\"text-align: justify\">En el Ipem 38 Pablo de Mauro la medida es para pedir el arreglo de los ba\u00f1os y la construcci\u00f3n de un sal\u00f3n de usos m\u00faltiples, entre otras cosas.&nbsp;<\/div>\n<div style=\"text-align: justify\"><\/div>\n<div style=\"text-align: justify\"><\/div>\n<div style=\"text-align: justify\">Respaldo y solidaridad con los estudiantes secundarios que luchan en C\u00f3rdoba y en todo el pa\u00eds<\/div>\n<div style=\"text-align: justify\">El Departamento de Derechos Humanos y el Observatorio de Vulneraci\u00f3n de Derechos de ATE Nacional respalda a los estudiantes secundarios que desde hace meses llevan adelante una digan lucha en reclamo de un sistema educativo inclusivo y p\u00fablico.<\/div>\n<div style=\"text-align: justify\"><\/div>\n<div style=\"text-align: justify\"><a name='more'><\/a><\/div>\n<div style=\"text-align: justify\"><\/div>\n<div style=\"text-align: justify\">Hoy los estudiantes se movilizan nuevamente en demanda de un plan de obra integral para todas las escuelas del pa\u00eds y en defensa de las tomas de colegios que vienen realizando.<\/div>\n<div style=\"text-align: justify\"><\/div>\n<div style=\"text-align: justify\">Ante los planes de ajustes, en la actualidad hay cinco colegios tomados en C\u00f3rdoba en los cuales los alumnos reclaman una educaci\u00f3n p\u00fablica y de calidad.<\/div>\n<div style=\"text-align: justify\"><\/div>\n<div style=\"text-align: justify\">Por esta raz\u00f3n, los estudiantes se movilizan este mi\u00e9rcoles en la capital de la provincia para redoblar su lucha.<\/div>\n<div style=\"text-align: justify\"><\/div>\n<div style=\"text-align: justify\">\u00a1Por una educaci\u00f3n p\u00fablica, gratuita e inclusiva!<\/div>\n<div style=\"text-align: justify\"><\/div>\n<div style=\"text-align: justify\">\u00a1Solidaridad con los y las estudiantes de todo el pa\u00eds que reclaman por sus derechos!<\/div>\n<div style=\"text-align: justify\">H\u00e9ctor Carrica<\/div>\n<div style=\"text-align: justify\"><\/div>\n<div style=\"text-align: justify\">Departamento de Derechos Humanos<\/div>\n<div style=\"text-align: justify\">Observatorio de Vulneraci\u00f3n de Derechos<\/div>\n<div style=\"text-align: justify\"><\/div>\n<div style=\"text-align: justify\"><span style=\"background-color: white\"><span style=\"color: blue\">Resumen Latinoamericano\/Producci\u00f3n Riachuelo<\/span><\/span><\/div>\n<p><\/span><\/p>\n","protected":false},"excerpt":{"rendered":"<p>DEMANDAN CONDICIONES DIGNAS PARA ESTUDIAR [Resumen Latinoamericano\/ 09\/09\/2015]- Los alumnos del Ipem 38 Francisco Pablo de Mauro y el Ipem 318 Combate de la Tablada decidieron tomar este lunes sus respectivos colegios en reclamo de arreglos urgentes en la infraestructura.&nbsp; De esa manera, ya son tres las escuelas tomadas en la ciudad. Hace 12 d\u00edas, [&hellip;]<\/p>\n","protected":false},"author":4,"featured_media":0,"comment_status":"open","ping_status":"open","sticky":false,"template":"","format":"standard","meta":{"_monsterinsights_skip_tracking":false,"_monsterinsights_sitenote_active":false,"_monsterinsights_sitenote_note":"","_monsterinsights_sitenote_category":0,"jnews-multi-image_gallery":[],"jnews_single_post":{"format":"standard"},"jnews_primary_category":[],"_joinchat":[],"footnotes":""},"categories":[58],"tags":[122,101,157],"class_list":["post-43","post","type-post","status-publish","format-standard","hentry","category-noticiariachuelo","tag-derecho-a-la-protesta-social","tag-educacion","tag-nadie-se-salva-solo"],"_links":{"self":[{"href":"http:\/\/fmriachuelo.it10.com.ar\/index.php\/wp-json\/wp\/v2\/posts\/43","targetHints":{"allow":["GET"]}}],"collection":[{"href":"http:\/\/fmriachuelo.it10.com.ar\/index.php\/wp-json\/wp\/v2\/posts"}],"about":[{"href":"http:\/\/fmriachuelo.it10.com.ar\/index.php\/wp-json\/wp\/v2\/types\/post"}],"author":[{"embeddable":true,"href":"http:\/\/fmriachuelo.it10.com.ar\/index.php\/wp-json\/wp\/v2\/users\/4"}],"replies":[{"embeddable":true,"href":"http:\/\/fmriachuelo.it10.com.ar\/index.php\/wp-json\/wp\/v2\/comments?post=43"}],"version-history":[{"count":1,"href":"http:\/\/fmriachuelo.it10.com.ar\/index.php\/wp-json\/wp\/v2\/posts\/43\/revisions"}],"predecessor-version":[{"id":24071,"href":"http:\/\/fmriachuelo.it10.com.ar\/index.php\/wp-json\/wp\/v2\/posts\/43\/revisions\/24071"}],"wp:attachment":[{"href":"http:\/\/fmriachuelo.it10.com.ar\/index.php\/wp-json\/wp\/v2\/media?parent=43"}],"wp:term":[{"taxonomy":"category","embeddable":true,"href":"http:\/\/fmriachuelo.it10.com.ar\/index.php\/wp-json\/wp\/v2\/categories?post=43"},{"taxonomy":"post_tag","embeddable":true,"href":"http:\/\/fmriachuelo.it10.com.ar\/index.php\/wp-json\/wp\/v2\/tags?post=43"}],"curies":[{"name":"wp","href":"https:\/\/api.w.org\/{rel}","templated":true}]}}