{"id":426,"date":"2015-05-22T17:16:00","date_gmt":"2015-05-22T17:16:00","guid":{"rendered":"http:\/\/fmriachuelo.observatorioess.org.ar\/index.php\/2015\/05\/22\/aniversario-25-de-mayo\/"},"modified":"2025-03-31T13:04:17","modified_gmt":"2025-03-31T16:04:17","slug":"aniversario-25-de-mayo","status":"publish","type":"post","link":"http:\/\/fmriachuelo.it10.com.ar\/index.php\/2015\/05\/22\/aniversario-25-de-mayo\/","title":{"rendered":"ANIVERSARIO: 25 DE MAYO"},"content":{"rendered":"<p><strong><span style=\"color: red;font-family: Verdana;font-size: large\">LA P\u00d3LVORA REVOLUCIONARIA<\/span><\/strong><br \/><span style=\"color: black;font-family: Verdana, sans-serif;font-size: large\"><strong>El 25 de Mayo en Nuestra Am\u00e9rica<\/strong><\/span><\/p>\n<div style=\"clear: both;text-align: center\"><a href=\"http:\/\/2.bp.blogspot.com\/-I1hnS_ES-P8\/VV9iSXT8_FI\/AAAAAAAAEbs\/0T12S0dwjSE\/s1600\/Cabildoabierto-Subercaseaux.jpg\" style=\"clear: left;float: left;margin-bottom: 1em;margin-right: 1em\"><img loading=\"lazy\" decoding=\"async\" border=\"0\" height=\"245\" src=\"http:\/\/2.bp.blogspot.com\/-I1hnS_ES-P8\/VV9iSXT8_FI\/AAAAAAAAEbs\/0T12S0dwjSE\/s320\/Cabildoabierto-Subercaseaux.jpg\" width=\"320\" \/><\/a><\/div>\n<div style=\"text-align: justify\"><span style=\"font-family: Verdana, sans-serif\">En este recorrido por el calendario del Mayo rebelde de Nuestra Am\u00e9rica podemos encontrar que el <strong>25<\/strong> es un d\u00eda muy particular. Una fecha con varios aniversarios, con hechos y actores hist\u00f3ricos que nos convocan a reflexionar y debatir nuestra Historia.<\/p>\n<p>Osvaldo Bayer se pregunta \u00bfC\u00f3mo olvidar que fueron dos estados, los reinos de Espa\u00f1a y Portugal, quienes conquistaron estas tierras a sangre y fuego? Produciendo un genocidio que los historiadores estiman que asciende a unas 60 millones de personas en los primeros dos siglos de historia colonial.&nbsp; <\/p>\n<p>El <strong>25 de mayo<\/strong>  no parece ser un d\u00eda m\u00e1s en el calendario de la Historia porque ha dejado un reguero de hechos y personajes, en particular para Nuestra Am\u00e9rica. Las luchas por la libertad, por la independencia, por los derechos de los hombres y mujeres de este continente son las palabras claves para esta efem\u00e9ride de car\u00e1cter m\u00faltiple. La revuelta liderada por Juan Antonio \u00c1lvarez de Arenales ha sabido nutrirse de esas luchas previas y alcanzar el fuego revolucionario con la expulsi\u00f3n del presidente de la Real Audencia, el espa\u00f1ol Ram\u00f3n Garc\u00eda Pizarro, un 25 de mayo.<\/p>\n<p>En 1809 la p\u00f3lvora revolucionaria americana se enciende en Chuquisaca (ayer Alto Per\u00fa, hoy Bolivia) con el llamado <strong>\u201cPrimer Grito Libertario de Am\u00e9rica\u201d.<\/strong>   Hubo muchos gritos previos, en particular de los pueblos originarios como la rebeli\u00f3n de Tupac Amar\u00fa.<\/span><a name='more'><\/a><span style=\"font-family: Verdana, sans-serif\"><br \/>Un a\u00f1o despu\u00e9s, 1810, el calor del fuego iniciado en Chuquisaca prendi\u00f3 en la cuenca del R\u00edo de la Plata, en el puerto de Santa Mar\u00eda de los Buenos Ayres. Los revolucionarios, agrupados en el cabildo de esta ciudad, protagonizan lo que se llama la \u201cRevoluci\u00f3n de Mayo\u201d. Algunos de estos integrantes levantan la bandera de la unidad americana y la independencia de cualquier dominio extranjero. Eso los llev\u00f3 a protagonizar encarnizadamente la lucha contra los porte\u00f1os que, aliado con la inminente potencia Inglaterra, buscaban reemplazar una metr\u00f3poli colonial por otra. Mariano Moreno, Manuel Belgrano, Juan Jos\u00e9 Castelli y tantos otros son las voces revolucionarias que   a\u00fan resuenan llam\u00e1ndonos a alcanzar la segunda y definitiva independencia.<\/p>\n<p>Como forma de consolidar la ola revolucionaria que se alcanzaba en Nuestra Am\u00e9rica se iniciaron diferentes batallas contra los llamados b\u00e1rbaros  instalados en estas tierras y con refuerzos enviados por la corona espa\u00f1ola. Cuatro a\u00f1os despu\u00e9s de la Revoluci\u00f3n de Mayo, el coronel Juan Antonio \u00c1lvarez de Arenales (el mismo l\u00edder de la revuelta de Chuquisaca) derrot\u00f3 a una fuerza peninsular tres veces mayor en La Florida, Alto Per\u00fa. Esta batalla sumada a tantas otras son las que luego culminar\u00e1n con la gloriosa victoria de Jos\u00e9 Antonio Sucre en la batalla de Ayacucho.<\/p>\n<p>Sin embargo la lucha continu\u00f3 a\u00fan despu\u00e9s de la expulsi\u00f3n del colonialismo espa\u00f1ol en Nuestra Am\u00e9rica, la misma lucha por la liberaci\u00f3n de los pueblos. Con el advenimiento de las industrias surgieron grupos de proletarios explotados. Muchos de ellos eran inmigrantes europeos. Pero supieron saber que estaban en una tierra con una rica historia revolucionaria y rebelde. Es as\u00ed que tambi\u00e9n en un 25 de mayo pero de 1857 los obreros gr\u00e1ficos fundaron la Sociedad Tipogr\u00e1fica Bonarense, la primera asociaci\u00f3n de socorros mutuos de la Argentina. Estos obreros iniciaron una lucha por las 8 horas de trabajo, mejores condiciones laborales y salariales, y tambi\u00e9n por una sociedad m\u00e1s justa y equitativa.<\/p>\n<p>El mayo rebelde a\u00fan sigue cabalgando en el calendario. Esta vez con tristeza y verg\u00fcenza para Latinoam\u00e9rica. Tristeza por la muerte de la hero\u00edna de la independencia americana Juana Azurduy. Verg\u00fcenza por el estado de pobreza y abandono en que fallece esta mujer que dio su familia por la liberaci\u00f3n de estas tierras. Juana Azurduy hab\u00eda sido protagonista junto a su esposo Manuel Ascencio Padilla en la revuelta de Chuquisaca de 1809. Luego combatieron en las tropas patri\u00f3ticas, con Juana como l\u00edder guerrillera y mujer combatiente dejando un ejemplo de que el g\u00e9nero no es impedimiento. Su figura ha sido reivindicada recientemente por el actual gobierno nacional al ascenderla post mortem a General del Ej\u00e9rcito Argentino.<\/p>\n<p>Este 25 de Mayo encuentra a los pueblos de la&nbsp;Patria Grande&nbsp;luchando hermanados contra otros poderes que tambi\u00e9n buscan dominarnos y quedarse con nuestros recursos y nuestros bienes para volver a sumergirnos en la dependencia. Nuestros pueblos unidos por la fuerza de la lucha compartida por una tierra libre y soberana se encaminan&nbsp;<\/span><span style=\"font-family: Verdana, sans-serif\">por la segunda y definitiva independencia americana.  <\/p>\n<p><span style=\"color: blue\">Fuentes:  Centro Cultural de la Cooperaci\u00f3n, El Terrorismo de Estado en la Argentina, Producci\u00f3n Riachuelo<br \/><\/span><\/p>\n<p> <\/span><\/div>\n","protected":false},"excerpt":{"rendered":"<p>LA P\u00d3LVORA REVOLUCIONARIAEl 25 de Mayo en Nuestra Am\u00e9rica En este recorrido por el calendario del Mayo rebelde de Nuestra Am\u00e9rica podemos encontrar que el 25 es un d\u00eda muy particular. Una fecha con varios aniversarios, con hechos y actores hist\u00f3ricos que nos convocan a reflexionar y debatir nuestra Historia. Osvaldo Bayer se pregunta \u00bfC\u00f3mo [&hellip;]<\/p>\n","protected":false},"author":4,"featured_media":0,"comment_status":"open","ping_status":"open","sticky":false,"template":"","format":"standard","meta":{"_monsterinsights_skip_tracking":false,"_monsterinsights_sitenote_active":false,"_monsterinsights_sitenote_note":"","_monsterinsights_sitenote_category":0,"jnews-multi-image_gallery":[],"jnews_single_post":{"format":"standard"},"jnews_primary_category":[],"_joinchat":[],"footnotes":""},"categories":[58],"tags":[70,72,65],"class_list":["post-426","post","type-post","status-publish","format-standard","hentry","category-noticiariachuelo","tag-de-la-patria-grande","tag-historia-de-la-lucha-de-los-pueblos","tag-soberania"],"_links":{"self":[{"href":"http:\/\/fmriachuelo.it10.com.ar\/index.php\/wp-json\/wp\/v2\/posts\/426","targetHints":{"allow":["GET"]}}],"collection":[{"href":"http:\/\/fmriachuelo.it10.com.ar\/index.php\/wp-json\/wp\/v2\/posts"}],"about":[{"href":"http:\/\/fmriachuelo.it10.com.ar\/index.php\/wp-json\/wp\/v2\/types\/post"}],"author":[{"embeddable":true,"href":"http:\/\/fmriachuelo.it10.com.ar\/index.php\/wp-json\/wp\/v2\/users\/4"}],"replies":[{"embeddable":true,"href":"http:\/\/fmriachuelo.it10.com.ar\/index.php\/wp-json\/wp\/v2\/comments?post=426"}],"version-history":[{"count":1,"href":"http:\/\/fmriachuelo.it10.com.ar\/index.php\/wp-json\/wp\/v2\/posts\/426\/revisions"}],"predecessor-version":[{"id":23455,"href":"http:\/\/fmriachuelo.it10.com.ar\/index.php\/wp-json\/wp\/v2\/posts\/426\/revisions\/23455"}],"wp:attachment":[{"href":"http:\/\/fmriachuelo.it10.com.ar\/index.php\/wp-json\/wp\/v2\/media?parent=426"}],"wp:term":[{"taxonomy":"category","embeddable":true,"href":"http:\/\/fmriachuelo.it10.com.ar\/index.php\/wp-json\/wp\/v2\/categories?post=426"},{"taxonomy":"post_tag","embeddable":true,"href":"http:\/\/fmriachuelo.it10.com.ar\/index.php\/wp-json\/wp\/v2\/tags?post=426"}],"curies":[{"name":"wp","href":"https:\/\/api.w.org\/{rel}","templated":true}]}}