{"id":4251,"date":"2017-04-09T23:26:44","date_gmt":"2017-04-09T23:26:44","guid":{"rendered":"http:\/\/fmriachuelo.com.ar\/ljkjklj\/?p=4251"},"modified":"2017-04-09T23:26:44","modified_gmt":"2017-04-09T23:26:44","slug":"programa-especial-balance-de-la-jornada-nacional-de-paro-activo","status":"publish","type":"post","link":"http:\/\/fmriachuelo.it10.com.ar\/index.php\/2017\/04\/09\/programa-especial-balance-de-la-jornada-nacional-de-paro-activo\/","title":{"rendered":"PROGRAMA ESPECIAL \u00abBALANCE DE LA JORNADA NACIONAL DE PARO ACTIVO\u00bb"},"content":{"rendered":"<p>[FM Riachuelo 09\/04\/2017] El viernes pasado, 7 de abril, desde el piso de la radio, se realiz\u00f3 un programa especial con todos los protagonistas de la Jornada Nacional de Paro Activo, del d\u00eda 6 de abril. Con\u00a0todos los protagonistas de la jornada\u00a0que hicieron un\u00a0balance de la situaci\u00f3n y la creciente organizaci\u00f3n que se viene gestando en el barrio de La Boca.<\/p>\n<p>Los invitamos a escuchar este especial con las voces de los protagonistas de la lucha en la callle:<\/p>\n<p><span style=\"color: #ff0000\"><strong>FM Riachuelo 100.9<\/strong><\/span> en su habitual espacio radial de los viernes a las 19 hs., <strong><span style=\"color: #000000\">Cazadores de Zonceras<\/span><\/strong> realiz\u00f3 un programa especial de balance sobre la jornada nacional de paro activo del jueves 6 de abril donde se desarroll\u00f3 una amplia asamblea de trabajadores en el\u00a0Puente Nicol\u00e1s Avellaneda. Todos los que participaron del programa, \u00a0estuvieron presentes en la actividad del puente. Ellos son: Los Cartoneros de La Boca, un grupo de cartoneros de la calle Ministro Brin y aleda\u00f1os en pleno proceso de organizaci\u00f3n en Cooperativa de trabajo; un vecino emprendedor, Diego del Taller La Panader\u00eda; Antonella, vecina del barrio y referente de la Agrupaci\u00f3n Estudiantil Sim\u00f3n Bol\u00edvar; Yhoni Maidana en representaci\u00f3n de la Co.Vi.L.Pi. (Cooperativa de Vivienda Los Pibes) y v\u00eda telef\u00f3nica Marta Ferraro de la Agrupaci\u00f3n de Frente de la CTEP de M\u00e1ximo Paz, Ca\u00f1uelas, qui\u00e9n nos relat\u00f3 c\u00f3mo se llev\u00f3 a cabo la jornada en esa zona del conurbano. Los invitamos a escuchar este especial con las voces de los protagonistas de la lucha en la callle.<\/p>\n","protected":false},"excerpt":{"rendered":"<p>[FM Riachuelo 09\/04\/2017] El viernes pasado, 7 de abril, desde el piso de la radio, se realiz\u00f3 un programa especial con todos los protagonistas de la Jornada Nacional de Paro Activo, del d\u00eda 6 de abril. Con\u00a0todos los protagonistas de la jornada\u00a0que hicieron un\u00a0balance de la situaci\u00f3n y la creciente organizaci\u00f3n que se viene gestando [&hellip;]<\/p>\n","protected":false},"author":4,"featured_media":4252,"comment_status":"open","ping_status":"open","sticky":false,"template":"","format":"audio","meta":{"_monsterinsights_skip_tracking":false,"_monsterinsights_sitenote_active":false,"_monsterinsights_sitenote_note":"","_monsterinsights_sitenote_category":0,"jnews-multi-image_gallery":[],"jnews_single_post":[],"jnews_primary_category":[],"_joinchat":[],"footnotes":""},"categories":[78,77],"tags":[],"class_list":["post-4251","post","type-post","status-publish","format-audio","has-post-thumbnail","hentry","category-economia-popular","category-soberania","post_format-post-format-audio"],"_links":{"self":[{"href":"http:\/\/fmriachuelo.it10.com.ar\/index.php\/wp-json\/wp\/v2\/posts\/4251","targetHints":{"allow":["GET"]}}],"collection":[{"href":"http:\/\/fmriachuelo.it10.com.ar\/index.php\/wp-json\/wp\/v2\/posts"}],"about":[{"href":"http:\/\/fmriachuelo.it10.com.ar\/index.php\/wp-json\/wp\/v2\/types\/post"}],"author":[{"embeddable":true,"href":"http:\/\/fmriachuelo.it10.com.ar\/index.php\/wp-json\/wp\/v2\/users\/4"}],"replies":[{"embeddable":true,"href":"http:\/\/fmriachuelo.it10.com.ar\/index.php\/wp-json\/wp\/v2\/comments?post=4251"}],"version-history":[{"count":0,"href":"http:\/\/fmriachuelo.it10.com.ar\/index.php\/wp-json\/wp\/v2\/posts\/4251\/revisions"}],"wp:featuredmedia":[{"embeddable":true,"href":"http:\/\/fmriachuelo.it10.com.ar\/index.php\/wp-json\/"}],"wp:attachment":[{"href":"http:\/\/fmriachuelo.it10.com.ar\/index.php\/wp-json\/wp\/v2\/media?parent=4251"}],"wp:term":[{"taxonomy":"category","embeddable":true,"href":"http:\/\/fmriachuelo.it10.com.ar\/index.php\/wp-json\/wp\/v2\/categories?post=4251"},{"taxonomy":"post_tag","embeddable":true,"href":"http:\/\/fmriachuelo.it10.com.ar\/index.php\/wp-json\/wp\/v2\/tags?post=4251"}],"curies":[{"name":"wp","href":"https:\/\/api.w.org\/{rel}","templated":true}]}}