{"id":425,"date":"2015-05-24T16:28:00","date_gmt":"2015-05-24T16:28:00","guid":{"rendered":"http:\/\/fmriachuelo.observatorioess.org.ar\/index.php\/2015\/05\/24\/honduras-denuncia-para-favorecer-impunidad-de-asesinato-maria-flora-claros-claros\/"},"modified":"2025-03-31T13:05:13","modified_gmt":"2025-03-31T16:05:13","slug":"honduras-denuncia-para-favorecer-impunidad-de-asesinato-maria-flora-claros-claros","status":"publish","type":"post","link":"http:\/\/fmriachuelo.it10.com.ar\/index.php\/2015\/05\/24\/honduras-denuncia-para-favorecer-impunidad-de-asesinato-maria-flora-claros-claros\/","title":{"rendered":"HONDURAS: DENUNCIA PARA FAVORECER IMPUNIDAD DE ASESINATO MARIA FLORA CLAROS CLAROS"},"content":{"rendered":"<div style=\"clear: both;text-align: center\"><a href=\"http:\/\/4.bp.blogspot.com\/-aks6secJsOs\/VWH7yawuIBI\/AAAAAAAAEcE\/xHrBT0V0Y8I\/s1600\/COORD.jpg\" style=\"clear: left;float: left;margin-bottom: 1em;margin-right: 1em\"><img loading=\"lazy\" decoding=\"async\" border=\"0\" height=\"320\" src=\"http:\/\/4.bp.blogspot.com\/-aks6secJsOs\/VWH7yawuIBI\/AAAAAAAAEcE\/xHrBT0V0Y8I\/s320\/COORD.jpg\" width=\"320\" \/><\/a><\/div>\n<p><span style=\"color: red;font-size: large\"><strong>DENUNCIA URGENTE<\/strong><\/span><br \/><span style=\"font-family: Verdana\"><\/span><\/p>\n<div style=\"text-align: justify\"><\/div>\n<p><span style=\"font-family: Verdana, sans-serif\"><\/p>\n<div style=\"text-align: justify\"><strong>Coordinadora Ind\u00edgena del Poder Popular de Honduras, CInPH<\/strong><br \/>Presiones Pol\u00edticas para favorecer la impunidad en el asesinato de Mar\u00eda Flora Claros Claros.<\/p>\n<p>&nbsp;<\/p><\/div>\n<div><span style=\"font-size: 12pt;line-height: 115%\">El d\u00eda mi\u00e9rcoles 20 de mayo se presento un grupo de familiares de la se\u00f1ora Mar\u00eda Flora Claros Claros, asesinada en La Esperanza Intibuc\u00e1 el 30 de julio del a\u00f1o 2,014 quien fue, golpeada torturada punz\u00e1ndole su vulva, <span>&nbsp;<\/span>macheteada, abusada sexualmente para finalmente ahorcarla con una cabuya. El presunto asesino la acusaba de causar la muerte de sus gallinas con brujer\u00eda.<\/span><\/div>\n<div style=\"text-align: justify\"> <a name='more'><\/a><\/p>\n<div><span style=\"font-size: 12pt;line-height: 115%\">El asunto es que el juicio oral y p\u00fablico comienza el 4 de junio del presente a\u00f1o en Sigutepeque Comayagua y personas del partido Nacional vinculadas a la presidencia de la rep\u00fablica, <span>&nbsp;<\/span>est\u00e1n ejerciendo presiones e influencias para que se deje en libertad al presunto asesino Marvin Cruz Lara, que fue la persona que se la llevo de la casa y que le encontraron el chip de la compa\u00f1era asesinada, adem\u00e1s de encontrar sangre en el veh\u00edculo. <\/span><\/div>\n<div style=\"text-align: justify\"> <\/div>\n<div><span style=\"font-size: 12pt;line-height: 115%\">Denunciamos que hay otras 2 personas que participaron en el asesinato quienes est\u00e1n libres, uno en Estados Unidos y otro en El Barrio Santa Anita de La Esperanza Intibuc\u00e1.<\/span><\/div>\n<div style=\"text-align: justify\"> <\/div>\n<div><span style=\"font-size: 12pt;line-height: 115%\">Las personas familiares de la se\u00f1ora Mar\u00eda Flora Claros, Claros exigen al gobierno de la rep\u00fablica que respete sus funciones y no sigan favoreciendo la violencia e impunidad, as\u00ed mismo demandan al poder judicial que ya no averg\u00fcencen a este pa\u00eds impartiendo injusticias y favoreciendo el crimen y la impunidad.<\/span><\/div>\n<div style=\"text-align: justify\"> <\/div>\n<div><span style=\"font-size: 12pt;line-height: 115%\">La Esperanza, Intibuc\u00e1 20 de mayo del a\u00f1o 2,015<\/span><\/div>\n<div style=\"text-align: justify\">&nbsp;<\/div>\n<div style=\"text-align: justify\"><span style=\"color: blue\">Fuente: Coord. Indigena, Producci\u00f3n Riachuelo<\/span><\/div>\n<\/div>\n<p><\/span><\/p>\n<div style=\"text-align: justify\"><\/div>\n","protected":false},"excerpt":{"rendered":"<p>DENUNCIA URGENTE Coordinadora Ind\u00edgena del Poder Popular de Honduras, CInPHPresiones Pol\u00edticas para favorecer la impunidad en el asesinato de Mar\u00eda Flora Claros Claros. &nbsp; El d\u00eda mi\u00e9rcoles 20 de mayo se presento un grupo de familiares de la se\u00f1ora Mar\u00eda Flora Claros Claros, asesinada en La Esperanza Intibuc\u00e1 el 30 de julio del a\u00f1o 2,014 [&hellip;]<\/p>\n","protected":false},"author":4,"featured_media":0,"comment_status":"open","ping_status":"open","sticky":false,"template":"","format":"standard","meta":{"_monsterinsights_skip_tracking":false,"_monsterinsights_sitenote_active":false,"_monsterinsights_sitenote_note":"","_monsterinsights_sitenote_category":0,"jnews-multi-image_gallery":[],"jnews_single_post":{"format":"standard"},"jnews_primary_category":[],"_joinchat":[],"footnotes":""},"categories":[58],"tags":[70,119],"class_list":["post-425","post","type-post","status-publish","format-standard","hentry","category-noticiariachuelo","tag-de-la-patria-grande","tag-derechos-humanos"],"_links":{"self":[{"href":"http:\/\/fmriachuelo.it10.com.ar\/index.php\/wp-json\/wp\/v2\/posts\/425","targetHints":{"allow":["GET"]}}],"collection":[{"href":"http:\/\/fmriachuelo.it10.com.ar\/index.php\/wp-json\/wp\/v2\/posts"}],"about":[{"href":"http:\/\/fmriachuelo.it10.com.ar\/index.php\/wp-json\/wp\/v2\/types\/post"}],"author":[{"embeddable":true,"href":"http:\/\/fmriachuelo.it10.com.ar\/index.php\/wp-json\/wp\/v2\/users\/4"}],"replies":[{"embeddable":true,"href":"http:\/\/fmriachuelo.it10.com.ar\/index.php\/wp-json\/wp\/v2\/comments?post=425"}],"version-history":[{"count":1,"href":"http:\/\/fmriachuelo.it10.com.ar\/index.php\/wp-json\/wp\/v2\/posts\/425\/revisions"}],"predecessor-version":[{"id":23456,"href":"http:\/\/fmriachuelo.it10.com.ar\/index.php\/wp-json\/wp\/v2\/posts\/425\/revisions\/23456"}],"wp:attachment":[{"href":"http:\/\/fmriachuelo.it10.com.ar\/index.php\/wp-json\/wp\/v2\/media?parent=425"}],"wp:term":[{"taxonomy":"category","embeddable":true,"href":"http:\/\/fmriachuelo.it10.com.ar\/index.php\/wp-json\/wp\/v2\/categories?post=425"},{"taxonomy":"post_tag","embeddable":true,"href":"http:\/\/fmriachuelo.it10.com.ar\/index.php\/wp-json\/wp\/v2\/tags?post=425"}],"curies":[{"name":"wp","href":"https:\/\/api.w.org\/{rel}","templated":true}]}}