{"id":4247,"date":"2017-04-09T19:19:31","date_gmt":"2017-04-09T19:19:31","guid":{"rendered":"http:\/\/fmriachuelo.com.ar\/ljkjklj\/?p=4247"},"modified":"2017-04-09T19:19:31","modified_gmt":"2017-04-09T19:19:31","slug":"serie-documental-la-rebelion-es-justicia-capitulo-2o-el-asesinato-del-oso","status":"publish","type":"post","link":"http:\/\/fmriachuelo.it10.com.ar\/index.php\/2017\/04\/09\/serie-documental-la-rebelion-es-justicia-capitulo-2o-el-asesinato-del-oso\/","title":{"rendered":"SERIE DOCUMENTAL LA REBELI\u00d3N ES JUSTICIA, CAP\u00cdTULO 2\u00ba, EL ASESINATO DEL OSO"},"content":{"rendered":"<p><strong>NO FU<span class=\"text_exposed_show\">E LA TOMA DE UNA COMISARIA, FUE EL ASESINATO DE UN COMPA\u00d1ERO<\/span><\/strong><\/p>\n<p>[FM Riachuelo 09\/04\/2017] Una nueva entrega de la serie documental: <strong>\u00abLa Rebeli\u00f3n es Justicia\u00bb<\/strong>, cap\u00edtulo 2\u00ba, realizada y producida por el Equipo Audiovisual Riachuelo. Una segunda entrega de una serie en donde se intenta visibilizar la situacion de injusticia que pesa sobre los luchadores populares, amenazados con\u00a0un proximo Juicio Oral, el pr\u00f3ximo 19 de abril, por la Toma de la Comisar\u00eda 24. \u00a0 que se origin\u00f3 por la espontanea reacci\u00f3n popular frente al asesinato de un compa\u00f1ero, Mart\u00edn \u00abOso\u00bb Cisneros,\u00a0cuyo asesino era un protegido de las fuerzas policiales en ese momento. La reacci\u00f3n popular permiti\u00f3 que el asesino Juan Duarte fuera juzgado y condenado por el asesinato. Mir\u00e1 la historia\u00a0con testimonios verdaderos en primera persona continuaci\u00f3n:<\/p>\n<div class=\"jeg_video_container jeg_video_content\"><iframe loading=\"lazy\" title=\"La Rebeli\u00f3n es Justicia - Cap\u00edtulo #2 El Asesinato\" width=\"500\" height=\"281\" src=\"https:\/\/www.youtube.com\/embed\/swQQP8R16zQ?feature=oembed\" frameborder=\"0\" allow=\"accelerometer; autoplay; clipboard-write; encrypted-media; gyroscope; picture-in-picture; web-share\" referrerpolicy=\"strict-origin-when-cross-origin\" allowfullscreen><\/iframe><\/div>\n<p>NUEVO CAP\u00cdTULO DE LA SERIE DOCUMENTAL \u00abLA REBELI\u00d3N ES JUSTICIA\u00bb<\/p>\n<p>Ellos insisten con la mentira: lanzaron una nueva fecha para el juicio oral a Lito Borello, Luis D\u00b4El\u00eda y Luis Bord\u00f3n. El 19 de abril qiueren insistir con la violencia y la criminalizaci\u00f3n de los que se organizan y luchan por un mundo con justicia social.<\/p>\n<p>Nosotros insistimos con la batalla de las ideas, como nos ense\u00f1\u00f3 Fidel y tantos otros compa\u00f1eros, para decir otra vez y todas las veces que sea necesario: NO FU<span class=\"text_exposed_show\">E LA TOMA DE UNA COMISARIA, FUE EL ASESINATO DE UN COMPA\u00d1ERO.<\/span><\/p>\n<div class=\"text_exposed_show\">\n<p>CONTRA LA CRIMINALIZACI\u00d3N DE LA PROTESTA Y LA ORGANIZACI\u00d3N POPULAR<\/p>\n<p><strong>Historia del 25 de junio de 2004<\/strong><\/p>\n<p>El 25 de junio de 2004, a pocas horas de conmemorarse el segundo aniversario del asesinato de los militantes Maximiliano Kosteki y Dar\u00edo Santill\u00e1n\u00a0 Juan Carlos Duarte asesin\u00f3 a Mart\u00edn \u201cOso\u201d Cisneros,\u00a0 uno de los principales referentes del Comedor Los Pibes, en su casa del barrio de La Boca.\u00a0 Un hecho que se ven\u00eda anunciando por las amenazas y algunos hechos delictivos que se suced\u00edan \u00a0contra los militantes de la organizaci\u00f3n.<\/p>\n<p>En ese momento en el barrio se estaban sucediendo situaciones de gran tensi\u00f3n producto de las luchas que favorec\u00eda la Organizaci\u00f3n con los vecinos, \u00a0para facilitar el acceso a recursos para mejorar la situaci\u00f3n alimentaria,\u00a0 de pobreza,\u00a0 la falta de vivienda y sobre todo porque desnudaba una situaci\u00f3n\u00a0 que se multiplicaba con la presencia del Paco, que diezmaba a los j\u00f3venes,\u00a0 en este y otros barrios populares. La interpretaci\u00f3n que cada vez se hac\u00eda m\u00e1s certera era la presencia de una \u201cdroga de exterminio\u201d contra los j\u00f3venes y sus familias, cuya intenci\u00f3n era vaciar el territorio, para favorecer\u00a0 proyectos inmobiliarios, que hoy se volvieron una realidad. Una droga en donde se anudaban intereses diversos: narcotr\u00e1fico, especulaci\u00f3n financiera e inmobiliaria en alianza con el poder. Una vieja receta, una vieja pol\u00edtica.<\/p>\n<p>El asesino del \u201cOso\u201d, \u00a0Juan Carlos Duarte, era un conocido de la polic\u00eda y del barrio, c\u00e9lebre como \u201cgordo colchones\u201d porque lideraba una banda que comet\u00eda il\u00edcitos y que era vox populi que contaba con\u00a0 complicidad de las fuerzas del orden, que liberaban las zonas o nunca lo encontraban.<\/p>\n<p>El asesinato de un militante tan popular como el \u201cOso\u201d Cisneros provoc\u00f3 una pueblada en el barrio\u00a0 que se moviliz\u00f3\u00a0 indignado hasta la Comisar\u00eda 24, \u00a0que proteg\u00eda al \u201cgordo colchones\u201d, momento en que se produce La Toma de la Comisaria y cuya consecuencia fue que sea apresado y encarcelado.<\/p>\n<p>&nbsp;<\/p>\n<\/div>\n<p>&nbsp;<\/p>\n<p>&nbsp;<\/p>\n","protected":false},"excerpt":{"rendered":"<p>NO FUE LA TOMA DE UNA COMISARIA, FUE EL ASESINATO DE UN COMPA\u00d1ERO [FM Riachuelo 09\/04\/2017] Una nueva entrega de la serie documental: \u00abLa Rebeli\u00f3n es Justicia\u00bb, cap\u00edtulo 2\u00ba, realizada y producida por el Equipo Audiovisual Riachuelo. Una segunda entrega de una serie en donde se intenta visibilizar la situacion de injusticia que pesa sobre [&hellip;]<\/p>\n","protected":false},"author":4,"featured_media":4248,"comment_status":"open","ping_status":"open","sticky":false,"template":"","format":"standard","meta":{"_monsterinsights_skip_tracking":false,"_monsterinsights_sitenote_active":false,"_monsterinsights_sitenote_note":"","_monsterinsights_sitenote_category":0,"jnews-multi-image_gallery":[],"jnews_single_post":[],"jnews_primary_category":[],"_joinchat":[],"footnotes":""},"categories":[78,77],"tags":[72,118],"class_list":["post-4247","post","type-post","status-publish","format-standard","has-post-thumbnail","hentry","category-economia-popular","category-soberania","tag-historia-de-la-lucha-de-los-pueblos","tag-oso-cisneros"],"_links":{"self":[{"href":"http:\/\/fmriachuelo.it10.com.ar\/index.php\/wp-json\/wp\/v2\/posts\/4247","targetHints":{"allow":["GET"]}}],"collection":[{"href":"http:\/\/fmriachuelo.it10.com.ar\/index.php\/wp-json\/wp\/v2\/posts"}],"about":[{"href":"http:\/\/fmriachuelo.it10.com.ar\/index.php\/wp-json\/wp\/v2\/types\/post"}],"author":[{"embeddable":true,"href":"http:\/\/fmriachuelo.it10.com.ar\/index.php\/wp-json\/wp\/v2\/users\/4"}],"replies":[{"embeddable":true,"href":"http:\/\/fmriachuelo.it10.com.ar\/index.php\/wp-json\/wp\/v2\/comments?post=4247"}],"version-history":[{"count":0,"href":"http:\/\/fmriachuelo.it10.com.ar\/index.php\/wp-json\/wp\/v2\/posts\/4247\/revisions"}],"wp:featuredmedia":[{"embeddable":true,"href":"http:\/\/fmriachuelo.it10.com.ar\/index.php\/wp-json\/"}],"wp:attachment":[{"href":"http:\/\/fmriachuelo.it10.com.ar\/index.php\/wp-json\/wp\/v2\/media?parent=4247"}],"wp:term":[{"taxonomy":"category","embeddable":true,"href":"http:\/\/fmriachuelo.it10.com.ar\/index.php\/wp-json\/wp\/v2\/categories?post=4247"},{"taxonomy":"post_tag","embeddable":true,"href":"http:\/\/fmriachuelo.it10.com.ar\/index.php\/wp-json\/wp\/v2\/tags?post=4247"}],"curies":[{"name":"wp","href":"https:\/\/api.w.org\/{rel}","templated":true}]}}