{"id":4244,"date":"2017-04-07T18:43:00","date_gmt":"2017-04-07T18:43:00","guid":{"rendered":"http:\/\/fmriachuelo.com.ar\/ljkjklj\/?p=4244"},"modified":"2017-04-07T18:43:00","modified_gmt":"2017-04-07T18:43:00","slug":"festival-en-pineiro-contra-el-vaciamiento-de-acumar-en-defensa-del-espacio-publico","status":"publish","type":"post","link":"http:\/\/fmriachuelo.it10.com.ar\/index.php\/2017\/04\/07\/festival-en-pineiro-contra-el-vaciamiento-de-acumar-en-defensa-del-espacio-publico\/","title":{"rendered":"FESTIVAL EN PI\u00d1EIRO, CONTRA EL VACIAMIENTO DE ACUMAR, EN DEFENSA DEL ESPACIO P\u00daBLICO"},"content":{"rendered":"<p>[FM Riachuelo 09\/04\/2017] En Pi\u00f1eiro, localidad de Avellaneda, el s\u00e1bado 8 \u00a0se realizar\u00e1 el\u00a0\u00abFestival Riberazo\u00bb en defensa del espacio p\u00fablico y para visibilizar la creciente desinversi\u00f3n de ACUMAR, que se realizar\u00e1 en la ribera del Riachuelo. \u00a0Los vecinos piden que contin\u00faen las obras que se han interrumpido desde fines de enero, \u00a0que permit\u00edan mejorar la zona.<\/p>\n<p>En el programa Romp\u00e9 el Cerco Informativo, dialogamos con Hern\u00e1n, trabajador y presidente de la Cooperativa de Trabajo Cimarr\u00f3n, una de las organizadoras del Festival:<\/p>\n","protected":false},"excerpt":{"rendered":"<p>[FM Riachuelo 09\/04\/2017] En Pi\u00f1eiro, localidad de Avellaneda, el s\u00e1bado 8 \u00a0se realizar\u00e1 el\u00a0\u00abFestival Riberazo\u00bb en defensa del espacio p\u00fablico y para visibilizar la creciente desinversi\u00f3n de ACUMAR, que se realizar\u00e1 en la ribera del Riachuelo. \u00a0Los vecinos piden que contin\u00faen las obras que se han interrumpido desde fines de enero, \u00a0que permit\u00edan mejorar la [&hellip;]<\/p>\n","protected":false},"author":4,"featured_media":4245,"comment_status":"open","ping_status":"open","sticky":false,"template":"","format":"standard","meta":{"_monsterinsights_skip_tracking":false,"_monsterinsights_sitenote_active":false,"_monsterinsights_sitenote_note":"","_monsterinsights_sitenote_category":0,"jnews-multi-image_gallery":[],"jnews_single_post":[],"jnews_primary_category":[],"_joinchat":[],"footnotes":""},"categories":[74,77],"tags":[71],"class_list":["post-4244","post","type-post","status-publish","format-standard","has-post-thumbnail","hentry","category-san-cayetano","category-soberania","tag-de-la-tierra"],"_links":{"self":[{"href":"http:\/\/fmriachuelo.it10.com.ar\/index.php\/wp-json\/wp\/v2\/posts\/4244","targetHints":{"allow":["GET"]}}],"collection":[{"href":"http:\/\/fmriachuelo.it10.com.ar\/index.php\/wp-json\/wp\/v2\/posts"}],"about":[{"href":"http:\/\/fmriachuelo.it10.com.ar\/index.php\/wp-json\/wp\/v2\/types\/post"}],"author":[{"embeddable":true,"href":"http:\/\/fmriachuelo.it10.com.ar\/index.php\/wp-json\/wp\/v2\/users\/4"}],"replies":[{"embeddable":true,"href":"http:\/\/fmriachuelo.it10.com.ar\/index.php\/wp-json\/wp\/v2\/comments?post=4244"}],"version-history":[{"count":0,"href":"http:\/\/fmriachuelo.it10.com.ar\/index.php\/wp-json\/wp\/v2\/posts\/4244\/revisions"}],"wp:featuredmedia":[{"embeddable":true,"href":"http:\/\/fmriachuelo.it10.com.ar\/index.php\/wp-json\/"}],"wp:attachment":[{"href":"http:\/\/fmriachuelo.it10.com.ar\/index.php\/wp-json\/wp\/v2\/media?parent=4244"}],"wp:term":[{"taxonomy":"category","embeddable":true,"href":"http:\/\/fmriachuelo.it10.com.ar\/index.php\/wp-json\/wp\/v2\/categories?post=4244"},{"taxonomy":"post_tag","embeddable":true,"href":"http:\/\/fmriachuelo.it10.com.ar\/index.php\/wp-json\/wp\/v2\/tags?post=4244"}],"curies":[{"name":"wp","href":"https:\/\/api.w.org\/{rel}","templated":true}]}}