{"id":424,"date":"2015-05-24T16:41:00","date_gmt":"2015-05-24T16:41:00","guid":{"rendered":"http:\/\/fmriachuelo.observatorioess.org.ar\/index.php\/2015\/05\/24\/bariloche-encuentro-de-productores-y-consumidores-populares\/"},"modified":"2025-03-31T13:06:38","modified_gmt":"2025-03-31T16:06:38","slug":"bariloche-encuentro-de-productores-y-consumidores-populares","status":"publish","type":"post","link":"http:\/\/fmriachuelo.it10.com.ar\/index.php\/2015\/05\/24\/bariloche-encuentro-de-productores-y-consumidores-populares\/","title":{"rendered":"BARILOCHE: ENCUENTRO DE PRODUCTORES Y CONSUMIDORES POPULARES"},"content":{"rendered":"<h1><span><span style=\"color: red\">&nbsp;ABASTECIMIENTO P\u00daBLICO Y POPULAR <\/span><\/span><\/h1>\n<div style=\"clear: both;text-align: center\"><a href=\"http:\/\/3.bp.blogspot.com\/-5W3KJ5As2SU\/VWH8tqNCWjI\/AAAAAAAAEcQ\/TRlFSbBdbYQ\/s1600\/315958_258891770813927_100000793184215_653247_731960630_n.jpg\" style=\"clear: left;float: left;margin-bottom: 1em;margin-right: 1em\"><img loading=\"lazy\" decoding=\"async\" border=\"0\" height=\"150\" src=\"http:\/\/3.bp.blogspot.com\/-5W3KJ5As2SU\/VWH8tqNCWjI\/AAAAAAAAEcQ\/TRlFSbBdbYQ\/s200\/315958_258891770813927_100000793184215_653247_731960630_n.jpg\" width=\"200\" \/><\/a><\/div>\n<div style=\"text-align: justify\"><span style=\"font-family: Verdana, sans-serif\"><strong>La CTEP presente en el Encuentro de Productores y Consumidores para el abastecimiento p\u00fablico en Bariloche.<\/strong><\/span><\/div>\n<div style=\"text-align: justify\"><span style=\"font-family: Verdana, sans-serif\">&nbsp;<\/span><\/div>\n<div style=\"text-align: justify\"><span style=\"font-family: Verdana, sans-serif\">El pasado lunes 18 de mayo la Confederaci\u00f3n de Trabajadores de la Econom\u00eda Popular estuvo presente en el \u201cEncuentro de Productores y Consumidores para el abastecimiento p\u00fablico\u201d, a trav\u00e9s del Secretario de Producci\u00f3n y Comercializaci\u00f3n Nahuel Levaggi y militantes de organizaciones locales de la junta Promotora de la CTEP Bariloche.<\/span><\/div>\n<p><a name='more'><\/a><br \/><span style=\"font-family: Verdana, sans-serif\">El encuentro cont\u00f3 con una gran concurrencia de cooperativas de productores y consumidores de la regi\u00f3n para discutir el abastecimiento p\u00fablico en la ciudad .<\/p>\n<p>Nahuel Levaggi disert\u00f3 en un panel que cont\u00f3 con la presencia de funcionarios municipales y referentes sociales que desarrollan tareas vinculadas a procesos organizativos de productores y consumidores.<\/p>\n<p>Ante unas 100 personas presentes, el representante de la CTEP explic\u00f3 el funcionamiento de la confederaci\u00f3n, celebr\u00f3 la iniciativa de las diferentes organizaciones que impulsan diariamente circuitos de intercambio a precio justo, expres\u00f3 su acuerdo con que el consumo p\u00fablico pueda ser discutido en instancias gubernamentales y breg\u00f3 por la consolidaci\u00f3n de una econom\u00eda al servicio del Pueblo frente a una econom\u00eda al servicio de la renta desmedida. Adem\u00e1s manifest\u00f3 la necesidad de generar instancias de discusi\u00f3n en torno a la propiedad de la tierra para peque\u00f1os productores en la regi\u00f3n.<\/p>\n<p>El encuentro que se desarroll\u00f3 entre el lunes y martes fue co-organizado junto al municipio por diferentes cooperativas de productores y consumidores de la ciudad.<\/p>\n<p>Entre estas organizaciones particip\u00f3 activamente la Cooperativa de Vivienda , Consumo y Servicios P\u00fablicos \u201cLa Pionera Patag\u00f3nica\u201d de la  CTEP Bariloche,  que actualmente desarrolla tareas vinculadas al abastecimiento a trav\u00e9s de su Nodo Barrial de Distribuci\u00f3n y esta pronta a firmar un convenio provisorio con el Municipio de Bariloche para co-gestionar el Mercado Municipal Comunitario, hasta tanto sea promulgada la ordenanza del Ente Autarquico del Mercado. <\/span><br \/><span style=\"font-family: Verdana\"><\/span><br \/><span style=\"color: blue;font-family: Verdana\">Fuente: CTEP Argentina, Producci\u00f3n Riachuelo<\/span><\/p>\n<h1>\n<p>&nbsp;<\/h1>\n","protected":false},"excerpt":{"rendered":"<p>&nbsp;ABASTECIMIENTO P\u00daBLICO Y POPULAR La CTEP presente en el Encuentro de Productores y Consumidores para el abastecimiento p\u00fablico en Bariloche. &nbsp; El pasado lunes 18 de mayo la Confederaci\u00f3n de Trabajadores de la Econom\u00eda Popular estuvo presente en el \u201cEncuentro de Productores y Consumidores para el abastecimiento p\u00fablico\u201d, a trav\u00e9s del Secretario de Producci\u00f3n y [&hellip;]<\/p>\n","protected":false},"author":4,"featured_media":0,"comment_status":"open","ping_status":"open","sticky":false,"template":"","format":"standard","meta":{"_monsterinsights_skip_tracking":false,"_monsterinsights_sitenote_active":false,"_monsterinsights_sitenote_note":"","_monsterinsights_sitenote_category":0,"jnews-multi-image_gallery":[],"jnews_single_post":{"format":"standard"},"jnews_primary_category":[],"_joinchat":[],"footnotes":""},"categories":[58],"tags":[64,86,148],"class_list":["post-424","post","type-post","status-publish","format-standard","hentry","category-noticiariachuelo","tag-economia-popular","tag-noti-ctep","tag-trabajo"],"_links":{"self":[{"href":"http:\/\/fmriachuelo.it10.com.ar\/index.php\/wp-json\/wp\/v2\/posts\/424","targetHints":{"allow":["GET"]}}],"collection":[{"href":"http:\/\/fmriachuelo.it10.com.ar\/index.php\/wp-json\/wp\/v2\/posts"}],"about":[{"href":"http:\/\/fmriachuelo.it10.com.ar\/index.php\/wp-json\/wp\/v2\/types\/post"}],"author":[{"embeddable":true,"href":"http:\/\/fmriachuelo.it10.com.ar\/index.php\/wp-json\/wp\/v2\/users\/4"}],"replies":[{"embeddable":true,"href":"http:\/\/fmriachuelo.it10.com.ar\/index.php\/wp-json\/wp\/v2\/comments?post=424"}],"version-history":[{"count":1,"href":"http:\/\/fmriachuelo.it10.com.ar\/index.php\/wp-json\/wp\/v2\/posts\/424\/revisions"}],"predecessor-version":[{"id":23458,"href":"http:\/\/fmriachuelo.it10.com.ar\/index.php\/wp-json\/wp\/v2\/posts\/424\/revisions\/23458"}],"wp:attachment":[{"href":"http:\/\/fmriachuelo.it10.com.ar\/index.php\/wp-json\/wp\/v2\/media?parent=424"}],"wp:term":[{"taxonomy":"category","embeddable":true,"href":"http:\/\/fmriachuelo.it10.com.ar\/index.php\/wp-json\/wp\/v2\/categories?post=424"},{"taxonomy":"post_tag","embeddable":true,"href":"http:\/\/fmriachuelo.it10.com.ar\/index.php\/wp-json\/wp\/v2\/tags?post=424"}],"curies":[{"name":"wp","href":"https:\/\/api.w.org\/{rel}","templated":true}]}}