{"id":4237,"date":"2017-04-08T01:21:31","date_gmt":"2017-04-08T01:21:31","guid":{"rendered":"http:\/\/fmriachuelo.com.ar\/ljkjklj\/?p=4237"},"modified":"2017-04-08T01:21:31","modified_gmt":"2017-04-08T01:21:31","slug":"extractivismo-urbano-el-modelo-economico","status":"publish","type":"post","link":"http:\/\/fmriachuelo.it10.com.ar\/index.php\/2017\/04\/08\/extractivismo-urbano-el-modelo-economico\/","title":{"rendered":"EXTRACTIVISMO URBANO,  EL MODELO ECON\u00d3MICO"},"content":{"rendered":"<p>[FM Riachuelo 07\/04\/2017]En el marco del Paro Nacional Activo, que se cumpli\u00f3 en el d\u00eda de ayer, \u00a0una de las reivindicaciones que tambi\u00e9n se visibilizaron estuvo referida a la falta de vivienda y el modelo de gesti\u00f3n de pa\u00eds que se aplica al territorio urbano, Extractivis Urbano, \u00a0que expulsa a los habitantes de los espacios que habitan para beneficiar a las grandes corporaciones con la especulaci\u00f3n inmobiliaria.<\/p>\n<p>En el programa <span style=\"color: #ff0000\"><strong>Rompe el Cerco Informativo<\/strong><\/span>, entrevistamos a\u00a0Tamara de la oganizaci\u00f3n\u00a0<strong>TODOS LOS 25 HASTA QUE SE VAYA MONSANTO<\/strong>. Escuchala a continuaci\u00f3n:<\/p>\n<p>En la entrevista nos explic\u00f3 la situaci\u00f3n de exclusi\u00f3n que sufren los habitantes de distintos territorios producto del avance del agronegocio, la miner\u00eda o los emprendimientos inmobiliarios, en lo que se conoce como extractivismo.<\/p>\n<p>\u00bfQUE ES EL EXTRACTIVISMO?\u00a0Extractivismo es el t\u00e9rmino con el que se denomina a una forma de organizar la econom\u00eda de un pa\u00eds, basado en una alta dependencia de la extracci\u00f3n intensiva (en grandes vol\u00famenes) de recursos naturales (RRNN), con muy bajo procesamiento (valor agregado) y destinado para su venta en el exterior (exportaci\u00f3n). (Colectivo Casa)-<\/p>\n<p>Tamara se refiri\u00f3 a un modelo para\u00a0obtener mayor rentabilidad y que en este caso se aplica al territorio de las ciudades y que se conoce como Extractivismo Urbano, que se encuentra en diferentes ciudades del pa\u00eds. Al mismo tiempo destac\u00f3 la situaci\u00f3n que se vive en el barrio de La Boca, que se ve sometido a la misma situaci\u00f3n de expulsi\u00f3n de sus habitantes para que se beneficien\u00a0las grandes corporaciones con la especulaci\u00f3n inmobiliaria, luego de vaciar los territorios, para beneficiar\u00a0Vincul\u00f3 el proyecto de extender Puerto Madero con la situaci\u00f3n que se vive en La Boca y \u00a0las tierras de la Isla Demarchi, en donde se produce una creciente situaci\u00f3n de desgaste sobre la poblaci\u00f3n para vaciar el espacio.<br \/>\nPor \u00faltimo inst\u00f3 a no hacer diferencia entre las expulsiones que se dan en centros urbanos o en las poblaciones rurales, \u00a0ya que todo es parte de un modelo de gesti\u00f3n de pa\u00eds, que solo beneficia a un sector acomodado y minoritario, en detrimento de los sectores populares.<\/p>\n","protected":false},"excerpt":{"rendered":"<p>[FM Riachuelo 07\/04\/2017]En el marco del Paro Nacional Activo, que se cumpli\u00f3 en el d\u00eda de ayer, \u00a0una de las reivindicaciones que tambi\u00e9n se visibilizaron estuvo referida a la falta de vivienda y el modelo de gesti\u00f3n de pa\u00eds que se aplica al territorio urbano, Extractivis Urbano, \u00a0que expulsa a los habitantes de los espacios [&hellip;]<\/p>\n","protected":false},"author":4,"featured_media":4238,"comment_status":"open","ping_status":"open","sticky":false,"template":"","format":"standard","meta":{"_monsterinsights_skip_tracking":false,"_monsterinsights_sitenote_active":false,"_monsterinsights_sitenote_note":"","_monsterinsights_sitenote_category":0,"jnews-multi-image_gallery":[],"jnews_single_post":[],"jnews_primary_category":[],"_joinchat":[],"footnotes":""},"categories":[78,74],"tags":[71],"class_list":["post-4237","post","type-post","status-publish","format-standard","has-post-thumbnail","hentry","category-economia-popular","category-san-cayetano","tag-de-la-tierra"],"_links":{"self":[{"href":"http:\/\/fmriachuelo.it10.com.ar\/index.php\/wp-json\/wp\/v2\/posts\/4237","targetHints":{"allow":["GET"]}}],"collection":[{"href":"http:\/\/fmriachuelo.it10.com.ar\/index.php\/wp-json\/wp\/v2\/posts"}],"about":[{"href":"http:\/\/fmriachuelo.it10.com.ar\/index.php\/wp-json\/wp\/v2\/types\/post"}],"author":[{"embeddable":true,"href":"http:\/\/fmriachuelo.it10.com.ar\/index.php\/wp-json\/wp\/v2\/users\/4"}],"replies":[{"embeddable":true,"href":"http:\/\/fmriachuelo.it10.com.ar\/index.php\/wp-json\/wp\/v2\/comments?post=4237"}],"version-history":[{"count":0,"href":"http:\/\/fmriachuelo.it10.com.ar\/index.php\/wp-json\/wp\/v2\/posts\/4237\/revisions"}],"wp:featuredmedia":[{"embeddable":true,"href":"http:\/\/fmriachuelo.it10.com.ar\/index.php\/wp-json\/"}],"wp:attachment":[{"href":"http:\/\/fmriachuelo.it10.com.ar\/index.php\/wp-json\/wp\/v2\/media?parent=4237"}],"wp:term":[{"taxonomy":"category","embeddable":true,"href":"http:\/\/fmriachuelo.it10.com.ar\/index.php\/wp-json\/wp\/v2\/categories?post=4237"},{"taxonomy":"post_tag","embeddable":true,"href":"http:\/\/fmriachuelo.it10.com.ar\/index.php\/wp-json\/wp\/v2\/tags?post=4237"}],"curies":[{"name":"wp","href":"https:\/\/api.w.org\/{rel}","templated":true}]}}