{"id":423,"date":"2015-05-25T03:17:00","date_gmt":"2015-05-25T03:17:00","guid":{"rendered":"http:\/\/fmriachuelo.observatorioess.org.ar\/index.php\/2015\/05\/25\/cuando-las-instituciones-y-la-diplomacia-de-los-pueblos-luchan-contra-el-imperialismo\/"},"modified":"2025-03-31T13:08:37","modified_gmt":"2025-03-31T16:08:37","slug":"cuando-las-instituciones-y-la-diplomacia-de-los-pueblos-luchan-contra-el-imperialismo","status":"publish","type":"post","link":"http:\/\/fmriachuelo.it10.com.ar\/index.php\/2015\/05\/25\/cuando-las-instituciones-y-la-diplomacia-de-los-pueblos-luchan-contra-el-imperialismo\/","title":{"rendered":"CUANDO LAS INSTITUCIONES Y LA DIPLOMACIA DE LOS PUEBLOS LUCHAN CONTRA EL IMPERIALISMO"},"content":{"rendered":"<div style=\"color: #222222; text-align: left;\"><span style=\"font-family: Verdana, sans-serif;\"><b>EN EL ANIVERSARIO DE LA SEMANA DE MAYO<\/b><\/span><\/div>\n<div style=\"color: #222222; text-align: left;\"><span style=\"color: red; font-family: Verdana, sans-serif; font-size: large;\"><b>SEGUNDO CAMPAMENTO ANTIIMPERIALISTA<\/b><\/span><\/div>\n<div style=\"color: #222222; text-align: left;\"><b><span style=\"font-family: Verdana, sans-serif;\">POR LA SEGUNDA Y DEFINITIVA INDEPENDENCIA<\/span><\/b><\/div>\n<div style=\"clear: both; text-align: center;\"><a style=\"clear: left; float: left; margin-bottom: 1em; margin-right: 1em;\" href=\"http:\/\/4.bp.blogspot.com\/-avEP6dc5i8s\/VWKRSDtmPDI\/AAAAAAAAEco\/-DlltUnUEMw\/s1600\/ACAMPE%2BANTIIMPERIALISTA%2B2.jpg\"><span style=\"font-family: Verdana, sans-serif;\"><img loading=\"lazy\" decoding=\"async\" src=\"http:\/\/4.bp.blogspot.com\/-avEP6dc5i8s\/VWKRSDtmPDI\/AAAAAAAAEco\/-DlltUnUEMw\/s400\/ACAMPE%2BANTIIMPERIALISTA%2B2.jpg\" width=\"400\" height=\"95\" border=\"0\" \/><\/span><\/a><\/div>\n<p><b style=\"color: #222222;\"><span style=\"font-family: Verdana, sans-serif;\">[FMR Domingo 20\/5\/15] En el marco del aniversario de aquella semana de Mayo de 1810 que signific\u00f3 el nacimiento de nuestra les acercamos nuevos testimonios del Segundo Acampe Antiimperialista realizado el mi\u00e9rcoles pasado.<\/span><\/b><\/p>\n<div style=\"background-color: white; color: #222222; text-align: left;\"><b><span style=\"font-family: Verdana, sans-serif;\">\u00a0<\/span><\/b><\/div>\n<div style=\"background-color: white; color: #222222; text-align: left;\"><b><span style=\"font-family: Verdana, sans-serif;\">A las voces de los gobiernos de la regi\u00f3n, representados por los embajadores de la Rep\u00fablica Bolivariana de Venezuela y de la Rep\u00fablica de Nicaragua les acercamos la del pueblo organizado. As\u00ed participamos de un inexorable destino de emancipaci\u00f3n definitiva gestado al calor de la lucha contra el poder f\u00e1ctico imperial al que s\u00f3lo podremos derrotar con la inevitable complementariedad de los Estados y las organizaciones populares.<\/span><\/b><\/div>\n<div><b><span style=\"font-family: Verdana, sans-serif;\">\u00a0<\/span><\/b><\/div>\n<div><b><span style=\"color: #0b5394; font-family: Verdana, sans-serif;\"><a href=\"http:\/\/www.mediafire.com\/listen\/mfggq2wgvghre22\/20150520_2AAI_JAVIER_CALDERON_MARCHA_PATRIOTICA.mp3\">JAVIER CALDERON MARCHA PATRI\u00d3TICA (COLOMBIA)<\/a><\/span><\/b><\/div>\n<div><b><span style=\"color: #0b5394; font-family: Verdana, sans-serif;\"><a href=\"http:\/\/www.mediafire.com\/listen\/1avalkdq18v4dx1\/20150520_2AAI_DAVID_SANTONY_MNPL.mp3\">DAVID SANTONI MNPL<\/a><\/span><\/b><\/div>\n<div><b><span style=\"color: #0b5394; font-family: Verdana, sans-serif;\"><a href=\"http:\/\/www.mediafire.com\/listen\/y1be7yhy1zsi7ps\/20150520_2AAI_LUCAS_CONSALVO_MP_DIGNIDAD.mp3\">LUCAS CONSALVO MP DIGNIDAD<\/a><\/span><\/b><\/div>\n<div><b><span style=\"color: #0b5394; font-family: Verdana, sans-serif;\"><a href=\"http:\/\/www.mediafire.com\/listen\/evj29w6b984whb8\/20150520_2AAI_SERGIO_ORTIZ_PARTIDO_DE_LA_LIBERACI%C3%93N.mp3\">SERGIO ORTIZ PARTIDO DE LA LIBERACI\u00d3N<\/a><\/span><\/b><\/div>\n<div><b><span style=\"color: #0b5394; font-family: Verdana, sans-serif;\"><a href=\"http:\/\/www.mediafire.com\/listen\/1cv76iw4bel0svj\/20150520_2AAI_NATALIA_DALESANDRO_OP_17_DE_AGOSTO.mp3\">NATALIA DALESANDRO OP 17 DE AGOSTO<\/a><\/span><\/b><\/div>\n<div><b><span style=\"color: #0b5394; font-family: Verdana, sans-serif;\"><a href=\"http:\/\/www.mediafire.com\/listen\/8xmaagiqeakm5k1\/20150520_2AAI_CARLOS_BERTOLA_MRPQUEBRACHO.mp3\">CARLOS BERTOLA MPR QUEBRACHO<\/a><\/span><\/b><\/div>\n<div><b><span style=\"color: #0b5394; font-family: Verdana, sans-serif;\"><a href=\"http:\/\/www.mediafire.com\/listen\/0o423zuv3g33w8a\/20150520_2AAI_LEANDRO_FPDS.mp3\">LEANDRO FPD SANTILL\u00c1N<\/a><\/span><\/b><\/div>\n<div><b><span style=\"color: #0b5394; font-family: Verdana, sans-serif;\"><a href=\"http:\/\/www.mediafire.com\/listen\/d14gkta3az9we3u\/20150520_2AAI_ROBERTO_PERDIA.mp3\">ROBERTO PERD\u00cdA<\/a><\/span><\/b><\/div>\n<div><b><span style=\"color: #0b5394; font-family: Verdana, sans-serif;\"><a href=\"http:\/\/www.mediafire.com\/listen\/6b8784ul28va84y\/20150520_2AAI_LUCIANO_ALVAREZ_OSyP_LOS_PIBES.mp3\">LUCIANO \u00c1LVAREZ OSyP LOS PIBES<\/a><\/span><\/b><\/div>\n","protected":false},"excerpt":{"rendered":"<p>EN EL ANIVERSARIO DE LA SEMANA DE MAYO SEGUNDO CAMPAMENTO ANTIIMPERIALISTA POR LA SEGUNDA Y DEFINITIVA INDEPENDENCIA [FMR Domingo 20\/5\/15] En el marco del aniversario de aquella semana de Mayo de 1810 que signific\u00f3 el nacimiento de nuestra les acercamos nuevos testimonios del Segundo Acampe Antiimperialista realizado el mi\u00e9rcoles pasado. \u00a0 A las voces de [&hellip;]<\/p>\n","protected":false},"author":4,"featured_media":0,"comment_status":"open","ping_status":"open","sticky":false,"template":"","format":"standard","meta":{"_monsterinsights_skip_tracking":false,"_monsterinsights_sitenote_active":false,"_monsterinsights_sitenote_note":"","_monsterinsights_sitenote_category":0,"jnews-multi-image_gallery":[],"jnews_single_post":{"format":"standard"},"jnews_primary_category":[],"_joinchat":[],"footnotes":""},"categories":[58],"tags":[70,72,65],"class_list":["post-423","post","type-post","status-publish","format-standard","hentry","category-noticiariachuelo","tag-de-la-patria-grande","tag-historia-de-la-lucha-de-los-pueblos","tag-soberania"],"_links":{"self":[{"href":"http:\/\/fmriachuelo.it10.com.ar\/index.php\/wp-json\/wp\/v2\/posts\/423","targetHints":{"allow":["GET"]}}],"collection":[{"href":"http:\/\/fmriachuelo.it10.com.ar\/index.php\/wp-json\/wp\/v2\/posts"}],"about":[{"href":"http:\/\/fmriachuelo.it10.com.ar\/index.php\/wp-json\/wp\/v2\/types\/post"}],"author":[{"embeddable":true,"href":"http:\/\/fmriachuelo.it10.com.ar\/index.php\/wp-json\/wp\/v2\/users\/4"}],"replies":[{"embeddable":true,"href":"http:\/\/fmriachuelo.it10.com.ar\/index.php\/wp-json\/wp\/v2\/comments?post=423"}],"version-history":[{"count":1,"href":"http:\/\/fmriachuelo.it10.com.ar\/index.php\/wp-json\/wp\/v2\/posts\/423\/revisions"}],"predecessor-version":[{"id":23460,"href":"http:\/\/fmriachuelo.it10.com.ar\/index.php\/wp-json\/wp\/v2\/posts\/423\/revisions\/23460"}],"wp:attachment":[{"href":"http:\/\/fmriachuelo.it10.com.ar\/index.php\/wp-json\/wp\/v2\/media?parent=423"}],"wp:term":[{"taxonomy":"category","embeddable":true,"href":"http:\/\/fmriachuelo.it10.com.ar\/index.php\/wp-json\/wp\/v2\/categories?post=423"},{"taxonomy":"post_tag","embeddable":true,"href":"http:\/\/fmriachuelo.it10.com.ar\/index.php\/wp-json\/wp\/v2\/tags?post=423"}],"curies":[{"name":"wp","href":"https:\/\/api.w.org\/{rel}","templated":true}]}}