{"id":422,"date":"2015-05-25T14:10:00","date_gmt":"2015-05-25T14:10:00","guid":{"rendered":"http:\/\/fmriachuelo.observatorioess.org.ar\/index.php\/2015\/05\/25\/vivienda-y-habitat-popular\/"},"modified":"2025-03-31T13:22:56","modified_gmt":"2025-03-31T16:22:56","slug":"vivienda-y-habitat-popular","status":"publish","type":"post","link":"http:\/\/fmriachuelo.it10.com.ar\/index.php\/2015\/05\/25\/vivienda-y-habitat-popular\/","title":{"rendered":"VIVIENDA Y HABITAT POPULAR"},"content":{"rendered":"<p><span style=\"color: red;font-family: Verdana, sans-serif;font-size: large\"><strong>POR EL BUEN VIVIR<\/strong><\/span><br \/><span style=\"font-family: Verdana, sans-serif;font-size: large\"><strong>Acceso al habitat: una pr\u00e1ctica posible de participaci\u00f3n popular<\/strong><\/span><\/p>\n<div style=\"clear: both;text-align: center\"><a href=\"http:\/\/1.bp.blogspot.com\/-89-XtuZme1U\/VWMstUNJ42I\/AAAAAAAAEc8\/2tVAHkccnm4\/s1600\/Acceso-al-habitat-una-pr%25C3%25A1ctica-posible-de-participaci%25C3%25B3n-popular-566x300.jpg\" style=\"clear: left;float: left;margin-bottom: 1em;margin-right: 1em\"><img loading=\"lazy\" decoding=\"async\" border=\"0\" height=\"169\" src=\"http:\/\/1.bp.blogspot.com\/-89-XtuZme1U\/VWMstUNJ42I\/AAAAAAAAEc8\/2tVAHkccnm4\/s320\/Acceso-al-habitat-una-pr%25C3%25A1ctica-posible-de-participaci%25C3%25B3n-popular-566x300.jpg\" width=\"320\" \/><\/a><\/div>\n<p><\/p>\n<div style=\"text-align: justify\"><span style=\"background-color: #61b0c6\"><em><span style=\"background-color: white\">[Por Vivian Palmbaum*para MARCHA]<\/span><\/em><br \/><\/span><span style=\"font-family: Verdana\">Hace m\u00e1s de 250 a\u00f1os, los acad\u00e9micos se preguntaban por el origen de la desigualdad y si estaba determinado por alguna ley natural. Rousseau respondi\u00f3 en sus textos que la desigualdad social y pol\u00edtica no es natural, que no deriva de una voluntad divina y que tampoco es una consecuencia de la desigualdad natural entre los hombres. Afirm\u00f3 por el contrario, que su origen es el resultado de la propiedad privada y de los abusos de aquellos que se apropian para s\u00ed de la riqueza del mundo y de los beneficios privados que derivan de esa apropiaci\u00f3n. <\/p>\n<p>Am\u00e9rica Latina a\u00fan contin\u00faa siendo la regi\u00f3n m\u00e1s desigual del planeta, s\u00f3lo superada por una zona plagada de guerras y hambrunas como es el \u00c1frica Subsahariana.<\/span><\/div>\n<p><a name='more'><\/a><br \/><span style=\"font-family: Verdana, sans-serif\"><br \/>Nuestra regi\u00f3n cuenta con un incalculable patrimonio en recursos naturales, concentra la riqueza en pocas manos y deja enormes cantidades de habitantes en condiciones de pobreza y miseria extrema. El capitalismo es el sistema dominante que legitima la desigualdad, lo que equivale a mostrar un profundo sistema de injusticia. En nuestra vida cotidiana, en la vida de los habitantes implica condiciones de vida indignas para las personas menos favorecidas en la distribuci\u00f3n de la riqueza, o sea para los sectores populares, que son mayor\u00eda.<\/p>\n<p>La brecha entre ricos y pobres ha crecido en los \u00faltimos 30 a\u00f1os por seguir las recetas del Fondo Monetario Internacional y aceptar a ojos cerrados las premisas del modelo neoliberal. Un dato surgido de la ONG Oxfam afirma que siete de cada diez personas viven en pa\u00edses donde la desigualdad entre ricos y pobres es mayor ahora que hace 30 a\u00f1os.<\/p>\n<p><strong>El cooperativismo como experiencia posible<\/strong><\/p>\n<p>Vemos en los \u00faltimos d\u00edas una sucesi\u00f3n de acontecimientos que se repiten y que no puede m\u00e1s que llamar la atenci\u00f3n: Toma de tierras, desalojos, incendios intencionales, peque\u00f1os productores agr\u00edcolas que demandan tierras para trabajar (son los que proveen a la Ciudad de Buenos Aires de las verduras y hortalizas que consumimos diariamente). Repetici\u00f3n de las insuficientes o ausentes pol\u00edticas en respuesta a las necesidades de tierra y vivienda. Un rengl\u00f3n aparte merece las pol\u00edticas de gobierno de la Ciudad de Buenos Aires, con pol\u00edticas de exclusi\u00f3n destinadas a los sectores m\u00e1s vulnerables mientras que al mismo tiempo favorece la especulaci\u00f3n inmobiliaria desalojando y expulsando a los habitantes de los precarios lugares de vivienda. Miles de personas, en nuestro pa\u00eds, demandan condiciones dignas de vivienda y tierra para trabajar.<\/p>\n<p>En los 90 se consolid\u00f3 un sistema de exclusi\u00f3n que fue construy\u00e9ndose desde las feroces pol\u00edticas de la dictadura militar en los 70, que diezmaron a la poblaci\u00f3n en condiciones de oponerse al avance del capital. Desde entonces frente a las pol\u00edticas de exclusi\u00f3n se puso en marcha una nueva econom\u00eda por fuera del sistema formal de empleo. Sectores de la poblaci\u00f3n que se inventaron o recuperaron oficios con los cuales hacerse de un sustento digno para los suyos. Motoqueros, cartoneros, vendedores ambulantes, peque\u00f1os agricultores, pescadores, artesanos y muchos m\u00e1s. Aunando esfuerzos constituyeron emprendimientos cooperativos, porque se dieron cuenta que juntos es m\u00e1s f\u00e1cil y m\u00e1s posible. Esa econom\u00eda popular constituye un universo de m\u00e1s de 5 millones de personas que desarrollan una forma digna de enfrentar un destino de miseria y exclusi\u00f3n. M\u00e1s a\u00fan se agremiaron en una confederaci\u00f3n que les permite luchar por derechos y dignificar su condici\u00f3n de trabajador, de nuevo tipo.<\/p>\n<p><strong>Una secretar\u00eda por el \u201cBuen Vivir\u201d<\/strong><\/p>\n<p>Esta Confederaci\u00f3n de Trabajadores de la Econom\u00eda Popular, Ctep, se desenvuelve a partir del protagonismo participativo de sus integrantes. En este contexto surge la necesidad de crear la Secretar\u00eda de Vivienda y H\u00e1bitat Popular porque estos trabajadores necesitan gestionar y luchar por la posibilidad de un lugar para vivir, en condiciones dignas.<\/p>\n<p>Un primer diagn\u00f3stico presenta que unas seis millones de personas que tienen problemas de h\u00e1bitat en nuestro pa\u00eds, no solo que no tienen casa sino que viven en condiciones de precariedad extrema. La vivienda no es solo una necesidad en relaci\u00f3n al lugar de vivienda, sino que es necesario recuperar la dimensi\u00f3n del \u201cBuen Vivir\u201d en donde la vida queda ligada a la interrelaci\u00f3n de distintos aspectos: salud, trabajo, educaci\u00f3n, entre los m\u00e1s destacados. Tal como incorpor\u00f3 Evo Morales: recuperar el \u201cBuen Vivir\u201d y la relaci\u00f3n con la Pacha Mama.<\/p>\n<p>La pol\u00edtica de la secretar\u00eda es construir organizaci\u00f3n, tal lo expresado por Lito Borello, que la conduce, no solo con las organizaciones que integran formalmente la Ctep, sino tambi\u00e9n con otras organizaciones que est\u00e9n interesadas en participar. Al margen de cualquier bandera pol\u00edtica, una pr\u00e1ctica participativa que est\u00e1 orientada bajo los valores de la solidaridad. Recientemente un encuentro federal en la Provincia de C\u00f3rdoba permiti\u00f3 que confluyan diversas experiencias de todo el territorio nacional, Rio Negro, Salta, Misiones, Entre Rios y muchas otras provincias se vieron representadas para conformar un entramado de unidades regionales, porque han entendido que la unidad de la lucha hace la fuerza. Unidades regionales para intercambios de necesidades, saberes, expectativas y fortalecer las luchas en cada regi\u00f3n. M\u00faltiples actividades se desarrollan en el marco de esta secretar\u00eda.<\/p>\n<p>En la \u00faltima semana la Regional Metropolitana, que incluye hasta el 3\u00ba cord\u00f3n, se reuni\u00f3 para discutir las implicaciones de la falta de reglamentaci\u00f3n de la Ley 14.449 de Acceso Justo al H\u00e1bitat de la Provincia de Buenos Aires, que as\u00ed impide la efectiva participaci\u00f3n de los actores principales en los Consejos Consultivos que la ley regula, es decir: el verdadero poder instituyente del pueblo queda silenciado.<\/p>\n<p>Un encuentro de capacitaci\u00f3n e intercambio se lleva adelante esta semana en la Federaci\u00f3n Uruguaya de Construcci\u00f3n de Viviendas por Ayuda Mutua, FUCVAM, y que intenta transmitir, m\u00e1s all\u00e1 de la legislaci\u00f3n nacional, los valores del cooperativismo y la pr\u00e1ctica concreta de una federaci\u00f3n que ha dado respuesta a m\u00e1s de 20.000 familias a lo largo de 40 a\u00f1os.<\/p>\n<p>La articulaci\u00f3n con la Patria Grande a trav\u00e9s de la Secretar\u00eda Latinoamericana de Vivienda Popular, Selvip, es otro de las experiencias concretas que ha llevado adelante la Ctep, a trav\u00e9s de esta secretar\u00eda y que pone en pr\u00e1ctica el paradigma de integraci\u00f3n regional entre los pueblos americanos.<\/p>\n<p>La lucha organizada parece entonces presentarse como una experiencia concreta que que permite visibilizar las necesidades y un horizonte de participaci\u00f3n y conquista de los derechos para el pueblo.<\/p>\n<p><strong>\u201c\u2026para todos los hombres del mundo que quieran habitar en el suelo argentino\u201d<\/strong><\/span><a href=\"http:\/\/www.marcha.org.ar\/acc\neso-al-habitat-una-practica-posible-de-participacion-popular\/#_edn1\"><span style=\"font-family: Verdana, sans-serif\"><strong>[i]<\/strong><\/span><\/a><\/p>\n<p><span style=\"font-family: Verdana, sans-serif\"> <\/p>\n<p>* Organizaci\u00f3n Social y Pol\u00edtica Los Pibes, Fm Riachuelo<\/span><a href=\"http:\/\/www.marcha.org.ar\/acceso-al-habitat-una-practica-posible-de-participacion-popular\/#_ednref1\"><span style=\"font-family: Verdana, sans-serif\">[i]<\/span><\/a><span style=\"font-family: Verdana, sans-serif\"> Preambulo de la Constituci\u00f3n de la Naci\u00f3n Argentina<\/span><br \/><span style=\"font-family: Verdana\"><\/span><br \/><span style=\"color: blue;font-family: Verdana\">Fuente: Marcha, Producci\u00f3n Riachuelo<\/span><\/p>\n","protected":false},"excerpt":{"rendered":"<p>POR EL BUEN VIVIRAcceso al habitat: una pr\u00e1ctica posible de participaci\u00f3n popular [Por Vivian Palmbaum*para MARCHA]Hace m\u00e1s de 250 a\u00f1os, los acad\u00e9micos se preguntaban por el origen de la desigualdad y si estaba determinado por alguna ley natural. Rousseau respondi\u00f3 en sus textos que la desigualdad social y pol\u00edtica no es natural, que no deriva [&hellip;]<\/p>\n","protected":false},"author":4,"featured_media":0,"comment_status":"open","ping_status":"open","sticky":false,"template":"","format":"standard","meta":{"_monsterinsights_skip_tracking":false,"_monsterinsights_sitenote_active":false,"_monsterinsights_sitenote_note":"","_monsterinsights_sitenote_category":0,"jnews-multi-image_gallery":[],"jnews_single_post":{"format":"standard"},"jnews_primary_category":[],"_joinchat":[],"footnotes":""},"categories":[58],"tags":[70,71,147,148],"class_list":["post-422","post","type-post","status-publish","format-standard","hentry","category-noticiariachuelo","tag-de-la-patria-grande","tag-de-la-tierra","tag-habitat","tag-trabajo"],"_links":{"self":[{"href":"http:\/\/fmriachuelo.it10.com.ar\/index.php\/wp-json\/wp\/v2\/posts\/422","targetHints":{"allow":["GET"]}}],"collection":[{"href":"http:\/\/fmriachuelo.it10.com.ar\/index.php\/wp-json\/wp\/v2\/posts"}],"about":[{"href":"http:\/\/fmriachuelo.it10.com.ar\/index.php\/wp-json\/wp\/v2\/types\/post"}],"author":[{"embeddable":true,"href":"http:\/\/fmriachuelo.it10.com.ar\/index.php\/wp-json\/wp\/v2\/users\/4"}],"replies":[{"embeddable":true,"href":"http:\/\/fmriachuelo.it10.com.ar\/index.php\/wp-json\/wp\/v2\/comments?post=422"}],"version-history":[{"count":1,"href":"http:\/\/fmriachuelo.it10.com.ar\/index.php\/wp-json\/wp\/v2\/posts\/422\/revisions"}],"predecessor-version":[{"id":23462,"href":"http:\/\/fmriachuelo.it10.com.ar\/index.php\/wp-json\/wp\/v2\/posts\/422\/revisions\/23462"}],"wp:attachment":[{"href":"http:\/\/fmriachuelo.it10.com.ar\/index.php\/wp-json\/wp\/v2\/media?parent=422"}],"wp:term":[{"taxonomy":"category","embeddable":true,"href":"http:\/\/fmriachuelo.it10.com.ar\/index.php\/wp-json\/wp\/v2\/categories?post=422"},{"taxonomy":"post_tag","embeddable":true,"href":"http:\/\/fmriachuelo.it10.com.ar\/index.php\/wp-json\/wp\/v2\/tags?post=422"}],"curies":[{"name":"wp","href":"https:\/\/api.w.org\/{rel}","templated":true}]}}