{"id":42,"date":"2015-09-10T14:29:00","date_gmt":"2015-09-10T14:29:00","guid":{"rendered":"http:\/\/fmriachuelo.observatorioess.org.ar\/index.php\/2015\/09\/10\/europa-la-falsa-crisis-de-los-refugiados\/"},"modified":"2025-05-21T16:15:53","modified_gmt":"2025-05-21T19:15:53","slug":"europa-la-falsa-crisis-de-los-refugiados","status":"publish","type":"post","link":"http:\/\/fmriachuelo.it10.com.ar\/index.php\/2015\/09\/10\/europa-la-falsa-crisis-de-los-refugiados\/","title":{"rendered":"EUROPA: LA FALSA CRISIS DE LOS REFUGIADOS"},"content":{"rendered":"<p><span style=\"color: red;font-family: Verdana, sans-serif;font-size: large\"><b>IM\u00c1GENES MENTIROSAS<\/b><\/span><br \/><span style=\"color: red;font-family: Verdana, sans-serif;font-size: large\"><b><br \/><\/b><\/span><\/p>\n<div style=\"clear: both;text-align: center\"><a href=\"http:\/\/2.bp.blogspot.com\/-k87yhydnHiI\/VfGR39pAZYI\/AAAAAAAAGXc\/BbdMae_VJrE\/s1600\/SIRIA.jpg\" style=\"clear: left;float: left;margin-bottom: 1em;margin-right: 1em\"><img loading=\"lazy\" decoding=\"async\" border=\"0\" height=\"240\" src=\"http:\/\/2.bp.blogspot.com\/-k87yhydnHiI\/VfGR39pAZYI\/AAAAAAAAGXc\/BbdMae_VJrE\/s320\/SIRIA.jpg\" width=\"320\" \/><\/a><\/div>\n<p><span style=\"font-family: Verdana, sans-serif\"><\/p>\n<div style=\"text-align: justify\">[Por Thierry Meyssan \/ Red Voltaire \/ Resumen Latinoamericano \/ 7 de septiembre de 2015]<\/div>\n<div style=\"text-align: justify\">Mientras la prensa europea pulsa la cuerda emotiva difuendiendo fotos de un ni\u00f1o ahogado y publicando reportajes sobre las multitudes que cruzan a pie los pa\u00edses de los Balcanes, Thierry Meyssan muestra que se trata de im\u00e1genes fabricadas. Son im\u00e1genes que favorecen los intereses del patr\u00f3n de patrones alem\u00e1n, Ulrich Grillo, y de la OTAN, pero que no reflejan el fen\u00f3meno en su conjunto y empujan a los ciudadanos europeos hacia respuestas que no resuelven el verdadero drama.<\/div>\n<div style=\"text-align: justify\"><\/div>\n<div style=\"text-align: justify\">Una ola de emoci\u00f3n cay\u00f3 brutalmente esta semana sobre los pueblos que viven en los pa\u00edses de la OTAN. Y bruscamente tomaron conciencia del drama de los refugiados que tratan de cruzar el Mediterr\u00e1neo, tragedia que dura desde hace a\u00f1os, ante la permanente indiferencia de la opini\u00f3n p\u00fablica europea.<\/div>\n<div style=\"text-align: justify\"><\/div>\n<div style=\"text-align: justify\">El cambio se debe a la publicaci\u00f3n de una fotograf\u00eda que muestra al p\u00fablico el cuerpo de un ni\u00f1o ahogado, depositado por las olas en una playa turca. Poco importa que esa imagen sea una grosera escenificaci\u00f3n: los cuerpos devueltos por el mar quedan en posici\u00f3n paralela a las olas, nunca perpendicularmente a ellas. Poco importa tambi\u00e9n que en menos de 2 d\u00edas casi todos los diarios de los pa\u00edses de la OTAN hayan publicado instant\u00e1neamente la misma imagen en primera plana. Ya se sabe lo libre y pluralista que es la prensa occidental.<\/div>\n<div style=\"text-align: justify\"><a name='more'><\/a><\/div>\n<div style=\"text-align: justify\">Trabajando en el mismo sentido, las televisiones multiplicaron en estos d\u00edas los reportajes sobre el \u00e9xodo de miles de sirios, a pie, a trav\u00e9s de los pa\u00edses balc\u00e1nicos. Particular atenci\u00f3n prestaron al paso de esas personas a trav\u00e9s de Hungr\u00eda, pa\u00eds que comenz\u00f3 construyendo una in\u00fatil valla de alambre de espino antes de tomar, una tras otra, toda una serie de decisiones contradictorias que dieron a las televisiones la posibilidad de filmar repetidamente la multitud de migrantes caminando a lo largo de las v\u00edas f\u00e9rreas y tomando los trenes por asalto.<\/div>\n<div style=\"text-align: justify\"><\/div>\n<div style=\"text-align: justify\">\u00abEn reacci\u00f3n\u00bb ante la conmoci\u00f3n que hab\u00edan suscitado en sus conciudadanos, los dirigentes europeos, \u00absorprendidos\u00bb y contritos, ahora discuten acaloradamente sobre la manera de socorrer a estos refugiados. Antonio Guterres, ex presidente de la Internacional Socialista y actual Comisionado de las Naciones Unidas para los Refugiados, intervino en el debate entre estos dirigentes preconizando \u00abla participaci\u00f3n obligatoria de todos los Estados miembros de la Uni\u00f3n Europea\u00bb. Y agrega que: \u00abSeg\u00fan estimados preliminares, los pa\u00edses europeos tienen una necesidad potencial de aumentar las oportunidades de reinstalaci\u00f3n en 200 000 plazas.\u00bb<\/div>\n<div style=\"text-align: justify\"><\/div>\n<div style=\"text-align: justify\">\u00bfCu\u00e1l es realmente el problema? \u00bfQui\u00e9n est\u00e1 explot\u00e1ndolo y con qu\u00e9 objetivo?<\/div>\n<div style=\"text-align: justify\">Los refugiados del Mediterr\u00e1neo<\/div>\n<div style=\"text-align: justify\"><\/div>\n<div style=\"text-align: justify\">Desde el inicio de la \u00abprimavera \u00e1rabe\u00bb, en 2011, el n\u00famero de personas que trata de cruzar el Mediterr\u00e1neo y de entrar en la Uni\u00f3n Europea ha aumentado considerablemente, sobrepasando incluso el doble de cifras anteriores, y se elev\u00f3 en 2014 a 626 000 personas.<img decoding=\"async\" src=\"http:\/\/www.voltairenet.org\/local\/cache-vignettes\/L400xH136\/1_-_1-109-2-72dda.jpg\" \/>Flujo de migrantes hacia la Uni\u00f3n Europea (en cientos de miles)Fuente: Eurostat<\/div>\n<div style=\"text-align: justify\"><\/div>\n<div style=\"text-align: justify\">Sin embargo, contrariamente a la idea generalizada, no se trata de una oleada de migrantes nunca vista e imposible de asimilar. En 1992, aunque la Uni\u00f3n Europea se compon\u00eda entonces de s\u00f3lo 15 de los 28 Estados que actualmente la integran, estaba recibiendo proporcionalmente m\u00e1s migrantes que en este momento: 672 000 por 380 millones de habitantes. Existe, por lo tanto, un considerable margen antes de que los migrantes lleguen a desestabilizar la econom\u00eda de la Uni\u00f3n Europea, que hoy cuenta 508 millones de habitantes.<\/div>\n<div style=\"text-align: justify\"><\/div>\n<div style=\"text-align: justify\">M\u00e1s de 2 tercios de esos migrantes son hombres de entre 18 y 34 a\u00f1os, seg\u00fan sus propias declaraciones. As\u00ed que, por lo general, no se trata de familias.<img decoding=\"async\" src=\"http:\/\/www.voltairenet.org\/local\/cache-vignettes\/L400xH121\/1_-_1_1_-59-2-337cf.jpg\" \/>Proporci\u00f3n de hombres entre los migrantes que entraron a la Uni\u00f3n Europea en 2014.Fuente: Eurostat<\/div>\n<div style=\"text-align: justify\"><\/div>\n<div style=\"text-align: justify\">Contrariamente a la idea que est\u00e1n divulgando los medios de prensa, menos de un tercio son refugiados provenientes de zonas de guerra. S\u00f3lo un 20% son sirios, un 7% son afganos y un 3% son iraqu\u00edes.<\/div>\n<div style=\"text-align: justify\"><\/div>\n<div style=\"text-align: justify\">O sea, los otros 2 tercios no provienen de pa\u00edses en guerra y son principalmente migrantes por razones econ\u00f3micas.<\/div>\n<div style=\"text-align: justify\"><\/div>\n<div style=\"text-align: justify\">En otras palabras, el fen\u00f3meno de las migraciones est\u00e1 s\u00f3lo marginalmente vinculado a la \u00abprimavera \u00e1rabe\u00bb y las guerras. Los pobres est\u00e1n abandonando sus pa\u00edses para probar suerte en los pa\u00edses ricos, en total correspondencia con el orden postcolonial y con la l\u00f3gica de la globalizaci\u00f3n. Este fen\u00f3meno, despu\u00e9s de haber disminuido desde 1992 y hasta 2006, se ha reactivado y ahora va en aumento. Pero lo cierto es que actualmente equivale a un 0,12% anual de la poblaci\u00f3n europea, o sea \u2013manejado correctamente\u2013 no representa a corto plazo ning\u00fan peligro para la Uni\u00f3n Europea.El presidente de la Federaci\u00f3n de la Industria Alemana, Ulrich Grillo, quiere disponer de 800 000 trabajadores extranjeros suplementarios en Alemania. Como los acuerdos europeos proh\u00edben esa entrada masiva de mano de obra extranjera, que encuentra adem\u00e1s la hostilidad de la opini\u00f3n p\u00fablica, Grillo contribuye a poner en escena la \u00abcrisis de los refugiados\u00bb para obtener una modificaci\u00f3n de la reglamentaci\u00f3n existente.<\/div>\n<div style=\"text-align: justify\">\u00bfSon los migrantes un problema?<\/div>\n<div style=\"text-align: justify\"><\/div>\n<div style=\"text-align: justify\">Este flujo de migrantes despierta inquietud en los pueblos europeos. Pero los grandes empresarios alemanes lo acogen con regocijo. En diciembre de 2014, el \u00abpatr\u00f3n de patrones\u00bb alem\u00e1n, Ulrich Grillo, escond\u00eda hip\u00f3critamente sus intereses tras una fachada de buena voluntad al declarar a la agencia DPA: \u00abSomos desde hace mucho un pa\u00eds de inmigraci\u00f3n y debemos seguir si\u00e9ndolo\u00bb. Y agregaba que \u00abcomo pa\u00eds pr\u00f3spero y tambi\u00e9n por amor cristiano al pr\u00f3jimo, nuestro pa\u00eds deber\u00eda permitirse a s\u00ed mismo acoger m\u00e1s refugiados\u00bb. Tambi\u00e9n afirmaba: \u00abYo me distancio muy claramente de los neonazis y de los racistas que se re\u00fanen en Dresde y en otros lugares\u00bb. Y, con un poco m\u00e1s de seriedad, \u00abDebido a nuestra evoluci\u00f3n demogr\u00e1fica, garantizamos el crecimiento y la prosperidad con la inmigraci\u00f3n\u00bb [1].<\/div>\n<div style=\"text-align: justify\"><b \/><\/div>\n<div style=\"text-align: justify\">Este discurso retoma exactamente los mismos argumentos que presentaban los empresarios franceses en los a\u00f1os 1970. Otro elemento a tener en cuenta es que hoy en d\u00eda la poblaci\u00f3n europea dispone de cierto nivel de educaci\u00f3n y de calificaci\u00f3n, algo de lo que carece la gran mayor\u00eda de los migrantes, que estar\u00e1n por consiguiente m\u00e1s dispuestos a aceptar ciertos tipos de empleos que los europeos rechazan. Progresivamente, la llegada de mano de obra no calificada y dispuesta a aceptar condiciones de vida inferiores a las de los europeos suscit\u00f3 en el pasado tensiones en el mercado laboral. El empresariado franc\u00e9s favoreci\u00f3 entonces la llamada \u00abreunificaci\u00f3n familiar\u00bb. La ley de 1976, la interpretaci\u00f3n que de ella hizo el Consejo de Estado en 1977 y la jurisprudencia de la Corte Europea de Derechos Humanos desestabilizaron ampliamente la sociedad. El mismo fen\u00f3meno puede observarse en Alemania desde que se adoptaron disposiciones similares a aquellas con la inclusi\u00f3n, en 2007, de la reunificaci\u00f3n familiar en la legislaci\u00f3n alemana sobre la inmigraci\u00f3n.<\/div>\n<div style=\"text-align: justify\"><\/div>\n<div style=\"text-align: justify\">Contrariamente a otra idea generalizada, los migrantes econ\u00f3micos no plantean un problema de identidad para Europa, pero su ausencia s\u00ed constituye un problema para sus pa\u00edses de origen. Y tambi\u00e9n plantean un problema social en Alemania, donde \u2013debido a la pol\u00edtica estimulada por Ulrich Grillo\u2013 la clase obrera ya est\u00e1 siendo v\u00edctima de una feroz explotaci\u00f3n.<\/div>\n<div style=\"text-align: justify\"><\/div>\n<div style=\"text-align: justify\">En todos los dem\u00e1s pa\u00edses donde se han aplicado ese tipo de pol\u00edticas, no son los migrantes econ\u00f3micos los que han representado un problema sino la posterior reunificaci\u00f3n familiar.<\/div>\n<div style=\"text-align: justify\">\u00bfQui\u00e9n fabrica la imagen actual de \u00abcrisis de los refugiados\u00bb?<\/div>\n<div style=\"text-align: justify\"><\/div>\n<div style=\"text-align: justify\">Desde el inicio del a\u00f1o 2015, el cruce ilegal de la frontera de Turqu\u00eda hacia a Hungr\u00eda, que costaba 10 000 d\u00f3lares, baj\u00f3 a 2 000 d\u00f3lares por persona. Hay ciertamente traficantes de personas que son verdaderos esclavistas, pero tambi\u00e9n hay gente que ayuda a los migrantes en el cruce de las fronteras simplemente porque quieren ayudar a personas en dificultad. En todo caso, cabe preguntarse \u00bfqui\u00e9n paga la diferencia?<\/div>\n<div style=\"text-align: justify\"><\/div>\n<div style=\"text-align: justify\">Por otro lado, al principio de la guerra contra Siria, Qatar imprim\u00eda pasaportes sirios falsos y los entregaba a los yihadistas de al-Qaeda para que pudieran convencer a los periodistas de la prensa atlantista de que eran \u00abrebeldes sirios\u00bb y no mercenarios extranjeros. Pero actualmente, algunos traficantes de personas est\u00e1n entregando pasaportes sirios falsos a migrantes de otras nacionalidades. Y los migrantes los aceptan pensando, acertadamente, que esos pasaportes falsos han de facilitarles la entrada en la Uni\u00f3n Europea. En efecto, como los Estados miembros de la Uni\u00f3n Europea han cerrado sus embajadas en Siria \u2013con excepci\u00f3n de la Rep\u00fablica Checa y Rumania\u2013 ahora no tienen c\u00f3mo verificar la autenticidad de esos pasaportes.<\/div>\n<div style=\"text-align: justify\"><\/div>\n<div style=\"text-align: justify\">Hace 6 meses, yo expresaba mi sorpresa ante la ceguera de los dirigentes de la Uni\u00f3n Europea, se\u00f1alando que no percib\u00edan la voluntad de Estados Unidos de debilitar a sus pa\u00edses, incluso mediante la \u00abcrisis de los refugiados\u00bb [<a href=\"http:\/\/www.voltairenet.org\/article188619.html#nb2\">2<\/a>]. El mes pasado, la publicaci\u00f3n Info Direkt se\u00f1alaba que, seg\u00fan los servicios de inteligencia de Austria, el \u00e9xodo de refugiados sirios hacia Europa estaba siendo orquestado por Estados Unidos [<a href=\"http:\/\/www.voltairenet.org\/article188619.html#nb3\">3<\/a>]. Es una imputaci\u00f3n que est\u00e1 por verificar, pero tambi\u00e9n constituye una hip\u00f3tesis s\u00f3lida.<\/div>\n<div style=\"text-align: justify\"><\/div>\n<div style=\"text-align: justify\">En todo caso, todos estos acontecimientos y manipulaciones carecer\u00edan de gravedad si los Estados miembros de la Uni\u00f3n Europea pusieran fin a la reunificaci\u00f3n familiar. El \u00fanico verdadero problema no ser\u00eda entonces la entrada de los migrantes sino la tragedia de los que mueren en el intento, tratando de cruzar el Mediterr\u00e1neo, precisamente la \u00fanica realidad que no moviliza a ning\u00fan dirigente europeo.<\/div>\n<div style=\"text-align: justify\">\u00bfQu\u00e9 trama la OTAN?<\/div>\n<div style=\"text-align: justify\"><\/div>\n<div style=\"text-align: justify\">La OTAN, o sea el brazo armado internacional de Estados Unidos, no ha reaccionado. Pero, seg\u00fan sus nuevas misiones, la alianza atl\u00e1ntica se reserva la posibilidad de intervenir militarmente ante los grandes flujos migratorios.<\/div>\n<div style=\"text-align: justify\"><\/div>\n<div style=\"text-align: justify\">Sabiendo que s\u00f3lo la OTAN dispone de la capacidad de \u201cincrustar\u201d una informaci\u00f3n tendenciosa o simplemente falsa en la primera plana de todos los diarios de sus pa\u00edses miembros, es altamente probable que ese bloque militar est\u00e9 organizando la actual campa\u00f1a. Adem\u00e1s, el hecho que esa campa\u00f1a est\u00e9 presentando a todos los migrantes como refugiados que huyen de las zonas de guerra y la insistencia sobre el origen supuestamente sirio de todos estos migrantes hacen pensar que la OTAN est\u00e1 preparando una acci\u00f3n p\u00fablica relacionada con la guerra que secretamente dirige contra Siria.<\/div>\n<p><\/span><\/p>\n<div style=\"background-color: white;border: 0px;color: #444444;font-family: helvetica, arial, sans-serif;font-size: 14px;line-height: 23px;margin-bottom: 15px;padding: 0px;vertical-align: baseline\"><\/div>\n<div style=\"background-color: white;border: 0px;line-height: 23px;margin-bottom: 15px;padding: 0px;vertical-align: baseline\"><span style=\"color: blue;font-family: Verdana, sans-serif\">Resumen Latinoamericano\/Producci\u00f3n Riachuelo<\/span><\/div>\n","protected":false},"excerpt":{"rendered":"<p>IM\u00c1GENES MENTIROSAS [Por Thierry Meyssan \/ Red Voltaire \/ Resumen Latinoamericano \/ 7 de septiembre de 2015] Mientras la prensa europea pulsa la cuerda emotiva difuendiendo fotos de un ni\u00f1o ahogado y publicando reportajes sobre las multitudes que cruzan a pie los pa\u00edses de los Balcanes, Thierry Meyssan muestra que se trata de im\u00e1genes fabricadas. [&hellip;]<\/p>\n","protected":false},"author":4,"featured_media":0,"comment_status":"open","ping_status":"open","sticky":false,"template":"","format":"standard","meta":{"_monsterinsights_skip_tracking":false,"_monsterinsights_sitenote_active":false,"_monsterinsights_sitenote_note":"","_monsterinsights_sitenote_category":0,"jnews-multi-image_gallery":[],"jnews_single_post":{"format":"standard"},"jnews_primary_category":[],"_joinchat":[],"footnotes":""},"categories":[58],"tags":[167],"class_list":["post-42","post","type-post","status-publish","format-standard","hentry","category-noticiariachuelo","tag-politica-internacional"],"_links":{"self":[{"href":"http:\/\/fmriachuelo.it10.com.ar\/index.php\/wp-json\/wp\/v2\/posts\/42","targetHints":{"allow":["GET"]}}],"collection":[{"href":"http:\/\/fmriachuelo.it10.com.ar\/index.php\/wp-json\/wp\/v2\/posts"}],"about":[{"href":"http:\/\/fmriachuelo.it10.com.ar\/index.php\/wp-json\/wp\/v2\/types\/post"}],"author":[{"embeddable":true,"href":"http:\/\/fmriachuelo.it10.com.ar\/index.php\/wp-json\/wp\/v2\/users\/4"}],"replies":[{"embeddable":true,"href":"http:\/\/fmriachuelo.it10.com.ar\/index.php\/wp-json\/wp\/v2\/comments?post=42"}],"version-history":[{"count":1,"href":"http:\/\/fmriachuelo.it10.com.ar\/index.php\/wp-json\/wp\/v2\/posts\/42\/revisions"}],"predecessor-version":[{"id":24072,"href":"http:\/\/fmriachuelo.it10.com.ar\/index.php\/wp-json\/wp\/v2\/posts\/42\/revisions\/24072"}],"wp:attachment":[{"href":"http:\/\/fmriachuelo.it10.com.ar\/index.php\/wp-json\/wp\/v2\/media?parent=42"}],"wp:term":[{"taxonomy":"category","embeddable":true,"href":"http:\/\/fmriachuelo.it10.com.ar\/index.php\/wp-json\/wp\/v2\/categories?post=42"},{"taxonomy":"post_tag","embeddable":true,"href":"http:\/\/fmriachuelo.it10.com.ar\/index.php\/wp-json\/wp\/v2\/tags?post=42"}],"curies":[{"name":"wp","href":"https:\/\/api.w.org\/{rel}","templated":true}]}}