{"id":4178,"date":"2017-04-04T13:39:55","date_gmt":"2017-04-04T13:39:55","guid":{"rendered":"http:\/\/fmriachuelo.com.ar\/ljkjklj\/?p=4178"},"modified":"2017-04-04T13:39:55","modified_gmt":"2017-04-04T13:39:55","slug":"encuentro-de-estela-de-carlotto-con-secretario-dd-hh-de-la-ctep","status":"publish","type":"post","link":"http:\/\/fmriachuelo.it10.com.ar\/index.php\/2017\/04\/04\/encuentro-de-estela-de-carlotto-con-secretario-dd-hh-de-la-ctep\/","title":{"rendered":"ENCUENTRO DE ESTELA DE CARLOTTO CON SECRETARIO DD.HH. DE LA CTEP"},"content":{"rendered":"<p>[FM Riachuelo 04\/04\/2017] En la tarde de ayer se realiz\u00f3 un encuentro en la sede de Abuelas de Plaza de Mayo, entre la presidenta del organismo y el secretario de Derechos Humanos de la CTEP, Lito Borello. En el encuentro el secretario de DD:HH. le trasmiti\u00f3 a la presidenta de Abuelas, las graves dificultades que atraviesa el sector de los trabajadores de la econom\u00eda popular, al mismo tiempo que expres\u00f3 su compromiso con \u00a0las pol\u00edticas de Memoria, Verdad y Justicia, necesarias para poder construir nuestro futuro.<\/p>\n<p>Otro tema planteado por el Secretario de DDHH de CTEP como preocupaci\u00f3n de las organizaciones sociales fue el de la criminalizaci\u00f3n, la persecuci\u00f3n y la violencia policial que se viene registrando contra militantes y referentes. En particular, Borello se\u00f1al\u00f3 hechos como el juicio contra Luis Bord\u00f3n, Luis D\u00b4El\u00eda y \u00e9l mismo por la toma de la comisar\u00eda de La Boca tras el asesinato del Oso Cisneros y que tiene fecha para el 18 de abril; y la denuncia de apolog\u00eda del delito contra Emilio P\u00e9rsico del Movimiento Evita. Tambi\u00e9n mencion\u00f3 las situaciones de violencia policial en La Boca, que provocaron la muerte de una vecina, y la represi\u00f3n en el Comedor Cartoneritos de Lan\u00fas.<\/p>\n<p>En el encuentro tambi\u00e9n estuvieron presentes Jorge \u00abChiqui\u00bb Falcone, de la Agrupaci\u00f3n Claudia Falcone y de la Mesa Gremial 19 y 20 de la CTEP, hist\u00f3rico referente de los derechos humanos, junto a Nadia Martinez directora de FM Riachuelo, medio comunitario que tambi\u00e9n participa activamente de la CTEP, en la Mesa 19 y 20.<\/p>\n<p>Al finalizar, Estela de Carlotto dej\u00f3 unas palabras para el pueblo del barrio de La Boca y un afectuoso saludo para FM Riachuelo, con el compromiso de un proximo encuentro, en nuestros estudios.<\/p>\n<p>&nbsp;<\/p>\n<p>&nbsp;<\/p>\n","protected":false},"excerpt":{"rendered":"<p>[FM Riachuelo 04\/04\/2017] En la tarde de ayer se realiz\u00f3 un encuentro en la sede de Abuelas de Plaza de Mayo, entre la presidenta del organismo y el secretario de Derechos Humanos de la CTEP, Lito Borello. En el encuentro el secretario de DD:HH. le trasmiti\u00f3 a la presidenta de Abuelas, las graves dificultades que [&hellip;]<\/p>\n","protected":false},"author":4,"featured_media":4185,"comment_status":"open","ping_status":"open","sticky":false,"template":"","format":"standard","meta":{"_monsterinsights_skip_tracking":false,"_monsterinsights_sitenote_active":false,"_monsterinsights_sitenote_note":"","_monsterinsights_sitenote_category":0,"jnews-multi-image_gallery":[],"jnews_single_post":[],"jnews_primary_category":[],"_joinchat":[],"footnotes":""},"categories":[78,77],"tags":[],"class_list":["post-4178","post","type-post","status-publish","format-standard","has-post-thumbnail","hentry","category-economia-popular","category-soberania"],"_links":{"self":[{"href":"http:\/\/fmriachuelo.it10.com.ar\/index.php\/wp-json\/wp\/v2\/posts\/4178","targetHints":{"allow":["GET"]}}],"collection":[{"href":"http:\/\/fmriachuelo.it10.com.ar\/index.php\/wp-json\/wp\/v2\/posts"}],"about":[{"href":"http:\/\/fmriachuelo.it10.com.ar\/index.php\/wp-json\/wp\/v2\/types\/post"}],"author":[{"embeddable":true,"href":"http:\/\/fmriachuelo.it10.com.ar\/index.php\/wp-json\/wp\/v2\/users\/4"}],"replies":[{"embeddable":true,"href":"http:\/\/fmriachuelo.it10.com.ar\/index.php\/wp-json\/wp\/v2\/comments?post=4178"}],"version-history":[{"count":0,"href":"http:\/\/fmriachuelo.it10.com.ar\/index.php\/wp-json\/wp\/v2\/posts\/4178\/revisions"}],"wp:featuredmedia":[{"embeddable":true,"href":"http:\/\/fmriachuelo.it10.com.ar\/index.php\/wp-json\/"}],"wp:attachment":[{"href":"http:\/\/fmriachuelo.it10.com.ar\/index.php\/wp-json\/wp\/v2\/media?parent=4178"}],"wp:term":[{"taxonomy":"category","embeddable":true,"href":"http:\/\/fmriachuelo.it10.com.ar\/index.php\/wp-json\/wp\/v2\/categories?post=4178"},{"taxonomy":"post_tag","embeddable":true,"href":"http:\/\/fmriachuelo.it10.com.ar\/index.php\/wp-json\/wp\/v2\/tags?post=4178"}],"curies":[{"name":"wp","href":"https:\/\/api.w.org\/{rel}","templated":true}]}}