{"id":4170,"date":"2017-04-02T23:29:26","date_gmt":"2017-04-02T23:29:26","guid":{"rendered":"http:\/\/fmriachuelo.com.ar\/ljkjklj\/?p=4170"},"modified":"2017-04-02T23:29:26","modified_gmt":"2017-04-02T23:29:26","slug":"rosario-un-nuevo-caso-de-represion-del-estado-contra-familias-qom","status":"publish","type":"post","link":"http:\/\/fmriachuelo.it10.com.ar\/index.php\/2017\/04\/02\/rosario-un-nuevo-caso-de-represion-del-estado-contra-familias-qom\/","title":{"rendered":"ROSARIO,  UN NUEVO CASO DE REPRESI\u00d3N DEL ESTADO CONTRA FAMILIAS QOM"},"content":{"rendered":"<p>[Fm Riachuelo 02\/04\/2017] Un nuevo hecho de represi\u00f3n policial sucedi\u00f3 en un barrio popular de la ciudad de Rosario. La Secretar\u00eda de Derechos Humanos de la CTEP inform\u00f3 hoy que en los barrios de las comunidades Qom de la ciudad de Rosario se produjeron hechos de represi\u00f3n policial contra las familias, que ten\u00edan por objeto a los j\u00f3venes. La r\u00e1pida intervenci\u00f3n y difusi\u00f3n de organizaciones populares y la presencia de abogados de los organismos y la presencia del fiscal Ponce Assat, permiti\u00f3 que en la fiscal\u00eda se comenzara un proceso contra los polic\u00edas de la Comisar\u00eda 18 y el Comando Radioel\u00e9ctrico que participaron del operativo contra la comunidad Qom de Roullion.<\/p>\n<p>Compartimos algunos testimonios recogidos del brutal hecho de represi\u00f3n:<\/p>\n<p>Este\u00a0domingo 2 de abril de 2017 desde las 8.30 hs de la ma\u00f1ana, los barrios de comunidades qom de la ciudad de Rosario est\u00e1n siendo reprimidos.\u00a0Uno en Rouill\u00f3n al 5300 y el otro en la Calle Traves\u00eda.\u00a0La polic\u00eda de la provincia de Santa Fe est\u00e1 ingresando a las casas y, sin motivos claros, golpean y les quitan dinero y celulares a los j\u00f3venes. Algunos de los heridos se encuentran en el Hospital Carrasco de Rosario, entre ellos varios chicos con lesiones en hombros y piernas. Tambi\u00e9n hay algunas personas detenidas e incomunicadas, sin orden judicial.<\/p>\n<figure id=\"attachment_4174\" aria-describedby=\"caption-attachment-4174\" style=\"width: 169px\" class=\"wp-caption alignleft\"><a href=\"http:\/\/fmriachuelo.com.ar\/ljkjklj\/wp-content\/uploads\/2017\/04\/WhatsApp-Image-2017-04-02-at-14.28.39.jpeg\"><img loading=\"lazy\" decoding=\"async\" class=\"size-medium wp-image-4174\" src=\"http:\/\/fmriachuelo.com.ar\/ljkjklj\/wp-content\/uploads\/2017\/04\/WhatsApp-Image-2017-04-02-at-14.28.39-169x300.jpeg\" alt=\"\" width=\"169\" height=\"300\" \/><\/a><figcaption id=\"caption-attachment-4174\" class=\"wp-caption-text\">Represi\u00f3n en Rosario contra familias Qom<\/figcaption><\/figure>\n<p>En la Comisar\u00eda 19 hay referentes de Derechos Humanos, parte de la Direcci\u00f3n de Pueblos Originarios, reclamando la libertad de los detenidos y para averiguar el paradero de otros j\u00f3venes que fueron llevados por la fuerza de seguridad provincial.\u00a0Esta situaci\u00f3n est\u00e1 realiz\u00e1ndose de manera simult\u00e1nea en dos barrios diferentes de la ciudad, que son casualmente barrios donde viven las comunidades qom.\u00a0El blanco de la polic\u00eda provincial son los pibes y las mujeres de las comunidades originarias.<\/p>\n<p>A partir de la r\u00e1pida respuesta y difusi\u00f3n\u00a0 de organizaciones populares, con la presencia de abogados de organismos y el fiscal Ponce Assat comenz\u00f3 en la fiscal\u00eda un proceso a los polic\u00edas de la Comisar\u00eda 19 y del Comando Radioel\u00e9ctrico que participaron del operativo contra la comunidad Qom de Roullion.\u00a0Tambi\u00e9n fue procesado el m\u00e9dico de la polic\u00eda que evalu\u00f3 y neg\u00f3 las lesiones de los menores y mayores detenidos. Se les corrobor\u00f3 que fueron fuertemente golpeados y maltratados por los efectivos. Uno de los polic\u00edas se encontraba en estado de ebriedad.<\/p>\n<p>CONTACTOS:<\/p>\n<p>Lucila Deponti +54 9 341 336-1970<\/p>\n<p>Nacho Rico +54 9 341 638-7491<\/p>\n<p>SECCIONAL 19 DE ROSARIO<\/p>\n<p>&nbsp;<\/p>\n<p>Tel. 0341-4725560<br \/>\n0341-4725561<\/p>\n<p>&nbsp;<\/p>\n<p>&nbsp;<\/p>\n<p>&nbsp;<\/p>\n","protected":false},"excerpt":{"rendered":"<p>[Fm Riachuelo 02\/04\/2017] Un nuevo hecho de represi\u00f3n policial sucedi\u00f3 en un barrio popular de la ciudad de Rosario. La Secretar\u00eda de Derechos Humanos de la CTEP inform\u00f3 hoy que en los barrios de las comunidades Qom de la ciudad de Rosario se produjeron hechos de represi\u00f3n policial contra las familias, que ten\u00edan por objeto [&hellip;]<\/p>\n","protected":false},"author":4,"featured_media":4173,"comment_status":"open","ping_status":"open","sticky":false,"template":"","format":"standard","meta":{"_monsterinsights_skip_tracking":false,"_monsterinsights_sitenote_active":false,"_monsterinsights_sitenote_note":"","_monsterinsights_sitenote_category":0,"jnews-multi-image_gallery":[],"jnews_single_post":[],"jnews_primary_category":[],"_joinchat":[],"footnotes":""},"categories":[76],"tags":[68,119],"class_list":["post-4170","post","type-post","status-publish","format-standard","has-post-thumbnail","hentry","category-salud-comunitaria","tag-de-los-trabajadores","tag-derechos-humanos"],"_links":{"self":[{"href":"http:\/\/fmriachuelo.it10.com.ar\/index.php\/wp-json\/wp\/v2\/posts\/4170","targetHints":{"allow":["GET"]}}],"collection":[{"href":"http:\/\/fmriachuelo.it10.com.ar\/index.php\/wp-json\/wp\/v2\/posts"}],"about":[{"href":"http:\/\/fmriachuelo.it10.com.ar\/index.php\/wp-json\/wp\/v2\/types\/post"}],"author":[{"embeddable":true,"href":"http:\/\/fmriachuelo.it10.com.ar\/index.php\/wp-json\/wp\/v2\/users\/4"}],"replies":[{"embeddable":true,"href":"http:\/\/fmriachuelo.it10.com.ar\/index.php\/wp-json\/wp\/v2\/comments?post=4170"}],"version-history":[{"count":0,"href":"http:\/\/fmriachuelo.it10.com.ar\/index.php\/wp-json\/wp\/v2\/posts\/4170\/revisions"}],"wp:featuredmedia":[{"embeddable":true,"href":"http:\/\/fmriachuelo.it10.com.ar\/index.php\/wp-json\/"}],"wp:attachment":[{"href":"http:\/\/fmriachuelo.it10.com.ar\/index.php\/wp-json\/wp\/v2\/media?parent=4170"}],"wp:term":[{"taxonomy":"category","embeddable":true,"href":"http:\/\/fmriachuelo.it10.com.ar\/index.php\/wp-json\/wp\/v2\/categories?post=4170"},{"taxonomy":"post_tag","embeddable":true,"href":"http:\/\/fmriachuelo.it10.com.ar\/index.php\/wp-json\/wp\/v2\/tags?post=4170"}],"curies":[{"name":"wp","href":"https:\/\/api.w.org\/{rel}","templated":true}]}}