{"id":4168,"date":"2017-04-02T21:03:42","date_gmt":"2017-04-02T21:03:42","guid":{"rendered":"http:\/\/fmriachuelo.com.ar\/ljkjklj\/?p=4168"},"modified":"2017-04-02T21:03:42","modified_gmt":"2017-04-02T21:03:42","slug":"lito-borello-el-dialogo-sin-solucion-no-es-dialogo","status":"publish","type":"post","link":"http:\/\/fmriachuelo.it10.com.ar\/index.php\/2017\/04\/02\/lito-borello-el-dialogo-sin-solucion-no-es-dialogo\/","title":{"rendered":"LITO BORELLO: \u00abEL DIALOGO SIN SOLUCI\u00d3N, NO ES DIALOGO\u00bb"},"content":{"rendered":"<p>[FM Riachuelo 02\/04\/2017] Antes de comenzar una semana de fuerte importancia para las luchas del movimiento popular, y de los trabajadores de la Econom\u00eda Popular en particular, conversamos con Lito Borello, referente de la Mesa Gremial 19 y 20 de la Confederaci\u00f3n de Trabajadores de la Econom\u00eda Popular (CTEP).<\/p>\n<p>La implementaci\u00f3n de la Ley de Emergencia Social, a partir de la efectivizaci\u00f3n del Salario Social Complementario (SSC) para los trabajadores de la Econom\u00eda Popular, es un tema central para paliar la cr\u00edtica situaci\u00f3n que atraviesa este sector, y <a href=\"http:\/\/fmriachuelo.com.ar\/ljkjklj\/blog\/2017\/03\/25\/4076\/\">fue motivo de una convocatoria a plenario de la CTEP el pasado 25 de marzo frente a una propuesta del gobierno<\/a> de comenzar con su implementaci\u00f3n en los primeros d\u00edas de abril.<\/p>\n<p>Al respecto, Borello comparti\u00f3 las mimas inquietudes que otras organizaciones expresaron en los \u00faltimos d\u00edas frente al incumplimiento que el gobierno, y en particular el Ministerio de Trabajo, vienen teniendo con deudas y pendientes que siguen perjudicando a los trabajadores de la econom\u00eda popular: \u00aben la pr\u00e1ctica, la voluntad pol\u00edtica de resolver del gobierno no es sincera. Vamos a estar alertas y evaluar d\u00eda a d\u00eda la situaci\u00f3n. Si no hay soluci\u00f3n seguramente habr\u00e1 que tomar medidas de lucha\u00bb.<\/p>\n<p>El referente de la Mesa Gremial 19 y 20, tambi\u00e9n Secretario de Derechos Humanos de la CTEP, destac\u00f3 tambi\u00e9n la importancia del Paro General del 6 de abril en el marco del proceso de lucha y unidad que los sectores populares expresaron a lo largo del mes de marzo. \u00abcomo Mesa Gremial vamos a acompa\u00f1ar el planteo en el \u00faltimo plenario de CTEP de llevar adelante un paro activo. En cada uno de los lugares se determinar\u00e1 la mejor estrategia a seguir para seguir aportando a la unidad de todo nuestro Pueblo. Seguramente el 6 sea una jornada para unirse y luchar contra las pol\u00edticas de ajuste y dominaci\u00f3n que impulsa el macrismo\u00bb.<\/p>\n","protected":false},"excerpt":{"rendered":"<p>[FM Riachuelo 02\/04\/2017] Antes de comenzar una semana de fuerte importancia para las luchas del movimiento popular, y de los trabajadores de la Econom\u00eda Popular en particular, conversamos con Lito Borello, referente de la Mesa Gremial 19 y 20 de la Confederaci\u00f3n de Trabajadores de la Econom\u00eda Popular (CTEP). La implementaci\u00f3n de la Ley de [&hellip;]<\/p>\n","protected":false},"author":4,"featured_media":4177,"comment_status":"open","ping_status":"open","sticky":false,"template":"","format":"standard","meta":{"_monsterinsights_skip_tracking":false,"_monsterinsights_sitenote_active":false,"_monsterinsights_sitenote_note":"","_monsterinsights_sitenote_category":0,"jnews-multi-image_gallery":[],"jnews_single_post":[],"jnews_primary_category":[],"_joinchat":[],"footnotes":""},"categories":[76,75],"tags":[],"class_list":["post-4168","post","type-post","status-publish","format-standard","has-post-thumbnail","hentry","category-salud-comunitaria","category-trabajo"],"_links":{"self":[{"href":"http:\/\/fmriachuelo.it10.com.ar\/index.php\/wp-json\/wp\/v2\/posts\/4168","targetHints":{"allow":["GET"]}}],"collection":[{"href":"http:\/\/fmriachuelo.it10.com.ar\/index.php\/wp-json\/wp\/v2\/posts"}],"about":[{"href":"http:\/\/fmriachuelo.it10.com.ar\/index.php\/wp-json\/wp\/v2\/types\/post"}],"author":[{"embeddable":true,"href":"http:\/\/fmriachuelo.it10.com.ar\/index.php\/wp-json\/wp\/v2\/users\/4"}],"replies":[{"embeddable":true,"href":"http:\/\/fmriachuelo.it10.com.ar\/index.php\/wp-json\/wp\/v2\/comments?post=4168"}],"version-history":[{"count":0,"href":"http:\/\/fmriachuelo.it10.com.ar\/index.php\/wp-json\/wp\/v2\/posts\/4168\/revisions"}],"wp:featuredmedia":[{"embeddable":true,"href":"http:\/\/fmriachuelo.it10.com.ar\/index.php\/wp-json\/"}],"wp:attachment":[{"href":"http:\/\/fmriachuelo.it10.com.ar\/index.php\/wp-json\/wp\/v2\/media?parent=4168"}],"wp:term":[{"taxonomy":"category","embeddable":true,"href":"http:\/\/fmriachuelo.it10.com.ar\/index.php\/wp-json\/wp\/v2\/categories?post=4168"},{"taxonomy":"post_tag","embeddable":true,"href":"http:\/\/fmriachuelo.it10.com.ar\/index.php\/wp-json\/wp\/v2\/tags?post=4168"}],"curies":[{"name":"wp","href":"https:\/\/api.w.org\/{rel}","templated":true}]}}