{"id":4161,"date":"2017-04-02T16:19:34","date_gmt":"2017-04-02T16:19:34","guid":{"rendered":"http:\/\/fmriachuelo.com.ar\/ljkjklj\/?p=4161"},"modified":"2017-04-02T16:19:34","modified_gmt":"2017-04-02T16:19:34","slug":"cooperativa-los-topos-organizarse-para-una-vida-digna","status":"publish","type":"post","link":"http:\/\/fmriachuelo.it10.com.ar\/index.php\/2017\/04\/02\/cooperativa-los-topos-organizarse-para-una-vida-digna\/","title":{"rendered":"COOPERATIVA \u00abLOS TOPOS\u00bb:  ORGANIZARSE PARA UNA VIDA DIGNA"},"content":{"rendered":"<p>[FM Riachuelo 02\/04\/2017] La Cooperativa Los Topos \u00a0se form\u00f3 con personas que estuvieron privadas de su libertad, presos, que se organizaron para gestionar una fuente de trabajo, que es tan dificil en el contexto actual, y m\u00e1s a\u00fan para ese segmento de personas. Una experiencia de trabajadores, que luchan por una vida digna, que se realiza en el barrio Derqui, de la localidad de Caseros, con trabajos de construcci\u00f3n, que tambi\u00e9n participa en algunas obras p\u00fablicas del municipio. Al mismo tiempo llevan adelante\u00a0trabajos sociales y comunitarios, articulando con las organizaciones del barrio, donde tambi\u00e9n sostienen un merendero, \u00a0apoyo escolar para los pibes y algunos talleres de oficios. \u00a0Escuch\u00e1 la entrevista realizada a Ram\u00f3n Magallanes, \u00abAra\u00f1a\u00bb, en el programa<span style=\"color: #ff0000\"><strong> Romp\u00e9 el Cerco Informativo<\/strong><\/span>, a continuaci\u00f3n:<\/p>\n","protected":false},"excerpt":{"rendered":"<p>[FM Riachuelo 02\/04\/2017] La Cooperativa Los Topos \u00a0se form\u00f3 con personas que estuvieron privadas de su libertad, presos, que se organizaron para gestionar una fuente de trabajo, que es tan dificil en el contexto actual, y m\u00e1s a\u00fan para ese segmento de personas. Una experiencia de trabajadores, que luchan por una vida digna, que se [&hellip;]<\/p>\n","protected":false},"author":4,"featured_media":4166,"comment_status":"open","ping_status":"open","sticky":false,"template":"","format":"standard","meta":{"_monsterinsights_skip_tracking":false,"_monsterinsights_sitenote_active":false,"_monsterinsights_sitenote_note":"","_monsterinsights_sitenote_category":0,"jnews-multi-image_gallery":[],"jnews_single_post":[],"jnews_primary_category":[],"_joinchat":[],"footnotes":""},"categories":[76,75],"tags":[68,64],"class_list":["post-4161","post","type-post","status-publish","format-standard","has-post-thumbnail","hentry","category-salud-comunitaria","category-trabajo","tag-de-los-trabajadores","tag-economia-popular"],"_links":{"self":[{"href":"http:\/\/fmriachuelo.it10.com.ar\/index.php\/wp-json\/wp\/v2\/posts\/4161","targetHints":{"allow":["GET"]}}],"collection":[{"href":"http:\/\/fmriachuelo.it10.com.ar\/index.php\/wp-json\/wp\/v2\/posts"}],"about":[{"href":"http:\/\/fmriachuelo.it10.com.ar\/index.php\/wp-json\/wp\/v2\/types\/post"}],"author":[{"embeddable":true,"href":"http:\/\/fmriachuelo.it10.com.ar\/index.php\/wp-json\/wp\/v2\/users\/4"}],"replies":[{"embeddable":true,"href":"http:\/\/fmriachuelo.it10.com.ar\/index.php\/wp-json\/wp\/v2\/comments?post=4161"}],"version-history":[{"count":0,"href":"http:\/\/fmriachuelo.it10.com.ar\/index.php\/wp-json\/wp\/v2\/posts\/4161\/revisions"}],"wp:featuredmedia":[{"embeddable":true,"href":"http:\/\/fmriachuelo.it10.com.ar\/index.php\/wp-json\/"}],"wp:attachment":[{"href":"http:\/\/fmriachuelo.it10.com.ar\/index.php\/wp-json\/wp\/v2\/media?parent=4161"}],"wp:term":[{"taxonomy":"category","embeddable":true,"href":"http:\/\/fmriachuelo.it10.com.ar\/index.php\/wp-json\/wp\/v2\/categories?post=4161"},{"taxonomy":"post_tag","embeddable":true,"href":"http:\/\/fmriachuelo.it10.com.ar\/index.php\/wp-json\/wp\/v2\/tags?post=4161"}],"curies":[{"name":"wp","href":"https:\/\/api.w.org\/{rel}","templated":true}]}}