{"id":4158,"date":"2017-03-29T18:19:38","date_gmt":"2017-03-29T18:19:38","guid":{"rendered":"http:\/\/fmriachuelo.com.ar\/ljkjklj\/?p=4158"},"modified":"2017-03-29T18:19:38","modified_gmt":"2017-03-29T18:19:38","slug":"cgt-de-los-argentinos-a-49-anos-de-su-formacion","status":"publish","type":"post","link":"http:\/\/fmriachuelo.it10.com.ar\/index.php\/2017\/03\/29\/cgt-de-los-argentinos-a-49-anos-de-su-formacion\/","title":{"rendered":"CGT DE LOS ARGENTINOS, A 49 A\u00d1OS DE SU FORMACI\u00d3N"},"content":{"rendered":"<p>[Agencia Resistir y Luchar* \u2013 Mariano Pacheco]\u2013 Bajo la consigna \u201cReinventar la lucha\u201d varias decenas de activistas sociales y sindicales se reunieron el pasado martes 28 de marzo en la Casa de los Trabajadores de C\u00f3rdoba, para celebrar el 49 aniversario del Congreso de la CGT donde se produjo la ruptura que dio origen a la CGT de los Argentinos.<\/p>\n<p>Del \u201cconversatorio\u201d, coordinado por la docente de la Universidad Nacional de C\u00f3rdoba Susana Roitman,\u00a0participaron el director del peri\u00f3dico Resumen Latinoamericano, Carlos Azn\u00e1rez y el luchador sindical del gremio de Luz y Fuerza en los a\u00f1os 60-70, Taurino Atencio. Tambi\u00e9n sumaron su voz y su experiencia activistas actuales del \u00e1mbito de la salud, la educaci\u00f3n, el transporte y los movimientos sociales.<\/p>\n<p>Taurino abri\u00f3 la charla realizando una historizaci\u00f3n de la situaci\u00f3n del movimiento obrero argentino desde el derrocamiento del gobierno de Juan Domingo Per\u00f3n en 1955 hasta el Cordobazo en 1969. Destac\u00f3 el papel jugado por los activistas sindicales de base en ese proceso en que muchos sindicatos fueron intervenidos, sus dirigentes perseguidos y encarcelados y el permanente ir y venir entre fracciones que se mostraban dispuestas a negociar con las dictaduras militares y quienes las combat\u00edan. Tambi\u00e9n desmenuz\u00f3 los pormenores del Congreso Normalizador de la CGT de aquel primero de marzo de 1968, cuando los gremios intervenidos no ten\u00edan posibilidades de participar, y c\u00f3mo luego \u201cse dio vuelta la tortilla\u201d y termin\u00f3 fund\u00e1ndose la CGT de los Argentinos, con el gr\u00e1fico Raimundo Ongaro como secretario general, tras ese encuentro denominado \u201cAmado Olmos\u201d (en homenaje al activista fallecido en un accidente automovil\u00edstico) que retom\u00f3 los programas obreros de La Falda (1957) y Huerta Grande (1962).<\/p>\n<p>Retomando las palabras de Taurino, Azn\u00e1rez enfatiz\u00f3 que toda la historia del peronismo estaba atravesada por la oscilaci\u00f3n entre un sindicalismo claudicante y otro de liberaci\u00f3n. Tambi\u00e9n record\u00f3 que en 1955 la CGT \u201cNegra\u201d atend\u00eda reclamos gremiales mientras en la clandestinidad realizaba sabotajes. Entre an\u00e9cdotas de esos a\u00f1os \u2013en los que dirig\u00eda la revista\u00a0<em>Rese\u00f1a sindical<\/em>\u2014 cont\u00f3 c\u00f3mo vivieron el discurso pronunciado por Ongaro a las cinco de la madrugada, hacia el final de aqu\u00e9l emblem\u00e1tico plenario y c\u00f3mo desde ese momento Rodolfo Walsh ya se puso a trabajar en el armado del per\u00edodico\u00a0<em>CGT<\/em>. \u201cEse plenario fue un hecho hist\u00f3rico\u201d, coment\u00f3. Y agreg\u00f3: \u201cpuso blanco sobre negro una historia plagada de traiciones y resistencias\u201d. El director de\u00a0<em>Resumen Latinoamericano<\/em>\u00a0hizo hincapi\u00e9 en la importancia que la formaci\u00f3n pol\u00edtica ten\u00eda en al \u00e9poca e inst\u00f3 a los presentes a formarse y mantenerse informados. \u201cEl diario CGT distribu\u00eda un mill\u00f3n de ejemplares, estaba realizado por un cuerpo formidable de periodistas que eran verdaderos intelectuales cr\u00edticos y funcion\u00f3 como un diario organizador, adem\u00e1s de expresi\u00f3n de las luchas y an\u00e1lisis no solo de cuestiones gremiales sino tambi\u00e9n de pol\u00edtica nacional e internacional\u201d, expres\u00f3. Y luego apunt\u00f3: \u201cel programa de la CGT de los Argentinos redactado por Rodolfo Walsh habla de nacionalizar los sectores clave de la econom\u00eda, plantea una confluencia de la lucha reivindicativa y una estrategia para la toma del poder que se proponga construir el socialismo. Adem\u00e1s, le propon\u00eda tangencialmente al pueblo y sobre todo a la clase obrera, que recuperara la autoestima y se pusiera al frente de un proceso de liberaci\u00f3n nacional y social\u201d.<\/p>\n<p>Algunos de los presentes tambi\u00e9n destacaron luego que junto con periodistas y escritores tambi\u00e9n hab\u00eda artistas comprometidos con el movimiento popular y se se\u00f1al\u00f3 el dibujo de Ricardo Carpani, con el cual se convoc\u00f3 a la actividad de homenaje, para recordar al Grupo Espartaco y todas las actividades de \u201cbatalla cultural\u201d que se realizaban en la sede de Paseo Col\u00f3n de la CGT de los Argentinos.<\/p>\n<p>Integrantes del Encuentro de Organizaciones, que a su vez forman parte de la Confederaci\u00f3n de Trabajadores de la Econom\u00eda Popular (CTEP), hicieron hincapi\u00e9, por su parte, en el proceso que vienen realizado las organizaciones territoriales en cuanto a asumir m\u00e1s fuertemente una identidad de clase y llamaron a \u201chacer activo\u201d en las calles el paro general de abril, hasta el momento convocado sin movilizaci\u00f3n por el triunvirato cegetista.<\/p>\n<p>Por otra parte, delegados de la Uni\u00f3n Tranviaria Automotor (UTA) local contaron c\u00f3mo fue el proceso de organizaci\u00f3n que se fueron dando en los \u00faltimos tiempos, que hoy se expresa con la recuperaci\u00f3n de un cuerpo de delegados que estaba en manos de la burocracia sindical (\u201cser delegado es para nosotros un honor y no un negoci\u00f3\u201d, coment\u00f3 un chofer presente en el lugar), c\u00f3mo fue el proceso de organizaci\u00f3n de las trabajadoras de los trolebuses que reclaman por incluir las demandas de g\u00e9nero en un convenio colectivo de trabajo dise\u00f1ado exclusivamente para varones y delegadas de la Asociaci\u00f3n de Trabajadores del Estado (ATE), comentaron c\u00f3mo se preparan para los paros convocados para este 30 de marzo por las dos fracciones de la Central de Trabajadores de la Argentina (CTA) y para el 6 de abril por la Confederaci\u00f3n General del Trabajo (CGT). Maestras que forman parte de la lista opositora \u201cPluricolor\u201d de la Uni\u00f3n de Educadores de la Provincia de C\u00f3rdoba (UEPC) rescataron todo el proceso de organizaci\u00f3n y lucha que abri\u00f3 el reclamo por la paritaria nacional docente de este a\u00f1o, y remarcaron que por lo menos desde hace ocho a\u00f1os no se produc\u00eda algo semejante en el sector en la provincia, con docentes realizando ferias, colectas, fondos de huelga, asambleas en colegios y escuelas, reuniones con padres de los estudiantes.<\/p>\n<p>Como conclusi\u00f3n de una jornada que tendr\u00e1 su \u201csegundo cap\u00edtulo\u201d el 30 de mayo, cuando se realice un \u201cfog\u00f3n de la memoria\u201d en el mismo lugar, para recordar al Cordobazo y pensar a la luz de aquella experiencia las luchas actuales, tal vez se puedan rescatar las palabras de Azn\u00e1rez, quien en un contrapunto entre la experiencia de fines de aquellos a\u00f1os 60 y la actual, subray\u00f3 el hecho de que aquellos dirigentes \u201cno coqueteaban con el poder, sino que lo combat\u00edan\u201d, y que por eso, hoy la CGT de los Argentinos se constituye en un gran legado, porque \u201cmarc\u00f3 un hito del ir a contracorriente y enfrentar a todos los poderes\u201d.<\/p>\n<p>*La luna con gatillo (C\u00f3rdoba); Resumen Latinoamericano; Revista Venceremos; FM Riachuelo<\/p>\n","protected":false},"excerpt":{"rendered":"<p>[Agencia Resistir y Luchar* \u2013 Mariano Pacheco]\u2013 Bajo la consigna \u201cReinventar la lucha\u201d varias decenas de activistas sociales y sindicales se reunieron el pasado martes 28 de marzo en la Casa de los Trabajadores de C\u00f3rdoba, para celebrar el 49 aniversario del Congreso de la CGT donde se produjo la ruptura que dio origen a [&hellip;]<\/p>\n","protected":false},"author":4,"featured_media":4159,"comment_status":"open","ping_status":"open","sticky":false,"template":"","format":"standard","meta":{"_monsterinsights_skip_tracking":false,"_monsterinsights_sitenote_active":false,"_monsterinsights_sitenote_note":"","_monsterinsights_sitenote_category":0,"jnews-multi-image_gallery":[],"jnews_single_post":[],"jnews_primary_category":[],"_joinchat":[],"footnotes":""},"categories":[79],"tags":[],"class_list":["post-4158","post","type-post","status-publish","format-standard","has-post-thumbnail","hentry","category-nadie-se-salva-solo"],"_links":{"self":[{"href":"http:\/\/fmriachuelo.it10.com.ar\/index.php\/wp-json\/wp\/v2\/posts\/4158","targetHints":{"allow":["GET"]}}],"collection":[{"href":"http:\/\/fmriachuelo.it10.com.ar\/index.php\/wp-json\/wp\/v2\/posts"}],"about":[{"href":"http:\/\/fmriachuelo.it10.com.ar\/index.php\/wp-json\/wp\/v2\/types\/post"}],"author":[{"embeddable":true,"href":"http:\/\/fmriachuelo.it10.com.ar\/index.php\/wp-json\/wp\/v2\/users\/4"}],"replies":[{"embeddable":true,"href":"http:\/\/fmriachuelo.it10.com.ar\/index.php\/wp-json\/wp\/v2\/comments?post=4158"}],"version-history":[{"count":0,"href":"http:\/\/fmriachuelo.it10.com.ar\/index.php\/wp-json\/wp\/v2\/posts\/4158\/revisions"}],"wp:featuredmedia":[{"embeddable":true,"href":"http:\/\/fmriachuelo.it10.com.ar\/index.php\/wp-json\/"}],"wp:attachment":[{"href":"http:\/\/fmriachuelo.it10.com.ar\/index.php\/wp-json\/wp\/v2\/media?parent=4158"}],"wp:term":[{"taxonomy":"category","embeddable":true,"href":"http:\/\/fmriachuelo.it10.com.ar\/index.php\/wp-json\/wp\/v2\/categories?post=4158"},{"taxonomy":"post_tag","embeddable":true,"href":"http:\/\/fmriachuelo.it10.com.ar\/index.php\/wp-json\/wp\/v2\/tags?post=4158"}],"curies":[{"name":"wp","href":"https:\/\/api.w.org\/{rel}","templated":true}]}}