{"id":4140,"date":"2017-03-31T02:51:52","date_gmt":"2017-03-31T02:51:52","guid":{"rendered":"http:\/\/fmriachuelo.com.ar\/ljkjklj\/?p=4140"},"modified":"2017-03-31T02:51:52","modified_gmt":"2017-03-31T02:51:52","slug":"imponente-movilizacion-de-trabajadores-de-cta-y-de-la-economia-popular","status":"publish","type":"post","link":"http:\/\/fmriachuelo.it10.com.ar\/index.php\/2017\/03\/31\/imponente-movilizacion-de-trabajadores-de-cta-y-de-la-economia-popular\/","title":{"rendered":"IMPONENTE MOVILIZACI\u00d3N DE TRABAJADORES DE CTA Y DE LA ECONOM\u00cdA POPULAR"},"content":{"rendered":"<p>[FM Riachuelo 30-03-2017] Una imponente marcha en Plaza de Mayo reuni\u00f3 al conjunto de los trabajadores asalariados nucleados en la Central de Trabajadores Argentinos, CTA, junto a\u00a0trabajadores de la econom\u00eda popular nucleados en la Confederaci\u00f3n de Trabajadores de la Econom\u00eda Popular, (CTEP) Barrios de Pie, Corriente Clasista y Combativa (CCC)\u00a0y el Frente Popular Dar\u00edo Santill\u00e1n (FPDS). Unidos para visibilizar las necesidades urgentes del pueblo trabajador. La CTEP march\u00f3 bajo la consigna: Trabajo Digno, Paritarias Populares y Educaci\u00f3n P\u00fablica.<\/p>\n<p>La marcha tambi\u00e9n fue la ocasi\u00f3n para que las y los referentes principales de la CTEP se pronunciaran respecto de la tragedia que sucedi\u00f3 en horas de la ma\u00f1ana frente a un piquete, en la localidad de San Lorenzo, frente a la puerta de General Motors, donde falleci\u00f3 una persona y hubo varios heridos.<\/p>\n<p>EScuch\u00e1 la Cobertura Riachuelo a continuaci\u00f3n:<\/p>\n<p>Miles de trabajadores se dieron cita en Plaza de Mayo para visibilizar la protesta contra el gobierno nacional y las pol\u00edticas que ocasionan creciente p\u00e9rdida de los puestos de trabajo, tanto de los asalariados como en la econom\u00eda popular. Tabajadores de las centrales obreras CTA, algunos gremios de la CGT, marcharon junto a trabajadores de los movimientos populares, CTEP, Barrios de Pie, CCC y FPDS para expresar sus demandas al gobierno nacional, frente a un creciente ajuste que parece favorecer a los sectores m\u00e1s concentrados de la econom\u00eda.<\/p>\n<p>La movilizaci\u00f3n se produjo en un contexto donde el gobierno nacional viene criminalizando la protesta social y amenazando con la represi\u00f3n, que ya parece ser un hecho en los barrios populares. Pocas horas antes se produjo una tragedia frente al port\u00f3n de entrada de General Motors donde ten\u00eda lugar un piquete en demanda de la fuente laboral. Los principales referentes de la CTEP y de la corriente Mesa 19 y 20 expresaron su repudio y preocupaci\u00f3n por la situaci\u00f3n, y responsabilizaron al gobierno nacional por el hecho.<\/p>\n\n","protected":false},"excerpt":{"rendered":"<p>[FM Riachuelo 30-03-2017] Una imponente marcha en Plaza de Mayo reuni\u00f3 al conjunto de los trabajadores asalariados nucleados en la Central de Trabajadores Argentinos, CTA, junto a\u00a0trabajadores de la econom\u00eda popular nucleados en la Confederaci\u00f3n de Trabajadores de la Econom\u00eda Popular, (CTEP) Barrios de Pie, Corriente Clasista y Combativa (CCC)\u00a0y el Frente Popular Dar\u00edo Santill\u00e1n [&hellip;]<\/p>\n","protected":false},"author":4,"featured_media":4142,"comment_status":"open","ping_status":"open","sticky":false,"template":"","format":"standard","meta":{"_monsterinsights_skip_tracking":false,"_monsterinsights_sitenote_active":false,"_monsterinsights_sitenote_note":"","_monsterinsights_sitenote_category":0,"jnews-multi-image_gallery":[],"jnews_single_post":[],"jnews_primary_category":[],"_joinchat":[],"footnotes":""},"categories":[78,76],"tags":[68,103],"class_list":["post-4140","post","type-post","status-publish","format-standard","has-post-thumbnail","hentry","category-economia-popular","category-salud-comunitaria","tag-de-los-trabajadores","tag-movimientos-populares"],"_links":{"self":[{"href":"http:\/\/fmriachuelo.it10.com.ar\/index.php\/wp-json\/wp\/v2\/posts\/4140","targetHints":{"allow":["GET"]}}],"collection":[{"href":"http:\/\/fmriachuelo.it10.com.ar\/index.php\/wp-json\/wp\/v2\/posts"}],"about":[{"href":"http:\/\/fmriachuelo.it10.com.ar\/index.php\/wp-json\/wp\/v2\/types\/post"}],"author":[{"embeddable":true,"href":"http:\/\/fmriachuelo.it10.com.ar\/index.php\/wp-json\/wp\/v2\/users\/4"}],"replies":[{"embeddable":true,"href":"http:\/\/fmriachuelo.it10.com.ar\/index.php\/wp-json\/wp\/v2\/comments?post=4140"}],"version-history":[{"count":0,"href":"http:\/\/fmriachuelo.it10.com.ar\/index.php\/wp-json\/wp\/v2\/posts\/4140\/revisions"}],"wp:featuredmedia":[{"embeddable":true,"href":"http:\/\/fmriachuelo.it10.com.ar\/index.php\/wp-json\/"}],"wp:attachment":[{"href":"http:\/\/fmriachuelo.it10.com.ar\/index.php\/wp-json\/wp\/v2\/media?parent=4140"}],"wp:term":[{"taxonomy":"category","embeddable":true,"href":"http:\/\/fmriachuelo.it10.com.ar\/index.php\/wp-json\/wp\/v2\/categories?post=4140"},{"taxonomy":"post_tag","embeddable":true,"href":"http:\/\/fmriachuelo.it10.com.ar\/index.php\/wp-json\/wp\/v2\/tags?post=4140"}],"curies":[{"name":"wp","href":"https:\/\/api.w.org\/{rel}","templated":true}]}}