{"id":4136,"date":"2017-03-30T02:02:09","date_gmt":"2017-03-30T02:02:09","guid":{"rendered":"http:\/\/fmriachuelo.com.ar\/ljkjklj\/?p=4136"},"modified":"2017-03-30T02:02:09","modified_gmt":"2017-03-30T02:02:09","slug":"homenaje-a-rodolfo-walsh-en-sipreba","status":"publish","type":"post","link":"http:\/\/fmriachuelo.it10.com.ar\/index.php\/2017\/03\/30\/homenaje-a-rodolfo-walsh-en-sipreba\/","title":{"rendered":"HOMENAJE A RODOLFO WALSH EN SIPREBA"},"content":{"rendered":"<p>[FM Riachuelo 29\/03\/2017] El sindicato de prensa SIPREBA realiz\u00f3 en la tarde de ayer un homenaje al escritor y periodista Rodolfo Walsh, a 40 a\u00f1os de su asesinato y desaparici\u00f3n, al mismo tiempo que\u00a0homenaje\u00f3 \u00a0a periodistas, compa\u00f1eras y compa\u00f1eros que fueron \u00a0desaparecidos. La actividad se realiz\u00f3 en en la Federaci\u00f3n de Trabajadores de Prensa, FATPREN y cont\u00f3 con la participaci\u00f3n de una mesa de periodistas comprometidos con la realidad, familiares de desaparecidos junto a Patricia Walsh, hija del desaparecido periodista. Escuch\u00e1 a continuaci\u00f3n las voces de la Cobertura <span style=\"color: #ff0000\"><strong>FM Riachuelo:<\/strong><\/span><\/p>\n<p>&nbsp;<\/p>\n<p>La actividad se inci\u00f3 con las palabras de\u00a0Tom\u00e1s Eliaschev, en nombre \u00a0de SiPreBA,\u00a0 explicando las razones por las que realizaron el acto de homenaje a Walsh a una semana que se cumplieron\u00a040 a\u00f1os de su desaparici\u00f3n f\u00edsica, \u00a0en plena dictadura. Se reivindic\u00f3 la figura de\u00a0 Rodolfo Walsh y a la vez se\u00a0homenaje\u00f3 a los compa\u00f1eros y compa\u00f1eras periodistas asesinados desaparecidas, reivindicando su legado y\u00a0 su lucha. Eliaschev se refiri\u00f3 a la campa\u00f1a negacionista que se intenta instalar en\u00a0la actualidad: \u201cHay un intento desde las altas esferas del poder de relativizar el genocidio, el terrorismo de estado, de mancillar la memoria. En definitiva, lograr que los juicios a los genocidas no avancen y lograr que los genocidas presos tengan prisi\u00f3n domiciliaria, tal y como lo solicit\u00f3 en el diario La Naci\u00f3n la alianza Cambiemos despu\u00e9s de ganar la eleccion\u201d.<\/p>\n<p>Natalia Vinelli, profesora de la UBA e integrante de Barricada TV y autora del libro Ancla, habl\u00f3 sobre la necesidad de unir al periodismo comercial con los medios populares, y tambi\u00e9n lo importante de chequear la informaci\u00f3n que se recibe, ya que circula gran cantidad de falsedades en las redes sociales. Dijo \u201cWalsh nos ense\u00f1\u00f3 a corrernos de de la obsecuencia y acercarnos a un periodismo de compromiso con la verdad que nos ayude a ser libres\u201d.<\/p>\n<p>Luego hablaron compa\u00f1eras de la Comision de familiares y sobrevivientes de Vesubio y Puente 12, campos de exterminio donde fueron vistos periodistas y escritores como Oesterheld, Haroldo Conti o Raymundo Gleyser, contaron de su militancia para investigar la verdad y recordaron a compa\u00f1eros y compa\u00f1eras vinculados al periodismo y documentalismo revolucionario. Silvia Saladino nombr\u00f3 a cada uno y cada una de las desaparecidas de estos campos de exterminio y Nieves Tange invit\u00f3 a sumar gente en la b\u00fasqueda de la verdad<\/p>\n<p>Cerr\u00f3 el acto Patricia Walsh, hija de Rodolfo, periodista y militante por los Derechos Humanos, se refiri\u00f3 a la b\u00fasqueda del \u00faltimo cuento que escribi\u00f3 su padre, titulado \u201cJuan se iba por el r\u00edo\u201d, \u00a0que fue robado por los militares cuando saquearon su casa de San Vicente, con posterioridad a su desaparici\u00f3n. Expres\u00f3 que\u00a0 la Carta a la Junta escrita por su padre en 1977, que termin\u00f3 cost\u00e1ndole la vida, es un texto muy actual y explic\u00f3 las razones de la misma. Tambi\u00e9n denunci\u00f3 la desidia en la b\u00fasqueda de los restos de su padre que es muy probable que se encuentre en el campo de deportes de la Ex Esma donde no existe ni un cartel que corrobore lo que por all\u00ed pas\u00f3.<\/p>\n<p>Luego de las exposiciones, tom\u00f3 la palabra Pablo Llonto, periodista y abogado de DDHH, que expres\u00f3 la necesidad de difundir la palabra de Walsh entre los m\u00e1s j\u00f3venes, que a\u00fan no conocen su obra. Inform\u00f3 sobre una causa penal que pesa sobre todos los Organismos de DDHH por \u201cIncitaci\u00f3n a la violencia\u201d, luego del texto le\u00eddo en el acto conmemorativo del 24 de Marzo pasado. Una\u00a0causa que ha sido presentada por un abogado defensor de genocidas, tambi\u00e9n militar y familiar de uno de los denunciados por Rodolfo Walsh en Operaci\u00f3n Masacre, que fuera uno de los que dio las \u00f3rdenes que terminan en la masacre de Jos\u00e9 Le\u00f3n Suarez.<\/p>\n<p>&nbsp;<\/p>\n","protected":false},"excerpt":{"rendered":"<p>[FM Riachuelo 29\/03\/2017] El sindicato de prensa SIPREBA realiz\u00f3 en la tarde de ayer un homenaje al escritor y periodista Rodolfo Walsh, a 40 a\u00f1os de su asesinato y desaparici\u00f3n, al mismo tiempo que\u00a0homenaje\u00f3 \u00a0a periodistas, compa\u00f1eras y compa\u00f1eros que fueron \u00a0desaparecidos. La actividad se realiz\u00f3 en en la Federaci\u00f3n de Trabajadores de Prensa, FATPREN [&hellip;]<\/p>\n","protected":false},"author":4,"featured_media":4137,"comment_status":"open","ping_status":"open","sticky":false,"template":"","format":"standard","meta":{"_monsterinsights_skip_tracking":false,"_monsterinsights_sitenote_active":false,"_monsterinsights_sitenote_note":"","_monsterinsights_sitenote_category":0,"jnews-multi-image_gallery":[],"jnews_single_post":[],"jnews_primary_category":[],"_joinchat":[],"footnotes":""},"categories":[76,77],"tags":[72],"class_list":["post-4136","post","type-post","status-publish","format-standard","has-post-thumbnail","hentry","category-salud-comunitaria","category-soberania","tag-historia-de-la-lucha-de-los-pueblos"],"_links":{"self":[{"href":"http:\/\/fmriachuelo.it10.com.ar\/index.php\/wp-json\/wp\/v2\/posts\/4136","targetHints":{"allow":["GET"]}}],"collection":[{"href":"http:\/\/fmriachuelo.it10.com.ar\/index.php\/wp-json\/wp\/v2\/posts"}],"about":[{"href":"http:\/\/fmriachuelo.it10.com.ar\/index.php\/wp-json\/wp\/v2\/types\/post"}],"author":[{"embeddable":true,"href":"http:\/\/fmriachuelo.it10.com.ar\/index.php\/wp-json\/wp\/v2\/users\/4"}],"replies":[{"embeddable":true,"href":"http:\/\/fmriachuelo.it10.com.ar\/index.php\/wp-json\/wp\/v2\/comments?post=4136"}],"version-history":[{"count":0,"href":"http:\/\/fmriachuelo.it10.com.ar\/index.php\/wp-json\/wp\/v2\/posts\/4136\/revisions"}],"wp:featuredmedia":[{"embeddable":true,"href":"http:\/\/fmriachuelo.it10.com.ar\/index.php\/wp-json\/"}],"wp:attachment":[{"href":"http:\/\/fmriachuelo.it10.com.ar\/index.php\/wp-json\/wp\/v2\/media?parent=4136"}],"wp:term":[{"taxonomy":"category","embeddable":true,"href":"http:\/\/fmriachuelo.it10.com.ar\/index.php\/wp-json\/wp\/v2\/categories?post=4136"},{"taxonomy":"post_tag","embeddable":true,"href":"http:\/\/fmriachuelo.it10.com.ar\/index.php\/wp-json\/wp\/v2\/tags?post=4136"}],"curies":[{"name":"wp","href":"https:\/\/api.w.org\/{rel}","templated":true}]}}