{"id":4128,"date":"2017-03-29T02:40:15","date_gmt":"2017-03-29T02:40:15","guid":{"rendered":"http:\/\/fmriachuelo.com.ar\/ljkjklj\/?p=4128"},"modified":"2017-03-29T02:40:15","modified_gmt":"2017-03-29T02:40:15","slug":"trabajadores-ocupan-fabrica-en-defensa-de-sus-derechos","status":"publish","type":"post","link":"http:\/\/fmriachuelo.it10.com.ar\/index.php\/2017\/03\/29\/trabajadores-ocupan-fabrica-en-defensa-de-sus-derechos\/","title":{"rendered":"TRABAJADORES OCUPAN F\u00c1BRICA EN DEFENSA DE SUS DERECHOS"},"content":{"rendered":"<p>[FM Riachuelo 27\/03\/2017] Trabajadores y trabajadoras de la textil Linea Globito, se hallan ocupando la f\u00e1brica en defensa de sus derechos laborales. Entrevistamos a uno de los trabajadores escuchalo a continuaci\u00f3n:<\/p>\n<p>Reproducimos comunicado:<\/p>\n<p>Los trabajadores y trabajadoras de la textil L\u00ednea Globito SAIC, ubicada en Remedios de Escalada 2239 (Paternal), se encuentran dentro de la f\u00e1brica para evitar el vaciamiento. El due\u00f1o, Mart\u00edn Adamovsky, ya hab\u00eda comenzado a llevarse parte de la maquinaria. Ahora se encuentra dentro de la f\u00e1brica junto a los trabajadores.<br \/>\nSe llama a acompa\u00f1ar el acampe en la puerta de la f\u00e1brica. Se encuentran representantes del sindicato Uni\u00f3n Cortadores de la Indumentaria y de diferentes empresas recuperadas (Campichuelo, Gr\u00e1fica Su\u00e1rez, Dulce Carola, Los Constituyentes).<\/p>\n<p>Se solicita difusi\u00f3n.<\/p>\n<p>Sandra: 11 5422-5539<\/p>\n<p>Gladys: 11 6838-5791<\/p>\n<p>(Trabajadoras de Linea Globito SAIC)<\/p>\n","protected":false},"excerpt":{"rendered":"<p>[FM Riachuelo 27\/03\/2017] Trabajadores y trabajadoras de la textil Linea Globito, se hallan ocupando la f\u00e1brica en defensa de sus derechos laborales. Entrevistamos a uno de los trabajadores escuchalo a continuaci\u00f3n: Reproducimos comunicado: Los trabajadores y trabajadoras de la textil L\u00ednea Globito SAIC, ubicada en Remedios de Escalada 2239 (Paternal), se encuentran dentro de la [&hellip;]<\/p>\n","protected":false},"author":4,"featured_media":4135,"comment_status":"open","ping_status":"open","sticky":false,"template":"","format":"standard","meta":{"_monsterinsights_skip_tracking":false,"_monsterinsights_sitenote_active":false,"_monsterinsights_sitenote_note":"","_monsterinsights_sitenote_category":0,"jnews-multi-image_gallery":[],"jnews_single_post":[],"jnews_primary_category":[],"_joinchat":[],"footnotes":""},"categories":[76,75],"tags":[68],"class_list":["post-4128","post","type-post","status-publish","format-standard","has-post-thumbnail","hentry","category-salud-comunitaria","category-trabajo","tag-de-los-trabajadores"],"_links":{"self":[{"href":"http:\/\/fmriachuelo.it10.com.ar\/index.php\/wp-json\/wp\/v2\/posts\/4128","targetHints":{"allow":["GET"]}}],"collection":[{"href":"http:\/\/fmriachuelo.it10.com.ar\/index.php\/wp-json\/wp\/v2\/posts"}],"about":[{"href":"http:\/\/fmriachuelo.it10.com.ar\/index.php\/wp-json\/wp\/v2\/types\/post"}],"author":[{"embeddable":true,"href":"http:\/\/fmriachuelo.it10.com.ar\/index.php\/wp-json\/wp\/v2\/users\/4"}],"replies":[{"embeddable":true,"href":"http:\/\/fmriachuelo.it10.com.ar\/index.php\/wp-json\/wp\/v2\/comments?post=4128"}],"version-history":[{"count":0,"href":"http:\/\/fmriachuelo.it10.com.ar\/index.php\/wp-json\/wp\/v2\/posts\/4128\/revisions"}],"wp:featuredmedia":[{"embeddable":true,"href":"http:\/\/fmriachuelo.it10.com.ar\/index.php\/wp-json\/"}],"wp:attachment":[{"href":"http:\/\/fmriachuelo.it10.com.ar\/index.php\/wp-json\/wp\/v2\/media?parent=4128"}],"wp:term":[{"taxonomy":"category","embeddable":true,"href":"http:\/\/fmriachuelo.it10.com.ar\/index.php\/wp-json\/wp\/v2\/categories?post=4128"},{"taxonomy":"post_tag","embeddable":true,"href":"http:\/\/fmriachuelo.it10.com.ar\/index.php\/wp-json\/wp\/v2\/tags?post=4128"}],"curies":[{"name":"wp","href":"https:\/\/api.w.org\/{rel}","templated":true}]}}