{"id":4119,"date":"2017-03-28T17:49:55","date_gmt":"2017-03-28T17:49:55","guid":{"rendered":"http:\/\/fmriachuelo.com.ar\/ljkjklj\/?p=4119"},"modified":"2017-03-28T17:49:55","modified_gmt":"2017-03-28T17:49:55","slug":"inauguracion-de-canal-abierto","status":"publish","type":"post","link":"http:\/\/fmriachuelo.it10.com.ar\/index.php\/2017\/03\/28\/inauguracion-de-canal-abierto\/","title":{"rendered":"INAUGURACI\u00d3N DE CANAL ABIERTO"},"content":{"rendered":"<p>[FM Riachuelo 28\/03\/2017] Ayer por la tarde, en la calle Moreno del barrio porte\u00f1o de Once, se lanz\u00f3 la iniciativa Canal Abierto, impulsada por la Secretaria de Prensa de ATE Nacional. La actividad estuvo acompa\u00f1ada por dirigentes de ATE Nacional y la CTA Autonoma junto con medios de prensa y la participaci\u00f3n de organizaciones de la comunicaci\u00f3n popular de la CTEP, como La Garganta Poderosa y \u00a0FM Riachuelo. Tambi\u00e9n estuvo presente Lito Borello, Secretario de Derechos Humanos de la CTEP.<\/p>\n<p>El acto se desarroll\u00f3 en los mismos estudios audiovisuales con los que va a contar Canal Abierto junto a un estudio de radio y un espacio de producci\u00f3n de noticias para web y redes sociales. En la presentaci\u00f3n de la iniciativa intervinieron Hugo Cachorro Godoy, Secretario General de ATE Nacional, Julio Fuentes, Secretario Adjunto, y Federico Chechele, Director de Prensa de ATE quien coordinar\u00e1 el funcionamiento del Canal.<\/p>\n<p><img loading=\"lazy\" decoding=\"async\" class=\"aligncenter wp-image-4120 \" src=\"http:\/\/fmriachuelo.com.ar\/ljkjklj\/wp-content\/uploads\/2017\/03\/lito-cachorro-1024x564.jpg\" alt=\"\" width=\"584\" height=\"322\" \/><\/p>\n<p>En su intervenci\u00f3n, Hugo Godoy describi\u00f3 la l\u00f3gica participativa de la herramienta comunicacional que el sindicato aporta al movimiento popular: \u00abes un espacio que desde ATE tiene la idea de estar puesto al servicio de todos los trabajadores y todo el movimiento popular. Para nosotros la organizaci\u00f3n de los trabajadores trasciende la organizaci\u00f3n sindical, con organizaciones sociales y comunicacionales en los barrios\u00bb. Por su parte, Fuentes tambi\u00e9n aport\u00f3 sobre el valor pol\u00edtico de la comunicaci\u00f3n en el contexto actual: \u00abel arma secreta de San Mart\u00edn, era la imprenta, una forma de comunicar. A los trabajadores nos proscribieron la posibilidad de tener medios de comunicaci\u00f3n. La batalla comunicacional hay que hacerla todos los d\u00edas\u00bb.<\/p>\n<p>Para contactarse y articular con este nuevo espacio comunicacional se puede hacer a trav\u00e9s del sitio web de Canal Abierto: <a href=\"http:\/\/www.canalabierto.com.ar\">www.canalabierto.com.ar\u00a0<\/a><\/p>\n<p><img loading=\"lazy\" decoding=\"async\" class=\"aligncenter wp-image-4123 size-large\" src=\"http:\/\/fmriachuelo.com.ar\/ljkjklj\/wp-content\/uploads\/2017\/03\/publico-1024x575.jpg\" alt=\"\" width=\"640\" height=\"359\" \/><\/p>\n","protected":false},"excerpt":{"rendered":"<p>[FM Riachuelo 28\/03\/2017] Ayer por la tarde, en la calle Moreno del barrio porte\u00f1o de Once, se lanz\u00f3 la iniciativa Canal Abierto, impulsada por la Secretaria de Prensa de ATE Nacional. La actividad estuvo acompa\u00f1ada por dirigentes de ATE Nacional y la CTA Autonoma junto con medios de prensa y la participaci\u00f3n de organizaciones de [&hellip;]<\/p>\n","protected":false},"author":4,"featured_media":4122,"comment_status":"open","ping_status":"open","sticky":false,"template":"","format":"standard","meta":{"_monsterinsights_skip_tracking":false,"_monsterinsights_sitenote_active":false,"_monsterinsights_sitenote_note":"","_monsterinsights_sitenote_category":0,"jnews-multi-image_gallery":[],"jnews_single_post":[],"jnews_primary_category":[],"_joinchat":[],"footnotes":""},"categories":[78,76,77],"tags":[],"class_list":["post-4119","post","type-post","status-publish","format-standard","has-post-thumbnail","hentry","category-economia-popular","category-salud-comunitaria","category-soberania"],"_links":{"self":[{"href":"http:\/\/fmriachuelo.it10.com.ar\/index.php\/wp-json\/wp\/v2\/posts\/4119","targetHints":{"allow":["GET"]}}],"collection":[{"href":"http:\/\/fmriachuelo.it10.com.ar\/index.php\/wp-json\/wp\/v2\/posts"}],"about":[{"href":"http:\/\/fmriachuelo.it10.com.ar\/index.php\/wp-json\/wp\/v2\/types\/post"}],"author":[{"embeddable":true,"href":"http:\/\/fmriachuelo.it10.com.ar\/index.php\/wp-json\/wp\/v2\/users\/4"}],"replies":[{"embeddable":true,"href":"http:\/\/fmriachuelo.it10.com.ar\/index.php\/wp-json\/wp\/v2\/comments?post=4119"}],"version-history":[{"count":0,"href":"http:\/\/fmriachuelo.it10.com.ar\/index.php\/wp-json\/wp\/v2\/posts\/4119\/revisions"}],"wp:featuredmedia":[{"embeddable":true,"href":"http:\/\/fmriachuelo.it10.com.ar\/index.php\/wp-json\/"}],"wp:attachment":[{"href":"http:\/\/fmriachuelo.it10.com.ar\/index.php\/wp-json\/wp\/v2\/media?parent=4119"}],"wp:term":[{"taxonomy":"category","embeddable":true,"href":"http:\/\/fmriachuelo.it10.com.ar\/index.php\/wp-json\/wp\/v2\/categories?post=4119"},{"taxonomy":"post_tag","embeddable":true,"href":"http:\/\/fmriachuelo.it10.com.ar\/index.php\/wp-json\/wp\/v2\/tags?post=4119"}],"curies":[{"name":"wp","href":"https:\/\/api.w.org\/{rel}","templated":true}]}}