{"id":411,"date":"2015-05-29T16:15:00","date_gmt":"2015-05-29T16:15:00","guid":{"rendered":"http:\/\/fmriachuelo.observatorioess.org.ar\/index.php\/2015\/05\/29\/cuba-ya-no-pertenece-a-la-lista-de-pratocinadores-del-terrorismo\/"},"modified":"2025-03-31T13:44:53","modified_gmt":"2025-03-31T16:44:53","slug":"cuba-ya-no-pertenece-a-la-lista-de-pratocinadores-del-terrorismo","status":"publish","type":"post","link":"http:\/\/fmriachuelo.it10.com.ar\/index.php\/2015\/05\/29\/cuba-ya-no-pertenece-a-la-lista-de-pratocinadores-del-terrorismo\/","title":{"rendered":"CUBA: YA NO PERTENECE A LA LISTA DE PRATOCINADORES DEL TERRORISMO"},"content":{"rendered":"<p><span style=\"color: red;font-family: Verdana, sans-serif;font-size: large\"><strong>DONDE NUNCA DEBI\u00d3 HABER ESTADO<\/strong><\/span><br \/><span style=\"font-family: Verdana, sans-serif\"><strong>Cuba sale hoy de la lista terrorista: Un lirio en el Sheridan Circle<\/strong><\/span><\/p>\n<div style=\"clear: both;text-align: center\"><a href=\"http:\/\/3.bp.blogspot.com\/-TBDk5KfEepw\/VWiPhwWWScI\/AAAAAAAAEhA\/bEGSXKwQcn4\/s1600\/monumento-letelier-moffitt.jpg\" style=\"clear: left;float: left;margin-bottom: 1em;margin-right: 1em\"><img loading=\"lazy\" decoding=\"async\" border=\"0\" height=\"240\" src=\"http:\/\/3.bp.blogspot.com\/-TBDk5KfEepw\/VWiPhwWWScI\/AAAAAAAAEhA\/bEGSXKwQcn4\/s320\/monumento-letelier-moffitt.jpg\" width=\"320\" \/><\/a><\/div>\n<p><span style=\"font-family: Verdana, sans-serif\"><\/span><br \/><span style=\"font-family: Verdana, sans-serif\">[29\/05\/15]<\/span><\/p>\n<div style=\"text-align: justify\"><span style=\"font-family: Verdana, sans-serif\">Hoy, en la media noche, <\/span><span style=\"font-family: Verdana, sans-serif\">Cuba habr\u00e1 salido de la lista de pa\u00edses que patrocinan el terrorismo<\/span><span style=\"font-family: Verdana, sans-serif\"> y emite cada a\u00f1o el Departamento de Estado de los EEUU. Se completar\u00eda el plazo de 45 d\u00edas otorgado al Congreso para oponer un bloqueo a la medida, algo que parece improbable, porque el legislativo se encuentra esta semana en uno de sus numerosos per\u00edodos de vacaciones y por lo tanto, sin sesiones. La posibilidad de que los congresistas retornen a Washington de emergencia para tratar este tema son casi nulas, seg\u00fan los analistas de la pol\u00edtica local.<\/p>\n<p>El hecho pone fin a una larga injusticia, aunque apenas aparezca mencionado en los diarios estadounidenses de la ma\u00f1ana. Algunos se han limitado a replicar en las p\u00e1ginas interiores un despacho de agencia, en el que se recuerda que la salida de Cuba de la lista fue notificada por el presidente Barack Obama al Congreso el pasado 14 de abril, y que el proceso concluir\u00e1 con la formalidad de un aviso en el <\/span><span style=\"font-family: Verdana, sans-serif\">Federal Register<\/span><span style=\"font-family: Verdana, sans-serif\">, la Gaceta oficial estadounidense, cosa que ocurrir\u00e1 probablemente el lunes.<\/span><\/div>\n<p><span style=\"font-family: Verdana, sans-serif\"><\/span><a name='more'><\/a><span style=\"font-family: Verdana, sans-serif\"><br \/>Hasta aqu\u00ed los datos fr\u00edos. Quiz\u00e1s si no hubiera estado en Washington DC esta semana, no habr\u00eda reparado en algo de lo cual me habl\u00f3 hace unos a\u00f1os el estadounidense <\/span><span style=\"font-family: Verdana, sans-serif\">Sa\u00fal Landau<\/span><span style=\"font-family: Verdana, sans-serif\">, cineasta, escritor, luchador infatigable por el regreso de los Cinco a la Isla, quien muri\u00f3 sin verlos de vuelta en Cuba. La Casa Blanca y el Capitolio \u2013la sede del Congreso- est\u00e1n solo a unas pocas millas de distancia del Sheridan Circle, el lugar donde estall\u00f3 la bomba que terroristas cubanos, domiciliados en Miami, pusieron debajo del carro que manejaba el diplom\u00e1tico chileno Orlando Letelier, y que le cost\u00f3 la vida a \u00e9l y a su secretaria Ronni Moffitt, en 1976. Fue la explosi\u00f3n m\u00e1s pavorosa que se sinti\u00f3 en la capital de Estados Unidos antes del 11 de septiembre de 2001, cuando un avi\u00f3n de pasajeros se incrust\u00f3 en un ala del Pent\u00e1gono, tras los atentados terroristas.<\/p>\n<p>El Sheridan Circle es una rotonda muy concurrida y todav\u00eda hoy un punto obligado para llegar al centro de la ciudad, en uno de los barrios m\u00e1s lujosos del pa\u00eds, pespunteado de palacetes, embajadas y edificios fastuosos. No tendr\u00eda por qu\u00e9 estar asociada hoy a Cuba y a una nefasta lista, pero all\u00ed est\u00e1 la tarja que recuerda el lugar exacto de la detonaci\u00f3n y a sus autores materiales, una cuadrilla de cubanos, ahora vejetes, que siguieron matando gente despu\u00e9s de este hecho y que han vivido un retiro apacible en Miami.<\/p>\n<p>Estoy parada en el mismo lugar del cual, tantas veces, le escuch\u00e9 hablar a Sa\u00fal. Puedo imaginar con mayor precisi\u00f3n lo ocurrido el 21 de septiembre de 1976, a las 9:40 de la ma\u00f1ana, y hasta ver la mano, en el carro gris de los asesinos, que presion\u00f3 un bot\u00f3n e hizo saltar el carro que manejaba Orlando Letelier. Michael Moffitt \u2013el esposo de Ronni, que sobrevivi\u00f3 milagrosamente- escuch\u00f3 el sonido como \u201cagua en un cable caliente\u201d y luego vio un \u201cdestello blanco\u201d. Disparado del auto por la explosi\u00f3n, Moffitt intent\u00f3 sacar del carro a Letelier, que estaba inconsciente cerca de \u00e9l. Lo arrastr\u00f3 hacia el \u00e1rbol m\u00e1s cercano, al borde de la rotonda. Las piernas del chileno se hab\u00edan separado del cuerpo y con la detonaci\u00f3n, estaban arrojadas a unos 15 metros de distancia de Orlando. Ronni Moffitt sali\u00f3 por su cuenta del Chevrolet azul incendiado. Parec\u00eda estar bien, pero en realidad un fragmento de metal le hab\u00eda cortado una arteria pr\u00f3xima a la garganta y pronto morir\u00eda ahogada en su propia sangre.<\/p>\n<p>Despu\u00e9s se supo que Michael Townley, un norteamericano que trabajaba para la DINA -los servicios de inteligencia chilenos-, coordin\u00f3 el plan bajo \u00f3rdenes del dictador Augusto Pinochet. Townley reclut\u00f3 al cubano Guillermo Novo y a su pandilla terrorista del llamado Movimiento Nacionalista Cubano, de Nueva Jersey, quienes lo ayudaron a adquirir los componentes para la bomba. Dos de ellos, Jos\u00e9 Dionisio Su\u00e1rez y Virgilio Paz, se declarar\u00edan culpables de \u201cconspiraci\u00f3n para el asesinato\u201d. Cada uno fue condenado a 12 a\u00f1os y liberados bajo palabra despu\u00e9s de cumplir siete. Esos dos iban en el auto que preced\u00eda al de Letelier cuando lleg\u00f3 al Sheridan Circle. Uno conduc\u00eda el auto y el otro apret\u00f3 los botones de control remoto que hizo estallar la bomba. Un jurado declar\u00f3 culpable a Novo y a otros dos co-conspiradores, pero la decisi\u00f3n fue revocada en la apelaci\u00f3n. Posteriormente Novo fue condenado solo por perjurio, por mentir al gran jurado acerca de su conocimiento del plan de asesinato.<\/p>\n<p>Sa\u00fal repet\u00eda: \u201cEs imposible que en la Casa Blanca y en el Capitolio no oyeran la detonaci\u00f3n, y las sirenas de las patrullas, las ambulancias y los carros de bomberos que se dispararon por toda la ciudad\u201d. \u00c9l hab\u00eda sido amigo de Letelier -canciller y ministro de Defensa de Salvador Allende- y le hab\u00eda cursado una invitaci\u00f3n para trabajar en Washington, en el Instituto de Estudios Pol\u00edticos (IPS), despu\u00e9s que Orlando logr\u00f3 escapar de Chile, donde hab\u00eda estado un a\u00f1o preso tras el golpe de Estado de Augusto Pinochet.<\/p>\n<p>\u201cEl terrorismo, para los que lo experimentan, significa la muerte de familiares y amigos. Significa trauma futuro, sue\u00f1os violentos y ansiedad a largo plazo. El terrorismo significa llevar el terror a los corazones y a las mentes, independientemente de que el medio seleccionado sea un avi\u00f3n a reacci\u00f3n, disparar cohetes, colocar artefactos explosivos o fijar una bomba con adhesivo a un autom\u00f3vil\u201d, escribir\u00eda Sa\u00fal, autor con John Dinges de un libro extraordinario, en el que se narran los entresijos pol\u00edticos de este crimen, Assassination On Embassy Row.<\/p>\n<p>A las v\u00edctimas del terrorismo tanto como a los terroristas, no hay que buscarlos lejos de la Casa Blanca y del Congreso, es lo que quer\u00eda advertirme Sa\u00fal cuando me contaba del Sheridan Circle, siempre desbordado por las l\u00e1grimas. \u00c9l conoc\u00eda perfectamente los v\u00ednculos de la contrarrevoluci\u00f3n de origen cubano con el poder estadounidense y las dictaduras latinoamericanas, que hab\u00edan sacrificado a Orlando Letelier y Ronni Moffitt, tanto como a m\u00e1s de 3000 cubanos, que murieron a manos de sicarios protegidos por sucesivas administraciones en Washington.<\/p>\n<p>Pero en una ma\u00f1ana espl\u00e9ndida como la de hoy, no en cualquier sitio sino de pie ante el discreto monumento de bronce y piedra dedicado a Letelier y a Moffitt en el Sheridan Circle, siento que comienza a repararse una enorme injusticia y que, por primera vez en m\u00e1s de 30 a\u00f1os, hay se\u00f1ales en el gobierno estadounidense de respeto por las v\u00edctimas cubanas y latinoamericanas del terrorismo. Me atrever\u00eda a decir que se honra tambi\u00e9n a amigos como Sa\u00fal Landau, que merecieron haber vivido para ve<br \/>\nr este momento y que tantas veces levantaron el lirio del sentido com\u00fan frente a la muralla que criminalizaba a Cuba.<\/p>\n<p>Y como es posible so\u00f1ar cuando aparece cierta justicia, al anunciarse formalmente que la Isla sali\u00f3 de la lista en la que nunca debi\u00f3 estar, quiz\u00e1s hasta le escuchemos a John Kerry decir algo parecido <\/span><span style=\"font-family: Verdana, sans-serif\">a lo que expres\u00f3 en el 2008<\/span><span style=\"font-family: Verdana, sans-serif\">, cuando EEUU decidi\u00f3, despu\u00e9s de sesenta a\u00f1os, sacar al africano m\u00e1s prestigioso del mundo, Nelson Mandela, de otro tenebroso cat\u00e1logo: \u201cAyudar\u00e1 a borrar por fin la enorme verg\u00fcenza de haber deshonrado a este gran l\u00edder, incluido en la lista de terroristas de nuestro Gobierno\u201d.<\/span><br \/><span style=\"font-family: Verdana\"><\/span><br \/><span style=\"color: blue;font-family: Verdana\">Fuente: Cubadebate, Producci\u00f3n Riachuelo<\/span><\/p>\n","protected":false},"excerpt":{"rendered":"<p>DONDE NUNCA DEBI\u00d3 HABER ESTADOCuba sale hoy de la lista terrorista: Un lirio en el Sheridan Circle [29\/05\/15] Hoy, en la media noche, Cuba habr\u00e1 salido de la lista de pa\u00edses que patrocinan el terrorismo y emite cada a\u00f1o el Departamento de Estado de los EEUU. Se completar\u00eda el plazo de 45 d\u00edas otorgado al [&hellip;]<\/p>\n","protected":false},"author":4,"featured_media":0,"comment_status":"open","ping_status":"open","sticky":false,"template":"","format":"standard","meta":{"_monsterinsights_skip_tracking":false,"_monsterinsights_sitenote_active":false,"_monsterinsights_sitenote_note":"","_monsterinsights_sitenote_category":0,"jnews-multi-image_gallery":[],"jnews_single_post":{"format":"standard"},"jnews_primary_category":[],"_joinchat":[],"footnotes":""},"categories":[58],"tags":[70,167],"class_list":["post-411","post","type-post","status-publish","format-standard","hentry","category-noticiariachuelo","tag-de-la-patria-grande","tag-politica-internacional"],"_links":{"self":[{"href":"http:\/\/fmriachuelo.it10.com.ar\/index.php\/wp-json\/wp\/v2\/posts\/411","targetHints":{"allow":["GET"]}}],"collection":[{"href":"http:\/\/fmriachuelo.it10.com.ar\/index.php\/wp-json\/wp\/v2\/posts"}],"about":[{"href":"http:\/\/fmriachuelo.it10.com.ar\/index.php\/wp-json\/wp\/v2\/types\/post"}],"author":[{"embeddable":true,"href":"http:\/\/fmriachuelo.it10.com.ar\/index.php\/wp-json\/wp\/v2\/users\/4"}],"replies":[{"embeddable":true,"href":"http:\/\/fmriachuelo.it10.com.ar\/index.php\/wp-json\/wp\/v2\/comments?post=411"}],"version-history":[{"count":1,"href":"http:\/\/fmriachuelo.it10.com.ar\/index.php\/wp-json\/wp\/v2\/posts\/411\/revisions"}],"predecessor-version":[{"id":23480,"href":"http:\/\/fmriachuelo.it10.com.ar\/index.php\/wp-json\/wp\/v2\/posts\/411\/revisions\/23480"}],"wp:attachment":[{"href":"http:\/\/fmriachuelo.it10.com.ar\/index.php\/wp-json\/wp\/v2\/media?parent=411"}],"wp:term":[{"taxonomy":"category","embeddable":true,"href":"http:\/\/fmriachuelo.it10.com.ar\/index.php\/wp-json\/wp\/v2\/categories?post=411"},{"taxonomy":"post_tag","embeddable":true,"href":"http:\/\/fmriachuelo.it10.com.ar\/index.php\/wp-json\/wp\/v2\/tags?post=411"}],"curies":[{"name":"wp","href":"https:\/\/api.w.org\/{rel}","templated":true}]}}