{"id":4105,"date":"2017-03-28T12:19:20","date_gmt":"2017-03-28T12:19:20","guid":{"rendered":"http:\/\/fmriachuelo.com.ar\/ljkjklj\/?p=4105"},"modified":"2017-03-28T12:19:20","modified_gmt":"2017-03-28T12:19:20","slug":"escuela-de-la-boca-justifica-el-terrorismo-de-estado","status":"publish","type":"post","link":"http:\/\/fmriachuelo.it10.com.ar\/index.php\/2017\/03\/28\/escuela-de-la-boca-justifica-el-terrorismo-de-estado\/","title":{"rendered":"ESCUELA DE LA BOCA JUSTIFICA EL TERRORISMO DE ESTADO"},"content":{"rendered":"<p>[FM Riachuelo 27\/03\/2017] En \u00faltimas horas de la tarde de ayer se produjo una importante movilizaci\u00f3n de padres y la comunidad educativa de la escuela p\u00fablica N\u00ba 8 D.E. 4 \u00abCarlos Della Penna\u00bb, del barrio de La Boca. Esta reacci\u00f3n y la gran preocupaci\u00f3n se produjo porque las autoridades de la escuela, para conmemorar el 24 de marzo \u00abD\u00eda de la Memoria\u00bb exhibieron\u00a0un video, \u00a0a los ni\u00f1os de 1\u00ba a 7\u00ba grado, \u00a0donde se reivindica el accionar de las Fuerzas Armadas en la \u00faltima dictadura militar y sus cr\u00edmenes de Lesa Humanidad. Esta actividad de vulneraci\u00f3n de los ni\u00f1os cont\u00f3 con el consentimiento de docentes y autoridades escolares. En el d\u00eda de hoy se har\u00e1 una acto de reivindicaci\u00f3n a las v\u00edctimas del terrorismo de estado, con un abrazo simb\u00f3lico en donde se espera la participaci\u00f3n de toda la comunidad.<\/p>\n<p>Escuch\u00e1 los testimonios de dos integrantes de la comunidad educativa, Ramiro Cohelo y Cecilia P\u00e9rsico que estuvieron en el lugar:<\/p>\n<!--[if lt IE 9]><script>document.createElement('audio');<\/script><![endif]-->\n<audio class=\"wp-audio-shortcode\" id=\"audio-4105-1\" preload=\"none\" style=\"width: 100%;\" controls=\"controls\"><source type=\"audio\/mpeg\" src=\"http:\/\/fmriachuelo.com.ar\/ljkjklj\/wp-content\/uploads\/2017\/03\/Ramiro_Cohello1.m4a?_=1\" \/><a href=\"http:\/\/fmriachuelo.com.ar\/ljkjklj\/wp-content\/uploads\/2017\/03\/Ramiro_Cohello1.m4a\">http:\/\/fmriachuelo.com.ar\/ljkjklj\/wp-content\/uploads\/2017\/03\/Ramiro_Cohello1.m4a<\/a><\/audio>\n<audio class=\"wp-audio-shortcode\" id=\"audio-4105-2\" preload=\"none\" style=\"width: 100%;\" controls=\"controls\"><source type=\"audio\/mpeg\" src=\"http:\/\/fmriachuelo.com.ar\/ljkjklj\/wp-content\/uploads\/2017\/03\/Cecilia_P\u00e9rsico1.m4a?_=2\" \/><a href=\"http:\/\/fmriachuelo.com.ar\/ljkjklj\/wp-content\/uploads\/2017\/03\/Cecilia_P\u00e9rsico1.m4a\">http:\/\/fmriachuelo.com.ar\/ljkjklj\/wp-content\/uploads\/2017\/03\/Cecilia_P\u00e9rsico1.m4a<\/a><\/audio>\n<p>En el programa Romp\u00e9 el Cerco Informativo entrevistamos a uno de los padres de los alumnos:<\/p>\n<p><strong>Muestran a los ni\u00f1os un video que reivindica el genocidio<\/strong><\/p>\n<p>En el marco de la conmemoraci\u00f3n del \u00abD\u00eda de la Memoria por la Verdad y la Justicia\u00bb y a 41 a\u00f1os del Golpe C\u00edvico Militar del 24 de Marzo de 1976, la escuela p\u00fablica N\u00b08 D.E.4 \u00abCarlos Della Penna\u00bb del barrio de La Boca, realiz\u00f3 en el d\u00eda de ayer, lunes 27, sin presencia de los padres, una actividad centrada en la proyecci\u00f3n de un video cuyo contenido avala y justifica el terrorismo de estado y los cr\u00edmenes de Lesa Humanidad.<\/p>\n<p>Las ni\u00f1as y ni\u00f1os de 1\u00b0 a 7\u00b0 grado fueron espectadores de un material que intenta instalar la \u00abteor\u00eda de los dos demonios\u00bb y trata de \u00abh\u00e9roes\u00bb a los genocidas de la \u00faltima dictadura que atraves\u00f3 nuestro pa\u00eds entre 1976 y 1983.<br \/>\n\u00c9sta repudiable iniciativa fu\u00e9 una decisi\u00f3n de la maestra de 6\u00b0 grado del turno ma\u00f1ana, M\u00f3nica Ayulia, qui\u00e9n cont\u00f3 con el consentimiento de la direcci\u00f3n de la escuela y el silencio de sus compa\u00f1eros para llevarla adelante.<\/p>\n<p>Tras un insuficiente\u00a0pedido de disculpas por parte de las autoridades de la escuela, padres y madres, vecinos y organizaciones barriales se reunieron en asamblea para decidir que acciones llevar adelante.<br \/>\nAdem\u00e1s de las denuncias correspondientes en el plano legal, se realizar\u00e1 este martes 28 de marzo a las 12 del mediod\u00eda, un abrazo de desagravio y se exigir\u00e1 a la escuela que realice un nuevo acto conmemorativo a la Memoria de los 30000 desparecidos.<\/p>\n<p><strong><img loading=\"lazy\" decoding=\"async\" class=\"alignnone size-medium wp-image-4110\" src=\"http:\/\/fmriachuelo.com.ar\/ljkjklj\/wp-content\/uploads\/2017\/03\/IMG-20170328-WA00091-300x225.jpg\" alt=\"\" width=\"300\" height=\"225\" \/> <img loading=\"lazy\" decoding=\"async\" class=\"alignnone size-medium wp-image-4111\" src=\"http:\/\/fmriachuelo.com.ar\/ljkjklj\/wp-content\/uploads\/2017\/03\/IMG-20170328-WA00081-300x225.jpg\" alt=\"\" width=\"300\" height=\"225\" \/>\u00a0<\/strong><\/p>\n<p>&nbsp;<\/p>\n<p><img loading=\"lazy\" decoding=\"async\" class=\"alignnone size-medium wp-image-4112\" src=\"http:\/\/fmriachuelo.com.ar\/ljkjklj\/wp-content\/uploads\/2017\/03\/IMG-20170328-WA00031-169x300.jpg\" alt=\"\" width=\"169\" height=\"300\" \/><\/p>\n<p><img loading=\"lazy\" decoding=\"async\" class=\"alignnone size-medium wp-image-4109\" src=\"http:\/\/fmriachuelo.com.ar\/ljkjklj\/wp-content\/uploads\/2017\/03\/2017-03-27_19.22.201-300x225.jpg\" alt=\"\" width=\"300\" height=\"225\" \/><\/p>\n<audio class=\"wp-audio-shortcode\" id=\"audio-4105-3\" preload=\"none\" style=\"width: 100%;\" controls=\"controls\"><source type=\"audio\/mpeg\" src=\"http:\/\/fmriachuelo.com.ar\/ljkjklj\/wp-content\/uploads\/2017\/03\/Ramiro_Cohello1.m4a?_=3\" \/><a href=\"http:\/\/fmriachuelo.com.ar\/ljkjklj\/wp-content\/uploads\/2017\/03\/Ramiro_Cohello1.m4a\">http:\/\/fmriachuelo.com.ar\/ljkjklj\/wp-content\/uploads\/2017\/03\/Ramiro_Cohello1.m4a<\/a><\/audio>\n<p><img loading=\"lazy\" decoding=\"async\" class=\"alignnone size-medium wp-image-4108\" src=\"http:\/\/fmriachuelo.com.ar\/ljkjklj\/wp-content\/uploads\/2017\/03\/2017-03-27_19.19.121-300x225.jpg\" alt=\"\" width=\"300\" height=\"225\" \/><\/p>\n<audio class=\"wp-audio-shortcode\" id=\"audio-4105-4\" preload=\"none\" style=\"width: 100%;\" controls=\"controls\"><source type=\"audio\/mpeg\" src=\"http:\/\/fmriachuelo.com.ar\/ljkjklj\/wp-content\/uploads\/2017\/03\/Cecilia_P\u00e9rsico1.m4a?_=4\" \/><a href=\"http:\/\/fmriachuelo.com.ar\/ljkjklj\/wp-content\/uploads\/2017\/03\/Cecilia_P\u00e9rsico1.m4a\">http:\/\/fmriachuelo.com.ar\/ljkjklj\/wp-content\/uploads\/2017\/03\/Cecilia_P\u00e9rsico1.m4a<\/a><\/audio>\n<p>&nbsp;<\/p>\n","protected":false},"excerpt":{"rendered":"<p>[FM Riachuelo 27\/03\/2017] En \u00faltimas horas de la tarde de ayer se produjo una importante movilizaci\u00f3n de padres y la comunidad educativa de la escuela p\u00fablica N\u00ba 8 D.E. 4 \u00abCarlos Della Penna\u00bb, del barrio de La Boca. Esta reacci\u00f3n y la gran preocupaci\u00f3n se produjo porque las autoridades de la escuela, para conmemorar el [&hellip;]<\/p>\n","protected":false},"author":4,"featured_media":4115,"comment_status":"open","ping_status":"open","sticky":false,"template":"","format":"standard","meta":{"_monsterinsights_skip_tracking":false,"_monsterinsights_sitenote_active":false,"_monsterinsights_sitenote_note":"","_monsterinsights_sitenote_category":0,"jnews-multi-image_gallery":[],"jnews_single_post":[],"jnews_primary_category":[],"_joinchat":[],"footnotes":""},"categories":[76],"tags":[],"class_list":["post-4105","post","type-post","status-publish","format-standard","has-post-thumbnail","hentry","category-salud-comunitaria"],"_links":{"self":[{"href":"http:\/\/fmriachuelo.it10.com.ar\/index.php\/wp-json\/wp\/v2\/posts\/4105","targetHints":{"allow":["GET"]}}],"collection":[{"href":"http:\/\/fmriachuelo.it10.com.ar\/index.php\/wp-json\/wp\/v2\/posts"}],"about":[{"href":"http:\/\/fmriachuelo.it10.com.ar\/index.php\/wp-json\/wp\/v2\/types\/post"}],"author":[{"embeddable":true,"href":"http:\/\/fmriachuelo.it10.com.ar\/index.php\/wp-json\/wp\/v2\/users\/4"}],"replies":[{"embeddable":true,"href":"http:\/\/fmriachuelo.it10.com.ar\/index.php\/wp-json\/wp\/v2\/comments?post=4105"}],"version-history":[{"count":0,"href":"http:\/\/fmriachuelo.it10.com.ar\/index.php\/wp-json\/wp\/v2\/posts\/4105\/revisions"}],"wp:featuredmedia":[{"embeddable":true,"href":"http:\/\/fmriachuelo.it10.com.ar\/index.php\/wp-json\/"}],"wp:attachment":[{"href":"http:\/\/fmriachuelo.it10.com.ar\/index.php\/wp-json\/wp\/v2\/media?parent=4105"}],"wp:term":[{"taxonomy":"category","embeddable":true,"href":"http:\/\/fmriachuelo.it10.com.ar\/index.php\/wp-json\/wp\/v2\/categories?post=4105"},{"taxonomy":"post_tag","embeddable":true,"href":"http:\/\/fmriachuelo.it10.com.ar\/index.php\/wp-json\/wp\/v2\/tags?post=4105"}],"curies":[{"name":"wp","href":"https:\/\/api.w.org\/{rel}","templated":true}]}}