{"id":409,"date":"2015-05-29T21:43:00","date_gmt":"2015-05-29T21:43:00","guid":{"rendered":"http:\/\/fmriachuelo.observatorioess.org.ar\/index.php\/2015\/05\/29\/cordobazo-un-nuevo-aniversario-de-la-historia-de-la-lucha-de-los-pueblos\/"},"modified":"2025-03-31T13:50:14","modified_gmt":"2025-03-31T16:50:14","slug":"cordobazo-un-nuevo-aniversario-de-la-historia-de-la-lucha-de-los-pueblos","status":"publish","type":"post","link":"http:\/\/fmriachuelo.it10.com.ar\/index.php\/2015\/05\/29\/cordobazo-un-nuevo-aniversario-de-la-historia-de-la-lucha-de-los-pueblos\/","title":{"rendered":"CORDOBAZO: UN NUEVO ANIVERSARIO DE LA HISTORIA DE LA LUCHA DE LOS PUEBLOS"},"content":{"rendered":"<p><span style=\"color: red;font-family: Verdana, sans-serif;font-size: large\"><strong>HISTORIA DE LUCHA Y RESISTENCIA POPULAR<\/strong><\/span>&nbsp; <\/p>\n<div style=\"clear: both;text-align: center\"><a href=\"http:\/\/4.bp.blogspot.com\/-VMGKwDNWeKI\/VWjbG9BmBLI\/AAAAAAAAEhU\/iaayMUbimNU\/s1600\/cordobazo.jpg\" style=\"clear: left;float: left;margin-bottom: 1em;margin-right: 1em\"><img decoding=\"async\" border=\"0\" src=\"http:\/\/4.bp.blogspot.com\/-VMGKwDNWeKI\/VWjbG9BmBLI\/AAAAAAAAEhU\/iaayMUbimNU\/s1600\/cordobazo.jpg\" \/><\/a><\/div>\n<p><span style=\"font-family: Verdana, sans-serif\"><strong>El relato de los hechos<\/strong><\/span><br \/>  <span style=\"font-family: Verdana, sans-serif\">Desde un poco antes del comienzo de la dictadura de Ongan\u00eda  se empez\u00f3 a evidenciar la ferocidad del aparato represivo contra los estudiantes y los obreros. Con la asunci\u00f3n de esta nueva dictadura las pol\u00edticas represivas se intensificaron.<\/p>\n<p>Se fueron sucediendo hechos que mostraban que los derechos de los trabajadores iban siendo avasallados. El gobierno que ten\u00eda como ministro de econom\u00eda a Krieger Vasena iba cercenando los convenios colectivos de trabajo y se iban despidiendo a sus dirigentes y militantes m\u00e1s esforzados.<\/p>\n<p>El Secretario General de la CGT Nacional era acusado por su actitud claudicante.&nbsp;&nbsp;<\/p>\n<p>En el   mes de febrero de 1967 en esta ciudad de C\u00f3rdoba se realizaron grandes manifestaciones obreras. Se hab\u00eda llamado a un   Paro Nacional   para el primero de Marzo de dicho a\u00f1o. El ambiente se iba caldeando, trabajadores y estudiantes se manifestaban en distintos lugares del pa\u00eds, Corrientes, Rosario, Cordoba, Tucum\u00e1n entre los lugares m\u00e1s importantes.<\/span><a name='more'><\/a><span style=\"font-family: Verdana, sans-serif\"><br \/>La represi\u00f3n que sigui\u00f3 al paro del primero de marzo de 1967 y la desastrosa conducci\u00f3n de la CGT Nacional produjo un confrontaci\u00f3n cada vez mas abierta entre   las bases sindicales y dirigentes vinculados a ellas y el participacionismo entreguista de los dirigentes de la CGT anidado en la sede de Azopardo.<\/p>\n<p>Dice Agust\u00edn Tosco: \u00bfDe qu\u00e9 ten\u00edamos los cordobeses clara conciencia a fines de 1967? \u00bfCu\u00e1l era nuestra denuncia? \u00bfCu\u00e1l era nuestra posici\u00f3n?<\/p>\n<p>En apretada s\u00edntesis expres\u00e1bamos: Bajo el lema de modernizaci\u00f3n y transformaci\u00f3n el gobierno plante\u00f3 un plan econ\u00f3mico, cuya base filos\u00f3fico-pol\u00edtica se asent\u00f3 aparentemente en el m\u00e1s ortodoxo y crudo liberalismo, en la resurrecci\u00f3n del &#8216;dejar hacer, dejar pasar&#8217;, en la vigencia de un libre empresismo a ultranza, que provocar\u00eda la estabilidad y la multiplicaci\u00f3n de los bienes econ\u00f3micos del pa\u00eds. Sin embargo esta declamada libertad econ\u00f3mica no es sino un esquema destinado sustancialmente a someter al pa\u00eds integr\u00e1ndolo a la crisis del sistema capitalista monopolista como elemento compensador del deterioro cada vez m\u00e1s pronunciado del mismo.<\/p>\n<p><strong>CUALQUIER PARECIDO A LA HISTORIA MAS RECIENTE\u2026<\/strong><br \/>En los pronunciamientos sobre los aspectos econ\u00f3micos esta dirigencia sindical expresaba: &#8216;Lo que se pretende realmente es quebrar a la industria nacional y dejar el mercado de consumo a merced de los monopolios.  En lo que hace a las empresas del Estado la aprobaci\u00f3n de la Ley de Hidrocarburos y la Ley de Sociedades An\u00f3nimas, confirma crudamente la program\u00e1tica oficial de entrega del patrimonio estatal y de la conducci\u00f3n b\u00e1sica y fundamental de la econom\u00eda a los intereses extranjeros. Nadie duda ya que el plan trazado es contrario a un aut\u00e9ntico desarrollo, atenta contra el nivel de vida de la poblaci\u00f3n, sirve a los grupos de la reacci\u00f3n y del privilegio, compromete el porvenir del pa\u00eds y lesiona la soberan\u00eda nacional&#8217;.<\/p>\n<p>En las cuestiones sociales se denunciaba &#8216;el aumento de todos los precios de los art\u00edculos de uso y de consumo, agotando la capacidad adquisitiva de las remuneraciones. El incremento de la desocupaci\u00f3n.&nbsp;&nbsp;<\/p>\n<p> La ley de represi\u00f3n de los conflictos sindicales. La intervenci\u00f3n a Sindicatos, el retiro o suspensi\u00f3n de personer\u00edas gremiales. La eliminaci\u00f3n o restricci\u00f3n de las representaciones sindicales en la Empresa del Estado, incluidos los organismos de previsi\u00f3n social. La violaci\u00f3n de los contratos colectivos de trabajo. La ley de congelaci\u00f3n de salarios.<\/p>\n<p>La modificaci\u00f3n de la ley de indemnizaciones por despido. El aumento de la edad para acogerse a la jubilaci\u00f3n y la eliminaci\u00f3n de las compensaciones por a\u00f1os de servicio.<\/p>\n<p> Como \u00faltimos detalles de las denuncias contra la reaccionaria pol\u00edtica que se llevaba adelante se se\u00f1alaba:<\/p>\n<p>La aprobaci\u00f3n de la Ley de Defensa Civil que militarizaba a toda la poblaci\u00f3n a partir de los 14 a\u00f1os de edad que bajo el pretexto de asegurar el frente interno, ten\u00eda por finalidad  reprimir toda leg\u00edtima defensa de los intereses econ\u00f3micos, sociales y pol\u00edticos de los trabajadores. M\u00e1s adelante dicta la denominada ley de represi\u00f3n al comunismo, que engloba a todas las personas o instituciones que protesten o lleven adelante una acci\u00f3n para proteger sus derechos. Muchas cosas m\u00e1s suced\u00edan y que fueron erosionando al pueblo avasallando todos sus derechos.<\/p>\n<p>La anulaci\u00f3n de la Ley del S\u00e1bado Ingl\u00e9s, que hab\u00eda sancionado en el a\u00f1o 1932 y que rebajaba en un 9,1 \u00b0\/o los salarios mensuales de los trabajadores.<br \/>Por otra parte se dispuso el cierre de una serie de escuelas nocturnas de capacitaci\u00f3n a la que concurr\u00edan&nbsp;los trabajadores, con el fundamento de que se hab\u00edan agotado las instancias para que los mencionados-<\/span><br \/><span style=\"font-family: Verdana, sans-serif\">La asistencia de m\u00e1s de cuarenta jerarcas gremiales a una entrevista con Ongan\u00eda ha demostrado   un fuerte contingente de desertores, sumados a la program\u00e1tica del r\u00e9gimen: pol\u00edtica de sometimiento econ\u00f3mico, de opresi\u00f3n social, de oscurantismo cultural y de mordaza c\u00edvica,<\/p>\n<p><strong>Estalla la caldera<\/strong><\/p>\n<p>Los trabajadores metal\u00fargicos, los trabajadores del transporte y otros gremios declaran paros para los d\u00edas 15 y 1\u00b0de Mayo, en raz\u00f3n de las quitas zonales y el no reconocimiento de la antig\u00fcedad por transferencia de empresas. Los obreros mec\u00e1nicos realizan una Asamblea y a la salida son reprimidos en el centro de la ciudad el dia 14 de Mayo.<\/p>\n<p>Los atropellos, la opresi\u00f3n,el desconocimiento de un sin n\u00famero de derechos, la verg\u00fcenza de todos los actos de gobierno, los problemas del estudiantado y de los centros vecinales se suman.<\/p>\n<p>Se paraliza totalmente la ciudad el d\u00eda 16 de Mayo. Nadie trabaja. Todos protestan. El Gobierno reprime.<\/p>\n<p>En otros lugares del pa\u00eds, estallan conflictos estudiantiles por las privatizaciones de los comedores universitarios.<\/p>\n<p>En Corrientes es asesinado el estudiante Juan Jos\u00e9 Cabral y ese hecho tiene honda repercusi\u00f3n en toda la poblaci\u00f3n de C\u00f3rdoba. Se dispone el cierre de la Universidad. Todas las agrupaciones estudiantiles protestan y preparan actos y manifestaciones. Se trabaja de com\u00fan acuerdo con la CGT.<\/p>\n<p>El d\u00eda 18, es asesinado en Rosario el estudiante Adolfo Ram\u00f3n Bello. Realizamos con los estudiantes y los Sacerdotes del Tercer Mundo una marcha de silencio en homenaje a los ca\u00eddos.<\/p>\n<p>El d\u00eda 20 de Mayo, fui detenido e incomunicado en el Departamento de Polic\u00eda &#8216;en averiguaci\u00f3n de antecedentes&#8217;. Recupero la libertad al d\u00eda siguiente. Relata Tosco<\/p>\n<p>El d\u00eda 21, se concreta un paro general de estudiantes. Una serie de comunicados del movimiento obrero lo apoyan.<\/p>\n<p>En Rosario cae una v\u00edctima m\u00e1s. El estudiante y aprendiz de metal\u00fargico Norberto Blanco, es asesinado en Rosario.<\/p>\n<p><strong>Se instalan Consejos de Guerra<\/strong><\/p>\n<p>El d\u00eda 22 de Mayo, los estudiantes de la Universidad Cat\u00f3lica se declaran en estado de asamblea y son apoyados por el resto del movimiento estudiantil.<\/p>\n<p>El d\u00eda 23 de Mayo, es ocupado el Barrio Cl\u00ednicas por los Estudiantes. Es gravemente herido el estudiante H\u00e9ctor Crusta de un balazo por la Po<br \/>\nlic\u00eda. Se producen fogatas y choques. La Polic\u00eda es contundente, y los choques se hacen cada vez m\u00e1s graves.<\/p>\n<p>El d\u00eda 25 de Mayo, Tosco habl\u00f3 en la Universidad Cat\u00f3lica de C\u00f3rdoba y hace una severa cr\u00edtica y condena a los sangrientos atropellos de la Polic\u00eda y de los arbitrarios procedimientos del Consejo de Guerra en Rosario.<\/p>\n<p>El d\u00eda 26 de Mayo, el movimiento obrero de C\u00f3rdoba, por medio de los dos plenarios realizados, resuelve un paro general de actividades de 37 horas a partir de las 11 horas del 29 de Mayo y con abandono de trabajo y concentraciones p\u00fablicas de protesta. Los estudiantes adhieren en todo a las resoluciones de ambas CGT.<\/p>\n<p>Todo se prepara para el gran paro. La indignaci\u00f3n es p\u00fablica, notoria y elocuente en todos los estratos de la&nbsp;poblaci\u00f3n.<\/p>\n<p>Se fijan los lugares de concentraci\u00f3n. Como se realizaran las marchas. La gran concentraci\u00f3n se llevar\u00e1 adelante, frente al local de la CGT en la calle V\u00e9lez Sarsfield 137.<\/p>\n<p>Millares y millares de volantes reclamando la vigencia de los derechos conculcados inundan la ciudad en los d\u00edas previos. Se suceden las Asambleas de los Sindicatos y de los Estudiantes que apoyan el paro y la protesta.<\/p>\n<p>El d\u00eda 29 de Mayo amanece tenso. Algunos sindicatos comienzan a abandonar las f\u00e1bricas antes de las 11 horas. A esa hora el Gobierno dispone que el transporte abandone el casco c\u00e9ntrico. Los trabajadores de Luz y Fuerza de la Administraci\u00f3n Central, pretenden organizar un acto a la altura de Rioja y General Paz y son atacados con bombas de gases. Es una vez m\u00e1s la represi\u00f3n en marcha. La represi\u00f3n indiscriminada. La prohibici\u00f3n violenta del derecho de reuni\u00f3n, de expresi\u00f3n, de protesta.<\/p>\n<p>Mientras tanto, las columnas de los trabajadores de las f\u00e1bricas de la industria automotriz van llegando a la ciudad. Son todas atacadas y se intenta dispersarlas.<\/p>\n<p>El comercio cierra sus puertas y las calles se van llenando de gente. Corre la noticia de la muerte de un compa\u00f1ero, era M\u00e1ximo Mena del Sindicato de Mec\u00e1nicos. Se produce el estallido popular, la rebeld\u00eda contra tantas injusticias, contra los asesinatos, contra los atropellos. La polic\u00eda retrocede. Nadie controla la situaci\u00f3n. Es el Pueblo. Son las bases sindicales y estudiantiles, que luchan enardecidas. Todos ayudan. El apoyo total de toda la poblaci\u00f3n se da tanto en el centro como en los barrios.<\/p>\n<p>En medio de esa lucha por la justicia, la libertad y el imperio de la voluntad soberana del pueblo, partimos esposados a bordo de un avi\u00f3n con las injustas condenas sobre nuestras espaldas. A\u00f1os de prisi\u00f3n en las lejanas c\u00e1rceles del sur.. para que todos juntos, trabajadores, estudiantes,&nbsp;hombres de todas las ideolog\u00edas, de todas las religiones, con nuestras diferencias l\u00f3gicas, sepamos unirnos para construir una sociedad m\u00e1s justa, donde el hombre no sea lobo del hombre, sino su Compa\u00f1ero y su Hermano.&nbsp;Agust\u00edn Tosco*<\/p>\n<p><strong>*Agust\u00edn Tosco<\/strong>: Dirigente sindical clasista. Secretario General del Sindicato de Luz y Fuerza de la provincia de C\u00f3rdoba al momento de producirse el Cordobazo, fue uno de sus principales dirigentes. En numerosas oportunidades sufri\u00f3 c\u00e1rcel y torturas por su militancia pol\u00edtica y sindical. El presente art\u00edculo fue escrito desde lac\u00e1rcel de Rawson, en Junio de 1970. Fallecido el 5 de Noviembre de 1975.<\/span><\/p>\n<div style=\"line-height: normal;margin: 0cm 0cm 0pt;text-align: justify\"><span><span style=\"color: blue\">&nbsp;Fuente: Sudestada: Tosco Crece Desde el Pie, Producci\u00f3n Riachuelo<\/span><\/span><\/div>\n<p><\/p>\n<div style=\"line-height: normal;margin: 0cm 0cm 0pt;text-align: justify\"><span>&nbsp;<\/span><\/div>\n<p><\/p>\n<div style=\"line-height: normal;margin: 0cm 0cm 0pt;text-align: justify\"><span>&nbsp;<\/span><\/div>\n<p><\/p>\n<div style=\"line-height: normal;margin: 0cm 0cm 0pt;text-align: justify\"><span>&nbsp;<\/span><\/div>\n<p><\/p>\n<div style=\"margin: 0cm 0cm 10pt\"><span style=\"font-family: Calibri\">&nbsp;<\/span><\/div>\n<p><\/p>\n","protected":false},"excerpt":{"rendered":"<p>HISTORIA DE LUCHA Y RESISTENCIA POPULAR&nbsp; El relato de los hechos Desde un poco antes del comienzo de la dictadura de Ongan\u00eda se empez\u00f3 a evidenciar la ferocidad del aparato represivo contra los estudiantes y los obreros. Con la asunci\u00f3n de esta nueva dictadura las pol\u00edticas represivas se intensificaron. Se fueron sucediendo hechos que mostraban [&hellip;]<\/p>\n","protected":false},"author":4,"featured_media":0,"comment_status":"open","ping_status":"open","sticky":false,"template":"","format":"standard","meta":{"_monsterinsights_skip_tracking":false,"_monsterinsights_sitenote_active":false,"_monsterinsights_sitenote_note":"","_monsterinsights_sitenote_category":0,"jnews-multi-image_gallery":[],"jnews_single_post":{"format":"standard"},"jnews_primary_category":[],"_joinchat":[],"footnotes":""},"categories":[58],"tags":[72],"class_list":["post-409","post","type-post","status-publish","format-standard","hentry","category-noticiariachuelo","tag-historia-de-la-lucha-de-los-pueblos"],"_links":{"self":[{"href":"http:\/\/fmriachuelo.it10.com.ar\/index.php\/wp-json\/wp\/v2\/posts\/409","targetHints":{"allow":["GET"]}}],"collection":[{"href":"http:\/\/fmriachuelo.it10.com.ar\/index.php\/wp-json\/wp\/v2\/posts"}],"about":[{"href":"http:\/\/fmriachuelo.it10.com.ar\/index.php\/wp-json\/wp\/v2\/types\/post"}],"author":[{"embeddable":true,"href":"http:\/\/fmriachuelo.it10.com.ar\/index.php\/wp-json\/wp\/v2\/users\/4"}],"replies":[{"embeddable":true,"href":"http:\/\/fmriachuelo.it10.com.ar\/index.php\/wp-json\/wp\/v2\/comments?post=409"}],"version-history":[{"count":1,"href":"http:\/\/fmriachuelo.it10.com.ar\/index.php\/wp-json\/wp\/v2\/posts\/409\/revisions"}],"predecessor-version":[{"id":23484,"href":"http:\/\/fmriachuelo.it10.com.ar\/index.php\/wp-json\/wp\/v2\/posts\/409\/revisions\/23484"}],"wp:attachment":[{"href":"http:\/\/fmriachuelo.it10.com.ar\/index.php\/wp-json\/wp\/v2\/media?parent=409"}],"wp:term":[{"taxonomy":"category","embeddable":true,"href":"http:\/\/fmriachuelo.it10.com.ar\/index.php\/wp-json\/wp\/v2\/categories?post=409"},{"taxonomy":"post_tag","embeddable":true,"href":"http:\/\/fmriachuelo.it10.com.ar\/index.php\/wp-json\/wp\/v2\/tags?post=409"}],"curies":[{"name":"wp","href":"https:\/\/api.w.org\/{rel}","templated":true}]}}