{"id":4076,"date":"2017-03-25T23:19:14","date_gmt":"2017-03-25T23:19:14","guid":{"rendered":"http:\/\/fmriachuelo.com.ar\/ljkjklj\/?p=4076"},"modified":"2017-03-25T23:19:14","modified_gmt":"2017-03-25T23:19:14","slug":"4076","status":"publish","type":"post","link":"http:\/\/fmriachuelo.it10.com.ar\/index.php\/2017\/03\/25\/4076\/","title":{"rendered":"CONFEDERAL DE LA ECONOM\u00cdA POPULAR: \u00abESTAMOS EN ESTADO DE ALERTA Y MOVILIZACI\u00d3N\u00bb"},"content":{"rendered":"<p>[Agencia Resistir y Luchar* 25\/03\/2017]\u2013 Los movimientos sociales, donde se nuclean las y los trabajadores de la econom\u00eda popular, se reunieron para debatir los pasos a seguir luego de la reuni\u00f3n con el gobierno nacional en la \u00faltima semana. Estuvieron presentes la Confederaci\u00f3n de Trabajadores de la Econom\u00eda Popular (CTEP), la Corriente Clasista y Combativa (CCC), Barrios de Pie y el Frente Popular Dar\u00edo Santill\u00e1n. La actividad se realiz\u00f3 en la sede capital de la CTEP.<\/p>\n<p><img loading=\"lazy\" decoding=\"async\" class=\"aligncenter wp-image-4078 size-large\" src=\"http:\/\/fmriachuelo.com.ar\/ljkjklj\/wp-content\/uploads\/2017\/03\/WhatsApp-Image-2017-03-25-at-13.27.13-1024x575.jpeg\" alt=\"\" width=\"640\" height=\"359\" \/><\/p>\n<p>En el Confederal se debati\u00f3 la situaci\u00f3n nacional coincidiendo todos los presentes en se\u00f1alar el fuerte aumento de la pobreza y la exclusi\u00f3n sumado al compromiso de no abandonar las calles a pesar de las amenazas represivas por parte del gobierno nacional. Juan Grabois, referente del Movimientos de Trabajadores Excluidos integrante de la CTEP, plante\u00f3 al respecto que \u201cestamos viendo que el impacto de las medidas del gobierno son muy malas en las barriadas populares\u201d y que \u201cla\u00a0calle y el espacio p\u00fablico es el espacio de lucha que no vamos a abandonar jam\u00e1s\u201d.<\/p>\n<p>Se hizo referencia a la situaci\u00f3n de las organizaciones y referentes perseguidos y judicializados como Emilio P\u00e9rsico del Movimiento Evita (CTEP) y Lito Borello de la Mesa Gremial 19 y 20 (CTEP) quien afrontar\u00e1 un juicio que se iniciar\u00e1 el 18-4. En cuanto a esto, Luciano \u00c1lvarez de la Mesa Gremial 19 y 20 plante\u00f3: \u201chay una ofensiva muy grande contra las organizaciones populares, con una mano firman el acuerdo y con la otra vienen por nuestras organizaciones, compa\u00f1eros y dirigentes. De la mano del poder judicial nos quieren domesticados y d\u00f3ciles\u201d<\/p>\n<p>A la vez, se acord\u00f3 participar y adherir al paro con movilizaci\u00f3n del 30-3 convocado por ambas CTA y participar activamente con un piso de asambleas y ollas populares en los territorios para acompa\u00f1ar el paro general del 6-4 convocado por la CGT. \u201cEl 30 y 6 debemos tener que volver a expresarnos en la calle\u201d afirm\u00f3 el referente de la Mesa Gremial 19 y 20.<\/p>\n<p>En cuanto a la efectiva implementaci\u00f3n de la Ley de Emergencia Social, hubo coincidencias en que si el gobierno no cumple su promesa de iniciar el registro de los trabajadores de la econom\u00eda popular se volver\u00e1 a llevar adelante cortes de rutas, puentes y calles. Grabois dijo al respecto \u201cseguimos en estado de alerta y movilizaci\u00f3n pero abrimos un comp\u00e1s de espera a que se cumpla el compromiso de la Jefatura de Gabinete y el Ministerio de Desarrollo Social de que en abril se van a abrir las inscripciones y que entre abril y mayo decenas de miles de compa\u00f1eros en todo el pa\u00eds van a estar cobrando su salario social complementario\u201d<\/p>\n<p>*Resumen Latinoamericano, FM Riachuelo y Revista Venceremos<\/p>\n","protected":false},"excerpt":{"rendered":"<p>[Agencia Resistir y Luchar* 25\/03\/2017]\u2013 Los movimientos sociales, donde se nuclean las y los trabajadores de la econom\u00eda popular, se reunieron para debatir los pasos a seguir luego de la reuni\u00f3n con el gobierno nacional en la \u00faltima semana. Estuvieron presentes la Confederaci\u00f3n de Trabajadores de la Econom\u00eda Popular (CTEP), la Corriente Clasista y Combativa [&hellip;]<\/p>\n","protected":false},"author":4,"featured_media":4077,"comment_status":"open","ping_status":"open","sticky":false,"template":"","format":"standard","meta":{"_monsterinsights_skip_tracking":false,"_monsterinsights_sitenote_active":false,"_monsterinsights_sitenote_note":"","_monsterinsights_sitenote_category":0,"jnews-multi-image_gallery":[],"jnews_single_post":[],"jnews_primary_category":[],"_joinchat":[],"footnotes":""},"categories":[78,76,75],"tags":[],"class_list":["post-4076","post","type-post","status-publish","format-standard","has-post-thumbnail","hentry","category-economia-popular","category-salud-comunitaria","category-trabajo"],"_links":{"self":[{"href":"http:\/\/fmriachuelo.it10.com.ar\/index.php\/wp-json\/wp\/v2\/posts\/4076","targetHints":{"allow":["GET"]}}],"collection":[{"href":"http:\/\/fmriachuelo.it10.com.ar\/index.php\/wp-json\/wp\/v2\/posts"}],"about":[{"href":"http:\/\/fmriachuelo.it10.com.ar\/index.php\/wp-json\/wp\/v2\/types\/post"}],"author":[{"embeddable":true,"href":"http:\/\/fmriachuelo.it10.com.ar\/index.php\/wp-json\/wp\/v2\/users\/4"}],"replies":[{"embeddable":true,"href":"http:\/\/fmriachuelo.it10.com.ar\/index.php\/wp-json\/wp\/v2\/comments?post=4076"}],"version-history":[{"count":0,"href":"http:\/\/fmriachuelo.it10.com.ar\/index.php\/wp-json\/wp\/v2\/posts\/4076\/revisions"}],"wp:featuredmedia":[{"embeddable":true,"href":"http:\/\/fmriachuelo.it10.com.ar\/index.php\/wp-json\/"}],"wp:attachment":[{"href":"http:\/\/fmriachuelo.it10.com.ar\/index.php\/wp-json\/wp\/v2\/media?parent=4076"}],"wp:term":[{"taxonomy":"category","embeddable":true,"href":"http:\/\/fmriachuelo.it10.com.ar\/index.php\/wp-json\/wp\/v2\/categories?post=4076"},{"taxonomy":"post_tag","embeddable":true,"href":"http:\/\/fmriachuelo.it10.com.ar\/index.php\/wp-json\/wp\/v2\/tags?post=4076"}],"curies":[{"name":"wp","href":"https:\/\/api.w.org\/{rel}","templated":true}]}}