{"id":4073,"date":"2017-03-25T03:01:28","date_gmt":"2017-03-25T03:01:28","guid":{"rendered":"http:\/\/fmriachuelo.com.ar\/ljkjklj\/?p=4073"},"modified":"2017-03-25T03:01:28","modified_gmt":"2017-03-25T03:01:28","slug":"caba-24-de-marzo-con-el-pueblo-en-las-calles","status":"publish","type":"post","link":"http:\/\/fmriachuelo.it10.com.ar\/index.php\/2017\/03\/25\/caba-24-de-marzo-con-el-pueblo-en-las-calles\/","title":{"rendered":"CABA, 24 DE MARZO CON EL PUEBLO EN LAS CALLES"},"content":{"rendered":"<p><strong>Cu\u00e1nta fuerza y cu\u00e1nta memoria<\/strong><\/p>\n<p>[POR CARLOS AZN\u00c1REZ, Resumen Latinoamericano,\u00a0 24 marzo 2017]<\/p>\n<p><span style=\"color: #0000ff\"><strong><a style=\"color: #0000ff\" href=\"http:\/\/www.resumenlatinoamericano.org\/2017\/03\/24\/argentina-todas-las-fotos-mas-de-600-mil-manifestantes-repudiaron-a-la-dictadura-y-al-macrismo\/\">FOTOS RESISTIR Y LUCHAR<\/a><\/strong><\/span><\/p>\n<p>\u00bfSeiscienta mil o m\u00e1s? No hay ojos que alcancen para contar cu\u00e1ntas mujeres, hombres, j\u00f3venes, adolescentes y ni\u00f1os y ni\u00f1as marcharon este viernes por las calles de Buenos Aires y todo el pa\u00eds para repudiar a los militares de la dictadura de 1976 y de paso se\u00f1alar como uno de sus herederos al gobierno actual de Mauricio Macri.<\/p>\n<p>\u00c9ramos muchos y muchas, sobraba imaginaci\u00f3n en los carteles que portaba cada uno donde se expresaba el homenaje emotivo a las y los revolucionarios de los 70, a los y las 30 mil desaparecidos, a esa gesta rebelde e insurgente que se decidi\u00f3 a tomar los cielos por asalto y sufri\u00f3 uno de los grandes genocidios de nuestra historia. All\u00ed estaban junto a todos y todas las que marchabamos, los pibes que alfabetizaban en las villas y los secuestraron, los trabajadores de la Ford o Mercedes Benz, y los secuestraron, al igual que\u00a0 los ca\u00f1eros de Tucum\u00e1n y Salta, las compa\u00f1eras del magisterio, los curas Palotinos y el Padre Carlos Mugica, los y las militantes de partidos de izquierda, todos ellos asesinados por esbirros de la Triple A o del andamiaje militar y policial represivo. No faltaron en el recorrido de tantas horas de caminata, las y los insurgentes de las FAP, FAR, Descamisados, Montoneros, ERP, FAL, OCPO, PCML y tantas organizaciones revolucionarias, que fueron detenidos, torturados, asesinados. Pero tambi\u00e9n marcharon muchas de las Madres, Abuelas, HIJOS, hermanas que en todos estos 40 a\u00f1os mantuvieron la llama encendida de la memoria, y aquellas que fueron sembradas junto a los \u00e1rboles de la Plaza.<\/p>\n<p>Adem\u00e1s, gracias a algunas pancartas juveniles pudimos sentirnos m\u00e1s cerca de Rodolfo Walsh, Haroldo Conti, Daniel Santoro, Raymundo Gleyzer, Pir\u00ed Lugones, y todas y todos los periodistas asesinados por la dictadura.<\/p>\n<p>Sin embargo, lo que no pudieron matar es la memoria. Ni los milicos de ayer, ni los \u201cdem\u00f3cratas\u201d que los sucedieron ni siquiera este presidente que lo intenta por todos los medios. Impresionaba ver a las columnas mayoritariamente de j\u00f3venes, alegres por estar codo con codo, incisivos en las consignas y brav\u00edos en el desaf\u00edo al macrismo gobernante. Tampoco se ahorraron ep\u00edtetos dirigidos al ex jefe del ej\u00e9rcito Milani, a quien en grandes estandartes se los tipifica de genocida.<\/p>\n<p>La hist\u00f3rica Plaza de Mayo recibi\u00f3 a todos y todas durante pr\u00e1cticamente ocho horas y se escucharon todas las voces, primero la de los organismos de derechos humanos, acompa\u00f1ados por organizaciones mayoritariamente kirchneristas, y luego una multitud de nucleamientos de izquierda.<\/p>\n<p>Al final de una jornada inolvidable, qued\u00f3 la satisfacci\u00f3n de que somos m\u00e1s de lo que creemos, que si nos uni\u00e9ramos por encima de las siglas estar\u00edamos construyendo un germen de poder popular imparable y que si lo pensamos bien, habr\u00eda que intentarlo de a poquito. Siempre en la calle como ahora, con fuerza, con ganas, con alegr\u00eda, sin olvidar lo que nos han hecho, sin perdonar y sin reconciliarnos. Huyendo de todos los posibilismo y propuestas de resignaci\u00f3n. Recogiendo el legado de los 30 mil, para demostrarles que lo de ellos y ellas no fue en vano.<\/p>\n<p>Est\u00e1 en todas y todos nosotros cumplir con ese desaf\u00edo.<\/p>\n<p><strong>FOTOS: Cobertura colectiva de Agencia Resistir y Luchar (Resumen Latinoamericano, Revista Venceremos, FM Riachuelo)<\/strong><\/p>\n<p><span style=\"color: #0000ff\"><strong><a style=\"color: #0000ff\" href=\"http:\/\/www.resumenlatinoamericano.org\/2017\/03\/24\/argentina-todas-las-fotos-mas-de-600-mil-manifestantes-repudiaron-a-la-dictadura-y-al-macrismo\/\">FOTOS RESISTIR Y LUCHAR<\/a><\/strong><\/span><\/p>\n","protected":false},"excerpt":{"rendered":"<p>Cu\u00e1nta fuerza y cu\u00e1nta memoria [POR CARLOS AZN\u00c1REZ, Resumen Latinoamericano,\u00a0 24 marzo 2017] FOTOS RESISTIR Y LUCHAR \u00bfSeiscienta mil o m\u00e1s? No hay ojos que alcancen para contar cu\u00e1ntas mujeres, hombres, j\u00f3venes, adolescentes y ni\u00f1os y ni\u00f1as marcharon este viernes por las calles de Buenos Aires y todo el pa\u00eds para repudiar a los militares [&hellip;]<\/p>\n","protected":false},"author":4,"featured_media":4074,"comment_status":"open","ping_status":"open","sticky":false,"template":"","format":"standard","meta":{"_monsterinsights_skip_tracking":false,"_monsterinsights_sitenote_active":false,"_monsterinsights_sitenote_note":"","_monsterinsights_sitenote_category":0,"jnews-multi-image_gallery":[],"jnews_single_post":[],"jnews_primary_category":[],"_joinchat":[],"footnotes":""},"categories":[78,79,76],"tags":[],"class_list":["post-4073","post","type-post","status-publish","format-standard","has-post-thumbnail","hentry","category-economia-popular","category-nadie-se-salva-solo","category-salud-comunitaria"],"_links":{"self":[{"href":"http:\/\/fmriachuelo.it10.com.ar\/index.php\/wp-json\/wp\/v2\/posts\/4073","targetHints":{"allow":["GET"]}}],"collection":[{"href":"http:\/\/fmriachuelo.it10.com.ar\/index.php\/wp-json\/wp\/v2\/posts"}],"about":[{"href":"http:\/\/fmriachuelo.it10.com.ar\/index.php\/wp-json\/wp\/v2\/types\/post"}],"author":[{"embeddable":true,"href":"http:\/\/fmriachuelo.it10.com.ar\/index.php\/wp-json\/wp\/v2\/users\/4"}],"replies":[{"embeddable":true,"href":"http:\/\/fmriachuelo.it10.com.ar\/index.php\/wp-json\/wp\/v2\/comments?post=4073"}],"version-history":[{"count":0,"href":"http:\/\/fmriachuelo.it10.com.ar\/index.php\/wp-json\/wp\/v2\/posts\/4073\/revisions"}],"wp:featuredmedia":[{"embeddable":true,"href":"http:\/\/fmriachuelo.it10.com.ar\/index.php\/wp-json\/"}],"wp:attachment":[{"href":"http:\/\/fmriachuelo.it10.com.ar\/index.php\/wp-json\/wp\/v2\/media?parent=4073"}],"wp:term":[{"taxonomy":"category","embeddable":true,"href":"http:\/\/fmriachuelo.it10.com.ar\/index.php\/wp-json\/wp\/v2\/categories?post=4073"},{"taxonomy":"post_tag","embeddable":true,"href":"http:\/\/fmriachuelo.it10.com.ar\/index.php\/wp-json\/wp\/v2\/tags?post=4073"}],"curies":[{"name":"wp","href":"https:\/\/api.w.org\/{rel}","templated":true}]}}