{"id":4070,"date":"2017-03-24T02:26:32","date_gmt":"2017-03-24T02:26:32","guid":{"rendered":"http:\/\/fmriachuelo.com.ar\/ljkjklj\/?p=4070"},"modified":"2017-03-24T02:26:32","modified_gmt":"2017-03-24T02:26:32","slug":"30-000-razones-para-seguir-luchando","status":"publish","type":"post","link":"http:\/\/fmriachuelo.it10.com.ar\/index.php\/2017\/03\/24\/30-000-razones-para-seguir-luchando\/","title":{"rendered":"30.000 RAZONES PARA SEGUIR LUCHANDO"},"content":{"rendered":"<p>[Por <strong>Jorge \u201cChiqui\u201d Falcone<\/strong>, integrante de la Coordinadora RESISTIR Y LUCHAR \/ 23 de Marzo 2017 ]<\/p>\n<p>Nunca est\u00e1 de m\u00e1s insistir en que la memoria, como el financiero, es un capital en disputa. As\u00ed, cada hegemon\u00eda social impondr\u00e1 a una determinada comunidad su propio imaginario, toda vez que la pol\u00edtica siempre busca legitimar hist\u00f3ricamente sus prop\u00f3sitos. Desde la \u00faltima irrupci\u00f3n del \u201csubsuelo de la Patria sublevado\u201d, en diciembre de 2001, se han venido alternando en nuestra sociedad gobiernos de corte m\u00e1s populista o m\u00e1s reaccionario subsumidos en la alternancia de una matriz productiva neodesarrollista (como el llamado \u201cprogresismo extractivista\u201d) o<br \/>\nneoliberal (moderada o en su versi\u00f3n \u201cde guerra\u201d actual) Aunque los fundamentalistas de una democracia con la que no se cura, no se come, y no se educa simulen ignorarlo, este c\u00edrculo vicioso que desde el fin de la dictadura viene obturando la posibilidad de ensayar una alternativa no capitalista de masas es en buena medida tributario de la profunda crisis de representaci\u00f3n de la partidocracia demoliberal, medianamente disimulada durante el per\u00edodo kirchnerista y ahora nuevamente manifiesta a trav\u00e9s de una ceocracia que, pese a la rapacidad de sus mentores, no consigue ajustar ni con gradualismo a un pueblo cuyo acumulado experiencial \u2013 pese a la fragmentaci\u00f3n vigente \u2013 se muestra resuelto a no abandonar el espacio p\u00fablico, batallando sin cuartel contra el intento de arrebato de sus m\u00e1s elementales derechos.<\/p>\n<p>No es de extra\u00f1ar pues que el \u201crelato\u201d legitimador de la gesti\u00f3n anterior propusiera una reivindicaci\u00f3n (descafeinada pero sin beneficio de inventario) de la militancia setentista, y el de esta \u2013 desde sus m\u00e1s altas esferas, pasando por Lop\u00e9rfido hasta G\u00f3mez Centuri\u00f3n \u2013 sea lisa y llanamente negacionista de un genocidio internacionalmente asumido como tal. En estas l\u00edneas ni siquiera se pretende poner en tela de juicio los argumentos de Luis Labra\u00f1a \u2013 ese ex montonero que visita guarniciones castrenses en plan de concordia y admite ser presentado como \u201cex terrorista\u201d \u2013 acerca del origen y prop\u00f3sito inicial de la cifra 30.000, dado que hoy es sabido que, merced a la enorme cantidad de desapariciones que a la fecha permanecen sin denuncia, dicho n\u00famero bien podr\u00eda ser mucho mayor.<\/p>\n<p>No deber\u00eda sorprender pues que, en un contexto en que se pretende diluir \u2013 cuando no satanizar \u2013 todo atisbo de lucha de clases, el rewind discursivo oficial compare la gesti\u00f3n educativa actual con la \u201cConquista del Desierto\u201d, o resuelva que en el papel moneda los pr\u00f3ceres vayan cediendo paso a una fauna en riesgo de extinci\u00f3n. Y mucho menos que la gran avenida del relato negacionista se complemente desde sus colaterales con una usina empe\u00f1osamente embarcada en denostar la experiencia insurgente de los 70s intentando \u201cprobar\u201d que fue producto del extrav\u00edo de una generaci\u00f3n de aventureros en busca de adrenalina cuyos sobrevivientes muestran ahora su verdadero rostro enred\u00e1ndose en las corruptelas de la democracia formal. Sin ir m\u00e1s lejos, a tal fin tributan de un tiempo a esta parte brulotes que, aunque sin fundamento serio, terminan por hacer mella en la opini\u00f3n p\u00fablica. Fieles ejemplos de esa campa\u00f1a \u2013 m\u00e1s o menos org\u00e1nica \u2013 en curso son las efusivas incursiones antisubversivas en el programa televisivo Intratables del ex Guardia de Hierro Julio B\u00e1rbaro, quien \u2013 como es vox populi en el seno de la militancia -, oportunamente exiliado en Espa\u00f1a, negoci\u00f3 personalmente con el Servicio de Inteligencia Naval (SIN) su regreso legal al pa\u00eds en plena dictadura militar, cuando se ven\u00eda la recomposici\u00f3n de la izquierda peronista y los servicios precisaban insospechables infiltrados, pero poco despu\u00e9s, por oscuras razones de \u201crivalidad profesional\u201d entre las distintas fuerzas el ej\u00e9rcito lo secuestr\u00f3 durante algunos d\u00edas hasta hacerle prometer que \u2013 a partir de all\u00ed \u2013 \u201ctrabajar\u00eda\u201d para ellos; las notas que acostumbra a firmar en InfoBae la colaboradora de la ministra Bullrich Claudia Peir\u00f3, fogoneando la hip\u00f3tesis de que durante la llamada Contraofensiva de los a\u00f1os 1979 y 80 habr\u00eda \u201cun modus operandi de los jefes guerrilleros funcional a la represi\u00f3n\u201d; las \u201cdemostraciones\u201d de Pablo Anzaldi en su libro \u201cLos a\u00f1os 70 a fondo\u201d sobre que tal conducci\u00f3n \u201cnunca fue peronista\u201d; los debates supuestamente jugados de Radio@rroba entre seudo especialistas empe\u00f1ados en demostrar que represores y reprimidos fuimos Chirolitas de alg\u00fan Chasman internacional, apelando a argumentos de una invalidez largamente probada\u2026 pero con capacidad de seguir persuadiendo incautos; cuando no alguna revista pretendidamente de izquierda (que no mencionaremos para no ser tan buchones como las notas que nos dedican) acaso movida por las mezquindades que a\u00fan alimenta el fracaso de la experiencia guerrillera en nuestro pa\u00eds.<\/p>\n<p>Quien conozca o haya le\u00eddo antes al autor de esta nota estar\u00e1 al tanto de que el mismo no reivindica \u201ca libro cerrado\u201d la experiencia de lucha de los 70s sino que le reconoce errores de diversa magnitud. Lo que nunca ha puesto ni pondr\u00e1 en duda es la \u00e9tica de sus prop\u00f3sitos. As\u00ed como que, por otra parte, en una sociedad con heridas abiertas como la nuestra, m\u00e1s de treinta a\u00f1os de vigencia del orden constitucional no han sido tiempo suficiente como para encarar un debate a fondo, que vaya al meollo de los proyectos en pugna a lo largo de la historia contempor\u00e1nea. Por el contrario, se ha preferido hacer hincapi\u00e9 en qui\u00e9n mat\u00f3 m\u00e1s o peor durante aquel mundo a todas luces binario del Siglo XX, pasando por alto qu\u00e9 clase de intereses confrontaron.<\/p>\n<p>A partir de lo expresado hasta aqu\u00ed cabr\u00eda concluir que, como el pasado siempre le habla al presente, el peor saldo del genocidio inaugurado el 24 de marzo de 1976 es una suerte de loza depositada sobre la conciencia de la sociedad argentina, que funciona como advertencia contra todo tipo de osad\u00eda transformadora. La memoria de las atrocidades cometidas, entonces, m\u00e1s que a aquell@s que alguna vez se atrevieron a desafiar al poder, apunta a desarmar las nuevas rebeld\u00edas. Su cometido persigue evitar, por ejemplo, que los pueblos originarios de Jujuy se est\u00e9n movilizando ante el avance de la miner\u00eda a cielo abierto, ante la tierra saqueada y vendida a empresas extranjeras; que las asambleas ambientales cordobesas frenen la desforestaci\u00f3n de sus bosques; que una pueblada tome la planta de SanCor en la localidad de Charlone; que l@s trabajadores\/as del Bauen defiendan con u\u00f1a y diente la eficiencia de su cooperativa; o \u2013 en \u00faltima instancia \u2013 que el del 6 de abril pr\u00f3ximo, en vez de convertirse en un \u201cparo dominguero\u201d, se vea desbordado por el masivo repudio en las calles al modelo econ\u00f3mico vigente.<\/p>\n<p>Resumiendo, este esfuerzo por sepultar nuestra audacia para concebir nuevos horizontes pol\u00edticos, sostenido desde hace 41 a\u00f1os por los due\u00f1os del pa\u00eds, contribuye a impedir que acometamos los debates pendientes con la templanza de esp\u00edritu y el rigor cient\u00edfico que demanda arribar a una conclusi\u00f3n mayoritariamente aceptada, para reemprender de conjunto el camino hacia nuestra Segunda Independencia. Muchos consideramos que ello s\u00f3lo ser\u00e1 posible cuando la hegemon\u00eda social que nos atraviese est\u00e9 enteramente determinada por esa masa plebeya que hoy juega su destino en las calles, legitimando con sudor y sangre nueva las luchas precedentes.<\/p>\n<p>&nbsp;<\/p>\n","protected":false},"excerpt":{"rendered":"<p>[Por Jorge \u201cChiqui\u201d Falcone, integrante de la Coordinadora RESISTIR Y LUCHAR \/ 23 de Marzo 2017 ] Nunca est\u00e1 de m\u00e1s insistir en que la memoria, como el financiero, es un capital en disputa. As\u00ed, cada hegemon\u00eda social impondr\u00e1 a una determinada comunidad su propio imaginario, toda vez que la pol\u00edtica siempre busca legitimar hist\u00f3ricamente [&hellip;]<\/p>\n","protected":false},"author":4,"featured_media":4071,"comment_status":"open","ping_status":"open","sticky":false,"template":"","format":"standard","meta":{"_monsterinsights_skip_tracking":false,"_monsterinsights_sitenote_active":false,"_monsterinsights_sitenote_note":"","_monsterinsights_sitenote_category":0,"jnews-multi-image_gallery":[],"jnews_single_post":[],"jnews_primary_category":[],"_joinchat":[],"footnotes":""},"categories":[79],"tags":[],"class_list":["post-4070","post","type-post","status-publish","format-standard","has-post-thumbnail","hentry","category-nadie-se-salva-solo"],"_links":{"self":[{"href":"http:\/\/fmriachuelo.it10.com.ar\/index.php\/wp-json\/wp\/v2\/posts\/4070","targetHints":{"allow":["GET"]}}],"collection":[{"href":"http:\/\/fmriachuelo.it10.com.ar\/index.php\/wp-json\/wp\/v2\/posts"}],"about":[{"href":"http:\/\/fmriachuelo.it10.com.ar\/index.php\/wp-json\/wp\/v2\/types\/post"}],"author":[{"embeddable":true,"href":"http:\/\/fmriachuelo.it10.com.ar\/index.php\/wp-json\/wp\/v2\/users\/4"}],"replies":[{"embeddable":true,"href":"http:\/\/fmriachuelo.it10.com.ar\/index.php\/wp-json\/wp\/v2\/comments?post=4070"}],"version-history":[{"count":0,"href":"http:\/\/fmriachuelo.it10.com.ar\/index.php\/wp-json\/wp\/v2\/posts\/4070\/revisions"}],"wp:featuredmedia":[{"embeddable":true,"href":"http:\/\/fmriachuelo.it10.com.ar\/index.php\/wp-json\/"}],"wp:attachment":[{"href":"http:\/\/fmriachuelo.it10.com.ar\/index.php\/wp-json\/wp\/v2\/media?parent=4070"}],"wp:term":[{"taxonomy":"category","embeddable":true,"href":"http:\/\/fmriachuelo.it10.com.ar\/index.php\/wp-json\/wp\/v2\/categories?post=4070"},{"taxonomy":"post_tag","embeddable":true,"href":"http:\/\/fmriachuelo.it10.com.ar\/index.php\/wp-json\/wp\/v2\/tags?post=4070"}],"curies":[{"name":"wp","href":"https:\/\/api.w.org\/{rel}","templated":true}]}}