{"id":407,"date":"2015-05-30T15:19:00","date_gmt":"2015-05-30T15:19:00","guid":{"rendered":"http:\/\/fmriachuelo.observatorioess.org.ar\/index.php\/2015\/05\/30\/parque-lezama-un-freno-al-proyecto-enrejador\/"},"modified":"2025-03-31T14:03:55","modified_gmt":"2025-03-31T17:03:55","slug":"parque-lezama-un-freno-al-proyecto-enrejador","status":"publish","type":"post","link":"http:\/\/fmriachuelo.it10.com.ar\/index.php\/2015\/05\/30\/parque-lezama-un-freno-al-proyecto-enrejador\/","title":{"rendered":"PARQUE LEZAMA: UN FRENO AL PROYECTO ENREJADOR"},"content":{"rendered":"<p><span style=\"color: red;font-family: Verdana, sans-serif;font-size: large\"><strong>LUCHA Y ORGANIZACI\u00d3N POPULAR<\/strong><\/span><br \/><span style=\"font-family: Verdana, sans-serif\"><strong>Se alejan las rejas en el Parque Lezama<\/strong><\/span><\/p>\n<div style=\"clear: both;text-align: center\"><a href=\"http:\/\/4.bp.blogspot.com\/-l7zM7vImFOg\/VWnTX3zINXI\/AAAAAAAAEh0\/_psJaAnd8CQ\/s1600\/pque%2Blez.jpg\" style=\"clear: left;float: left;margin-bottom: 1em;margin-right: 1em\"><img loading=\"lazy\" decoding=\"async\" border=\"0\" height=\"172\" src=\"http:\/\/4.bp.blogspot.com\/-l7zM7vImFOg\/VWnTX3zINXI\/AAAAAAAAEh0\/_psJaAnd8CQ\/s320\/pque%2Blez.jpg\" width=\"320\" \/><\/a><\/div>\n<div style=\"text-align: justify\"><span style=\"font-family: Verdana, sans-serif\">\u201cMediante la organizaci\u00f3n popular se pudo recuperar ese espacio y hoy el parque est\u00e1 abierto sin rejas\u201d, afirm\u00f3 Eva, asamble\u00edsta del Parque Lezama, en una entrevista con El Grito del Sur.<\/span><\/p>\n<p><span style=\"font-family: Verdana, sans-serif\">\u00bfCual es la situaci\u00f3n actual del parque despu\u00e9s de los \u00faltimos intentos del PRO de enrejarlo?<\/span><br \/><span style=\"font-family: Verdana, sans-serif\">Eva: Nos enteramos a trav\u00e9s de una nota del diario Clar\u00edn que, aparentemente, est\u00e1n analizando no avanzar con el tema de las rejas; los vecinos levemente participan, dicen ellos en la nota, y cuidan el parque. Que quiz\u00e1s no seria necesario poner un enrejado.<\/p>\n<p>Nosotros esto lo leemos sobre todo como de quien viene, de Patricia Distefano, como una excelente noticia; como un fruto de la organizaci\u00f3n, de la lucha que venimos llevando desde el 2013.<\/span><a name='more'><\/a><span style=\"font-family: Verdana, sans-serif\"><br \/>Vamos ahora por lo que la asamblea esta peleando ya desde el a\u00f1o pasado, que es el plan de manejo participativo, porque en realidad lo que sirve para el parque es que los vecinos realmente puedan participar y decidir sobre lo que quieren de su barrio, y de su parque en este caso, y no nos contentamos con una intenci\u00f3n simplemente de no enrejar, sino con un plan de manejo que realmente deje tranquilo a los vecinos de cuales son las obras que se pod\u00edan o no realizar. <\/p>\n<p>\u00bfC\u00f3mo les gustar\u00eda que se conforme el plan de manejo participativo?<\/p>\n<p>Eva: La idea del plan de manejo, que est\u00e1 en la legislatura ya por segunda vez, es que esa mesa este conformada por los vecinos,  por las organizaciones barriales; ya sean pol\u00edticas sociales culturales, quienes quieran integrarlo y por algunos representantes de espacio publico del gobierno de la ciudad; y se formar\u00eda  a trav\u00e9s del consejo consultivo, que es como el \u00f3rgano de participaci\u00f3n que tenemos los vecinos dentro de la ciudad de buenos aires. Se formar\u00eda una mesa de trabajo, y en esa mesa de trabajo se discutir\u00eda; y que las decisiones salgan de esa mesas de trabajo votadas en asamblea, consensuadas mejor dicho en asamblea, serian las decisiones que se tendr\u00edan que llevar a cabo  sobre el parque.<\/p>\n<p>\u00bfCreen que es seguro que el gobierno porte\u00f1o no va avanzar sobre el enrejado o creen que es una jugada pol\u00edtica teniendo en cuenta que estamos en \u00e9poca de elecciones?<\/p>\n<p>Eva: Sabemos, y despu\u00e9s de dos a\u00f1os no podemos creer absolutamente nada que venga del gobierno de la ciudad que sea de palabra. Por eso necesitamos algo que este firmado, o que est\u00e9 respaldado con alg\u00fan tipo de documento, porque ya hemos tenido la palabra de ellos a finales del 2013 en que el parque se iba abrir y que se iba hacer una prueba piloto y que no se iba a enrejar. Y cuando todav\u00eda estaban en construcci\u00f3n, ya hab\u00edan licitado las rejas despu\u00e9s de toda una maniobra medi\u00e1tica sobre vandalismo, que la asamblea se encargo inmediatamente de salir a repudiar que no era cierto tal vandalismo. As\u00ed como no fue cierto ahora que abrieron el parque el d\u00eda lunes, y el d\u00eda martes en todos los titulares de los diarios dec\u00eda que se hab\u00edan robado nuevamente a remo, y que hab\u00edan vandalizado al loba romana, a un d\u00eda de abierto el parque.<\/p>\n<p>Bueno, como asamblea adem\u00e1s de estar organizados somos vecinos que vivimos el parque, lo usamos constantemente  y por eso podemos estar atentos a cada movimiento. Que si no fu\u00e9ramos del barrio y no fu\u00e9ramos al parque ser\u00eda imposible para nosotros. Fue un compa\u00f1ero de la asamblea, que encontr\u00f3 la estatua apoyada al lado de la loba romana y la devolvi\u00f3 el d\u00eda lunes a la noche a la polic\u00eda metropolitana, que es la \u00fanica seguridad que controla el parque. Con lo cual tuvimos que salir a desmentir los hechos de vandalismo porque no hab\u00edan ocurrido. Los guardianes de plaza, nos dijeron que estaba floja desde el d\u00eda domingo, desde antes que abriera el parque y que la gente del MOA ya lo sab\u00eda. Fue una excusa para tratar de medir las rejas. Como estamos tan organizados en el parque, yo creo que tienen que volver atr\u00e1s con la decisi\u00f3n, fundada b\u00e1sicamente en mentiras en cosas que no son ciertas.<\/p>\n<p>\u00bfQu\u00e9 estrategias usan para salir a desmentir los medios?<\/p>\n<p>Eva: Simplemente contar los hechos como son realmente, a trav\u00e9s de comunicados. Tenemos un programa de radio de la asamblea que se llama \u201cSANTA REJAS O FALTA REJAS\u201d que se transmite por la radio comunitaria el riachuelo.  Contactarnos a trav\u00e9s de los medios barriales, los medios comunitarios que pueden llegar otro tipo de informaci\u00f3n. Y despu\u00e9s a trav\u00e9s del mailing y redes sociales, por supuesto la invasi\u00f3n que hay del otro lado es mucho m\u00e1s fuerte. De todas formas nosotros construimos un tejido, una red en el barrio y alrededores,  y tenemos por suerte siempre medios comunitarios hermanas que se encargan de distribuir la informaci\u00f3n entre la gente del barrio, que es lo que nos interesa porque en realidad la lucha tiene que estar apoyada por la gente del barrio.<\/p>\n<p>Despu\u00e9s, lo que puedan opinar los opin\u00f3logos desde una computadora en su casa de recoleta o de Palermo, no nos interesa mucho. Lo que nos interesa es que la gente que realmente usa el parque, que lo disfruta, y que est\u00e1 en el barrio, sepa cu\u00e1l es la realidad.<\/p>\n<p>\u00bfQu\u00e9 opinan de la mudanza de los edificios de ciudad frente del parque? \u00bfTiene que ver con el inter\u00e9s de enrejar el parque?<\/p>\n<p>Eva: Si por supuesto, es un paso m\u00e1s en firme para venir  a colonizar una vez m\u00e1s el sur de la ciudad, que para ellos es un lugar abandonado, vandalizado, como si fuera un desierto.  Su plan de manejo de hecho, es humanizaci\u00f3n del espacio p\u00fablico, cuando en esa ciudad vivimos hace cientos de a\u00f1os, muchos vecinos muchas familias y no necesitamos que venga humanizarlo ahora, y no conformar distritos que se comuniquen y que crezcan de base inmobiliaria, sino lo que necesitamos es que las obras que se hagan sean a favor de los vecinos y no que nos expulsen. Porque en definitiva lo que est\u00e1 pasando con todo esto es una  gran exclusi\u00f3n de los vecinos, que ya no podemos  sostener un alquiler o que de a poco nos desalojan,  o que vas a cortar el pasto y sale tres veces m\u00e1s caro porque ahora la zona creci\u00f3 tur\u00edsticamente, y est\u00e1 preparado para el turismo y no para la gente que vive. Y esta mudanza, tanto de las oficinas de espacio p\u00fablico  frente al parque Lezama, como la jefatura de gobierno a parque patricios, nos parece que es como un paso m\u00e1s en este avance de querer venir hacer  de este lugar otro lugar, con la gente que ellos quieren que habite y pase por el lugar y no con los vecinos que transitamos ah\u00ed durante todos los d\u00edas desde hace muchos a\u00f1os.<\/p>\n<p>Ahora estamos preparando un gran festival para el s\u00e1bado 30 de mayo, una milonga. Porque con el anfiteatro qued\u00f3 un acuerdo firmado, ah\u00ed ante la Defensor\u00eda de que no se va a convertir en un espejo de agua, sino que va a mantener su concepto de anfiteatro. Relajarnos tambi\u00e9n y celebrar esto: que mediante la organizaci\u00f3n popular se pudo recuperar ese espacio y que hoy el parque est\u00e1 abierto sin rejas.<span style=\"font-size: 14px\"><span style=\"font-family: basic,sans-serif\"><\/span><\/span><\/span><\/p>\n<div style=\"font-size: 12px\"><span style=\"color: blue;font-family: Verdana, sans-serif\">Fuente: El grito del Sur, Producci\u00f3<br \/>\nn Riachuelo<\/span><\/div>\n<\/div>\n","protected":false},"excerpt":{"rendered":"<p>LUCHA Y ORGANIZACI\u00d3N POPULARSe alejan las rejas en el Parque Lezama \u201cMediante la organizaci\u00f3n popular se pudo recuperar ese espacio y hoy el parque est\u00e1 abierto sin rejas\u201d, afirm\u00f3 Eva, asamble\u00edsta del Parque Lezama, en una entrevista con El Grito del Sur. \u00bfCual es la situaci\u00f3n actual del parque despu\u00e9s de los \u00faltimos intentos del [&hellip;]<\/p>\n","protected":false},"author":4,"featured_media":0,"comment_status":"open","ping_status":"open","sticky":false,"template":"","format":"standard","meta":{"_monsterinsights_skip_tracking":false,"_monsterinsights_sitenote_active":false,"_monsterinsights_sitenote_note":"","_monsterinsights_sitenote_category":0,"jnews-multi-image_gallery":[],"jnews_single_post":{"format":"standard"},"jnews_primary_category":[],"_joinchat":[],"footnotes":""},"categories":[58],"tags":[147],"class_list":["post-407","post","type-post","status-publish","format-standard","hentry","category-noticiariachuelo","tag-habitat"],"_links":{"self":[{"href":"http:\/\/fmriachuelo.it10.com.ar\/index.php\/wp-json\/wp\/v2\/posts\/407","targetHints":{"allow":["GET"]}}],"collection":[{"href":"http:\/\/fmriachuelo.it10.com.ar\/index.php\/wp-json\/wp\/v2\/posts"}],"about":[{"href":"http:\/\/fmriachuelo.it10.com.ar\/index.php\/wp-json\/wp\/v2\/types\/post"}],"author":[{"embeddable":true,"href":"http:\/\/fmriachuelo.it10.com.ar\/index.php\/wp-json\/wp\/v2\/users\/4"}],"replies":[{"embeddable":true,"href":"http:\/\/fmriachuelo.it10.com.ar\/index.php\/wp-json\/wp\/v2\/comments?post=407"}],"version-history":[{"count":1,"href":"http:\/\/fmriachuelo.it10.com.ar\/index.php\/wp-json\/wp\/v2\/posts\/407\/revisions"}],"predecessor-version":[{"id":23488,"href":"http:\/\/fmriachuelo.it10.com.ar\/index.php\/wp-json\/wp\/v2\/posts\/407\/revisions\/23488"}],"wp:attachment":[{"href":"http:\/\/fmriachuelo.it10.com.ar\/index.php\/wp-json\/wp\/v2\/media?parent=407"}],"wp:term":[{"taxonomy":"category","embeddable":true,"href":"http:\/\/fmriachuelo.it10.com.ar\/index.php\/wp-json\/wp\/v2\/categories?post=407"},{"taxonomy":"post_tag","embeddable":true,"href":"http:\/\/fmriachuelo.it10.com.ar\/index.php\/wp-json\/wp\/v2\/tags?post=407"}],"curies":[{"name":"wp","href":"https:\/\/api.w.org\/{rel}","templated":true}]}}