{"id":4067,"date":"2017-03-24T02:19:52","date_gmt":"2017-03-24T02:19:52","guid":{"rendered":"http:\/\/fmriachuelo.com.ar\/ljkjklj\/?p=4067"},"modified":"2017-03-24T02:19:52","modified_gmt":"2017-03-24T02:19:52","slug":"excesos-policiales-en-la-boca-encubren-otros-intereses","status":"publish","type":"post","link":"http:\/\/fmriachuelo.it10.com.ar\/index.php\/2017\/03\/24\/excesos-policiales-en-la-boca-encubren-otros-intereses\/","title":{"rendered":"EXCESOS POLICIALES EN LA BOCA, ENCUBREN OTROS INTERESES"},"content":{"rendered":"<p>[FM Riachuelo 23\/03\/2017] El martes por la noche en el bajo de La Boca se vivi\u00f3 una situaci\u00f3n de violencia y exceso policial. Una situaci\u00f3n que parece encubrir la disputa territorial,\u00a0y la alianza de los proyectos inmobiliarios, el poder medi\u00e1tico que instala hipotesis que lo favorecen y el poder del estado que decidiamente avala los planes de negocios.<\/p>\n<p>EXTRACTIVISMO URBANO: Proyectos Inmobiliarios, Gentrificaci\u00f3n y Muertes Encubiertas<\/p>\n<p>[Todos los 25, 22\/03\/2017]Anoche, cerca de las 23 hs, un operativo del que participaron Polic\u00eda Bonaerense, Polic\u00eda de la Ciudad y Polic\u00eda Federal y hasta un helic\u00f3ptero, en el marco de una persecuci\u00f3n que se ven\u00eda haciendo desde Lan\u00fas, termin\u00f3 en una balacera feroz en el barrio de La Boca, dando como resultado que Claudia Ovejero de 41 a\u00f1os falleciera por un disparo en la cabeza, otra vecina embarazada termine hospitalizada con un disparo de plomo en el hombro y varios heridos de balas de goma.<\/p>\n<p>El hecho se dio en la esquina de, Gregorio Araoz de Lamadrid y Ministro Brin, si bien los vecinos\/as vieron el Fiat 500 que era perseguido no vieron a los dos supuestos asaltantes del mismo, ni trataron de encubrirlos, como las fuerzas policiales dijeron. Cuando las dos mujeres fueron heridas en el primer episodio de persecuci\u00f3n, los\/las vecinos\/as salieron a pedir que llamaran a una ambulancia y que dejaran de disparar a mansalva en un barrio d\u00f3nde s\u00f3lo hab\u00eda vecinos\/as y ni\u00f1os\/as, fue en ese momento que las fuerzas policiales comenzaron a disparar a los\/las vecinos\/as. Pese al intento de ocultar la veracidad de los hechos por parte de las fuerzas policiales, est\u00e1n a la vista en las im\u00e1genes que registraron los\/las vecinos\/as, cu\u00e1l fue el accionar policial.<\/p>\n<p>No hace mucho habl\u00e1bamos de extractivismo urbano y mencion\u00e1bamos las intenciones del presidente Mauricio Macri de vender la Isla Demarchi, pretendiendo privatizar la tierra del Estado Nacional y sin la autorizaci\u00f3n del Congreso Nacional (\u00fanico con la competencia para vender y disponer de tierras p\u00fablicas). Y esta intenci\u00f3n de venta no es sino parte de un proyecto que el presidente tiene desde sus a\u00f1os como Jefe de Gobierno de la Ciudad, de extender el \u201clujoso\u201d Puerto Madero\u201d hacia el sur de la ciudad. La Isla en el 2012 tambi\u00e9n fue codiciada por la ex Presidenta Cristina Fern\u00e1ndez, quien quiso realizar un fara\u00f3nico polo audiovisual, completando, seg\u00fan sus palabras, a Puerto Madero. Podr\u00e1n recordar tambi\u00e9n el proyecto del despampanante barrio que se quer\u00eda construir en la costanera sur de la ciudad con parques y embarcaderos sobre el canal perteneciente a la Reserva Ecol\u00f3gica, que ser\u00eda llevado adelante por la empresa IRSA.<\/p>\n<div class=\"_2cuy _3dgx _2vxa\">Ahora bien, \u00bfC\u00f3mo relacionamos estos dos hechos que parecer\u00edan estar muy lejanos el uno del otro? La respuesta no es compleja, pero s\u00ed requiere de un an\u00e1lisis general de la realidad. Tal como pasa en las provincias con los pueblos originarios, pueblos que son masacrados desgastados, expulsados de sus tierras, para permitir el ingreso de los Benetton, los Lewis, para la expansi\u00f3n de los monocultivos transg\u00e9nicos, la explotaci\u00f3n petrolera o minera, eso mismo se esta viviendo en el barrio de La Boca en un proceso que ha sido paulatino en los \u00faltimos a\u00f1os. El barrio boquense es una zona muy codiciada por el mercado inmobiliario y sus habitantes cada vez resultaran mas molestos para quienes piensen en ese negocio. El importante aumento de desalojos en la zona, las amenazas constante que viven las mas de 400 familias del asentamiento Lamadrid (lindantes al R\u00edo, frente a la Isla Demarchi), los incendios en la Reserva Ecol\u00f3gica y el desmedido y violento tiroteo desatado por las tres fuerzas de seguridad en el d\u00eda de ayer, con balas de plomo y de goma sobre vecinos y vecinas de La Boca, no son casos aislados y sin relaci\u00f3n sino un plan sistem\u00e1tico que se repite de diferentes formas y en diferentes lugares pero con un mismo objetivo, el avance del negocio por sobre la vida de las personas.<\/div>\n<div class=\"_2cuy _3dgx _2vxa\">Es importante y tarea de todas las personas, poder comprender las diversas realidades sociales como parte de una misma realidad que nos afecta y ataca por diferentes frentes.<\/div>\n","protected":false},"excerpt":{"rendered":"<p>[FM Riachuelo 23\/03\/2017] El martes por la noche en el bajo de La Boca se vivi\u00f3 una situaci\u00f3n de violencia y exceso policial. Una situaci\u00f3n que parece encubrir la disputa territorial,\u00a0y la alianza de los proyectos inmobiliarios, el poder medi\u00e1tico que instala hipotesis que lo favorecen y el poder del estado que decidiamente avala los [&hellip;]<\/p>\n","protected":false},"author":4,"featured_media":4068,"comment_status":"open","ping_status":"open","sticky":false,"template":"","format":"standard","meta":{"_monsterinsights_skip_tracking":false,"_monsterinsights_sitenote_active":false,"_monsterinsights_sitenote_note":"","_monsterinsights_sitenote_category":0,"jnews-multi-image_gallery":[],"jnews_single_post":[],"jnews_primary_category":[],"_joinchat":[],"footnotes":""},"categories":[78,76],"tags":[],"class_list":["post-4067","post","type-post","status-publish","format-standard","has-post-thumbnail","hentry","category-economia-popular","category-salud-comunitaria"],"_links":{"self":[{"href":"http:\/\/fmriachuelo.it10.com.ar\/index.php\/wp-json\/wp\/v2\/posts\/4067","targetHints":{"allow":["GET"]}}],"collection":[{"href":"http:\/\/fmriachuelo.it10.com.ar\/index.php\/wp-json\/wp\/v2\/posts"}],"about":[{"href":"http:\/\/fmriachuelo.it10.com.ar\/index.php\/wp-json\/wp\/v2\/types\/post"}],"author":[{"embeddable":true,"href":"http:\/\/fmriachuelo.it10.com.ar\/index.php\/wp-json\/wp\/v2\/users\/4"}],"replies":[{"embeddable":true,"href":"http:\/\/fmriachuelo.it10.com.ar\/index.php\/wp-json\/wp\/v2\/comments?post=4067"}],"version-history":[{"count":0,"href":"http:\/\/fmriachuelo.it10.com.ar\/index.php\/wp-json\/wp\/v2\/posts\/4067\/revisions"}],"wp:featuredmedia":[{"embeddable":true,"href":"http:\/\/fmriachuelo.it10.com.ar\/index.php\/wp-json\/"}],"wp:attachment":[{"href":"http:\/\/fmriachuelo.it10.com.ar\/index.php\/wp-json\/wp\/v2\/media?parent=4067"}],"wp:term":[{"taxonomy":"category","embeddable":true,"href":"http:\/\/fmriachuelo.it10.com.ar\/index.php\/wp-json\/wp\/v2\/categories?post=4067"},{"taxonomy":"post_tag","embeddable":true,"href":"http:\/\/fmriachuelo.it10.com.ar\/index.php\/wp-json\/wp\/v2\/tags?post=4067"}],"curies":[{"name":"wp","href":"https:\/\/api.w.org\/{rel}","templated":true}]}}