{"id":4064,"date":"2017-03-24T01:47:31","date_gmt":"2017-03-24T01:47:31","guid":{"rendered":"http:\/\/fmriachuelo.com.ar\/ljkjklj\/?p=4064"},"modified":"2017-03-24T01:47:31","modified_gmt":"2017-03-24T01:47:31","slug":"alumnos-y-alumnas-del-rogelio-yrurtia-lograron-que-se-reincorpore-a-malena","status":"publish","type":"post","link":"http:\/\/fmriachuelo.it10.com.ar\/index.php\/2017\/03\/24\/alumnos-y-alumnas-del-rogelio-yrurtia-lograron-que-se-reincorpore-a-malena\/","title":{"rendered":"ALUMNOS Y ALUMNAS DEL ROGELIO YRURTIA LOGRARON QUE SE REINCORPORE A MALENA"},"content":{"rendered":"<p>Otra peque\u00f1a-gran victoria popular: Le dieron la vacante a la alumna de la Escuela Yrurtia a la que quer\u00edan expulsar por activista del Centro de Estudiantes<\/p>\n<p>[Agencia Resistir y Luchar*, 23 marzo 2017].-Las victorias pueden ser grandes o peque\u00f1as, pero cuando se consiguen con la lucha, con la movilizaci\u00f3n y poniendo el cuerpo en cada momento de las peque\u00f1as o grandes batallas, tienen un gusto muy especial.<\/p>\n<p>Esta vez, son los y las estudiantes de la Escuela Yrurtia, de la Capital argentina, los que festejan, porque despu\u00e9s de varias idas y vueltas, se logr\u00f3 que la alumna Malena Briones, una de las principales referentes del Centro de Estudiantes, haya conseguido una vacante que se le negaba por parte de la Direcci\u00f3n de la Escuela, con la excusa de que ten\u00eda \u201cmala conducta\u201d. Esa frase mentirosa ten\u00eda que ver el continuo activismo de Malena, que el a\u00f1o pasado la tuvo como una de las principales aristas de la lucha revindicativa del Centro de Estudiantes de ese colegio.<\/p>\n<p>Lo que se quiso en este caso en peque\u00f1a escala, era tratar de disciplinar a punta de represi\u00f3n, como ocurre en el resto de la sociedad donde gobierna la derecha neoliberal macrista. Pero el intento choc\u00f3 con la resistencia primero de los estudiantes que paralizaron las clases durante varios d\u00edas y luego con el apoyo de numerosas organizaciones populares, estudiantiles y personalidades que firmaron un manifiesto exigiendo la vuelta a clase de Malena.<\/p>\n<p>Al final, entre gritos de j\u00fabilo, aplausos y abrazos, Malena y sus compa\u00f1eras y compa\u00f1eros ganaron la batalla. Contra la prepotencia y el ninguneo de los de arriba, que insultan a la escuela p\u00fablica, hay muchas Malenas que quieren seguir estudiando, incluso en circunstancias dif\u00edciles, pero se han decidido a no dejarse avasallar.<\/p>\n<p>*cobertura conjunta de Resumen Latinoamericano, Revista Venceremos, FM Riachuelo<\/p>\n<p>&nbsp;<\/p>\n","protected":false},"excerpt":{"rendered":"<p>Otra peque\u00f1a-gran victoria popular: Le dieron la vacante a la alumna de la Escuela Yrurtia a la que quer\u00edan expulsar por activista del Centro de Estudiantes [Agencia Resistir y Luchar*, 23 marzo 2017].-Las victorias pueden ser grandes o peque\u00f1as, pero cuando se consiguen con la lucha, con la movilizaci\u00f3n y poniendo el cuerpo en cada [&hellip;]<\/p>\n","protected":false},"author":4,"featured_media":4065,"comment_status":"open","ping_status":"open","sticky":false,"template":"","format":"standard","meta":{"_monsterinsights_skip_tracking":false,"_monsterinsights_sitenote_active":false,"_monsterinsights_sitenote_note":"","_monsterinsights_sitenote_category":0,"jnews-multi-image_gallery":[],"jnews_single_post":[],"jnews_primary_category":[],"_joinchat":[],"footnotes":""},"categories":[76],"tags":[],"class_list":["post-4064","post","type-post","status-publish","format-standard","has-post-thumbnail","hentry","category-salud-comunitaria"],"_links":{"self":[{"href":"http:\/\/fmriachuelo.it10.com.ar\/index.php\/wp-json\/wp\/v2\/posts\/4064","targetHints":{"allow":["GET"]}}],"collection":[{"href":"http:\/\/fmriachuelo.it10.com.ar\/index.php\/wp-json\/wp\/v2\/posts"}],"about":[{"href":"http:\/\/fmriachuelo.it10.com.ar\/index.php\/wp-json\/wp\/v2\/types\/post"}],"author":[{"embeddable":true,"href":"http:\/\/fmriachuelo.it10.com.ar\/index.php\/wp-json\/wp\/v2\/users\/4"}],"replies":[{"embeddable":true,"href":"http:\/\/fmriachuelo.it10.com.ar\/index.php\/wp-json\/wp\/v2\/comments?post=4064"}],"version-history":[{"count":0,"href":"http:\/\/fmriachuelo.it10.com.ar\/index.php\/wp-json\/wp\/v2\/posts\/4064\/revisions"}],"wp:featuredmedia":[{"embeddable":true,"href":"http:\/\/fmriachuelo.it10.com.ar\/index.php\/wp-json\/"}],"wp:attachment":[{"href":"http:\/\/fmriachuelo.it10.com.ar\/index.php\/wp-json\/wp\/v2\/media?parent=4064"}],"wp:term":[{"taxonomy":"category","embeddable":true,"href":"http:\/\/fmriachuelo.it10.com.ar\/index.php\/wp-json\/wp\/v2\/categories?post=4064"},{"taxonomy":"post_tag","embeddable":true,"href":"http:\/\/fmriachuelo.it10.com.ar\/index.php\/wp-json\/wp\/v2\/tags?post=4064"}],"curies":[{"name":"wp","href":"https:\/\/api.w.org\/{rel}","templated":true}]}}