{"id":406,"date":"2015-05-31T23:51:00","date_gmt":"2015-05-31T23:51:00","guid":{"rendered":"http:\/\/fmriachuelo.observatorioess.org.ar\/index.php\/2015\/05\/31\/cordoba-inauguraron-el-hospital-ernesto-che-guevara\/"},"modified":"2025-03-31T14:05:35","modified_gmt":"2025-03-31T17:05:35","slug":"cordoba-inauguraron-el-hospital-ernesto-che-guevara","status":"publish","type":"post","link":"http:\/\/fmriachuelo.it10.com.ar\/index.php\/2015\/05\/31\/cordoba-inauguraron-el-hospital-ernesto-che-guevara\/","title":{"rendered":"CORDOBA: INAUGURARON EL HOSPITAL ERNESTO \u00abCHE\u00bb GUEVARA"},"content":{"rendered":"<p><span style=\"color: red;font-family: Verdana, sans-serif;font-size: large\"><strong>OPERACI\u00d3N MILAGRO: \u00abUN MUNDO MEJOR ES POSIBLE\u00bb<\/strong><\/span><br \/><span style=\"font-family: Verdana\"><strong>48 mil argentinos y argentinas ya fueron intervenidos quir\u00fargicamente de cataratas y pterigium<\/strong><\/span><\/p>\n<div style=\"clear: both;text-align: justify\"><a href=\"http:\/\/4.bp.blogspot.com\/-f3vvTG4Y6P4\/VWudi-xKTeI\/AAAAAAAAEiM\/1_26Q0R75Yo\/s1600\/hospital%2Bche.jpg\" style=\"clear: left;float: left;margin-bottom: 1em;margin-right: 1em\"><\/a><a href=\"http:\/\/4.bp.blogspot.com\/-f3vvTG4Y6P4\/VWudi-xKTeI\/AAAAAAAAEiM\/1_26Q0R75Yo\/s1600\/hospital%2Bche.jpg\" style=\"clear: left;float: left;margin-bottom: 1em;margin-right: 1em\"><img loading=\"lazy\" decoding=\"async\" border=\"0\" height=\"208\" src=\"http:\/\/4.bp.blogspot.com\/-f3vvTG4Y6P4\/VWudi-xKTeI\/AAAAAAAAEiM\/1_26Q0R75Yo\/s320\/hospital%2Bche.jpg\" width=\"320\" \/><\/a><\/div>\n<p><\/p>\n<div style=\"text-align: justify\"><span style=\"font-family: Verdana, sans-serif\"><span style=\"font-size: x-small\">[Leandro Albani (Texto y fotos)\/Resumen Latinoamericano, 28 de mayo de 2015]<\/span> \u2013 En las paredes blancas del Hospital Oftalmol\u00f3gico Ernesto \u201cChe\u201d Guevara las im\u00e1genes de Fidel Castro, Hugo Ch\u00e1vez, Evo Morales y Agust\u00edn Tosco se contrastan de forma arm\u00f3nica con los dibujos de Antonio Guerrero, uno de los Cinco H\u00e9roes Cubanos liberados recientemente por Estados Unidos.<\/p>\n<p>Luego de un trabajo constante, a veces fren\u00e9tico, pero siempre compartido por muchas manos, el centro de salud ubicado en el barrio San Mart\u00edn de la ciudad de C\u00f3rdoba fue inaugurado este jueves con un acto multitudinario.<\/p>\n<p>Este proyecto es impulsado desde 2005 por la Fundaci\u00f3n \u201cUn mundo mejor es posible\u201d (UMMEP), que a su vez trabaja en Argentina con las misiones sociales \u201cOperaci\u00f3n Milagro\u201d y \u201cYo s\u00ed puedo\u201d.<\/p>\n<p>A trav\u00e9s de la \u201cOperaci\u00f3n Milagro\u201d, 48 mil argentinos y argentinas ya fueron intervenidos quir\u00fargicamente de cataratas y pterigium, devolvi\u00e9ndole la vista a muchos de ellos. Esta misi\u00f3n social, ideada por Cuba y Venezuela, permite que los pacientes sean atendidos de forma totalmente gratuita. Con la inauguraci\u00f3n del hospital Ernesto \u201cChe\u201d Guevara ahora se podr\u00e1n centralizar esas operaciones en el propio territorio, ya que entre 2008 y 2009 esas intervenciones eran realizadas en dos centros de salud construidos por Cuba y Bolivia en la frontera con Argentina, en los cuales fueron asistidos 30 mil argentinos y argentinas.<\/span><br \/><a name='more'><\/a><span style=\"font-family: Verdana, sans-serif\"><br \/>Sin apoyo de los gobiernos nacional y provincial, pero con una profunda solidaridad que lleg\u00f3 desde todos lados, el nuevo instituto de salud apunta a convertirse en hospital-escuela y tiene entre sus m\u00e9dicos a los j\u00f3venes que se recibieron en la Escuela Latinoamericana de Medicina (ELAM) que funciona en Cuba.<\/p>\n<p>Con equipamiento de \u00faltima tecnolog\u00eda, el hospital abri\u00f3 sus puertas con un emotivo acto en el que participaron doctores y doctoras egresados de la ELAM, Aleida Guevara Marcha, m\u00e9dica e hija del guerrillero argentino-cubano; Marcelino R\u00edos Torres, director del Hospital Oftalmol\u00f3gico Ram\u00f3n Pando Ferrer de La Habana; Orestes P\u00e9rez P\u00e9rez, embajador de Cuba en Argentina, y funcionarios diplom\u00e1ticos de Venezuela, Ecuador y Bolivia. Adem\u00e1s estuvieron presentes representantes municipales de C\u00f3rdoba y Entre R\u00edos, dirigentes del sindicato de Luz y Fuerza de la provincia, y quienes llevan adelante la Fundaci\u00f3n UMMEP.<\/p>\n<p>La directora del hospital, Luc\u00eda Coronel, record\u00f3 que el proyecto surgi\u00f3 como parte de la Alternativa Bolivariana para los Pueblos de Nuestra Am\u00e9rica (Alba), que busca una \u201cintegraci\u00f3n que responda a las necesidades del pueblo\u201d. Coronel, egresada de la ELAM y con sus padres desaparecidos por la dictadura militar argentina, destac\u00f3 la labor de los m\u00e9dicos que \u201centienden la salud como una construcci\u00f3n colectiva\u201d. Por esa raz\u00f3n, rechaz\u00f3 que \u201cla medicina se quede entre cuatro paredes\u201d y llam\u00f3 a los m\u00e9dicos a entender la salud \u201ccomo la felicidad del pueblo y no como un inter\u00e9s personal\u201d. Coronel tambi\u00e9n remarc\u00f3 que la salud \u201ces un derecho humano y una responsabilidad del Estado\u201d y defini\u00f3 que una problem\u00e1tica como las cataratas en los ojos tiene una f\u00e1cil soluci\u00f3n, por lo cual \u201cluchar contra la ceguera es luchar contra la pobreza\u201d.<\/p>\n<p>Por su parte, R\u00edos Torres felicit\u00f3 a quienes pusieron en funcionamiento el hospital y resalt\u00f3 que se deben seguir reproduciendo experiencias como estas, porque \u201cpara nosotros son una bendici\u00f3n, aunque para otros sean un tumor\u201d, en referencia a las asociaciones m\u00e9dicas que critican y rechazan la \u201cOperaci\u00f3n Milagro\u201d.<\/p>\n<p>Guevara March se manifest\u00f3 \u201cllena de emoci\u00f3n y ternura\u201d al ver el trabajo que hacen los m\u00e9dicos egresados de la ELAM, quienes reflejan el pensamiento y la acci\u00f3n del Che, adem\u00e1s \u201cdel amor hacia su pueblo\u201d.<\/p>\n<p>Por \u00faltimo, P\u00e9rez P\u00e9rez se mostr\u00f3 privilegiado \u201cpor estar disfrutando este sue\u00f1o convertido en realidad\u201d. Para el embajador cubano, el trabajo de quienes levantaron el hospital es comparable \u201cal ejemplo y altruismo del Che\u201d y a su idea \u201cde llevar la salud a los m\u00e1s humildes y despose\u00eddos\u201d.  El diplom\u00e1tico record\u00f3 la importancia del Alba para lograr una pol\u00edtica social al servicio del pueblo y se\u00f1al\u00f3 que el hospital aportar\u00e1 \u201cal pensamiento de un mundo mejor hacia el que caminamos todos los d\u00edas\u201d.<\/span><\/p>\n<div style=\"text-align: justify\"><span style=\"font-family: Verdana\"><\/span>&nbsp;<\/div>\n<div style=\"text-align: justify\"><span style=\"color: blue;font-family: Verdana\">Fuente: Resumen Latinoamericano, Producci\u00f3n Riachuelo<\/span><\/div>\n<\/div>\n","protected":false},"excerpt":{"rendered":"<p>OPERACI\u00d3N MILAGRO: \u00abUN MUNDO MEJOR ES POSIBLE\u00bb48 mil argentinos y argentinas ya fueron intervenidos quir\u00fargicamente de cataratas y pterigium [Leandro Albani (Texto y fotos)\/Resumen Latinoamericano, 28 de mayo de 2015] \u2013 En las paredes blancas del Hospital Oftalmol\u00f3gico Ernesto \u201cChe\u201d Guevara las im\u00e1genes de Fidel Castro, Hugo Ch\u00e1vez, Evo Morales y Agust\u00edn Tosco se contrastan [&hellip;]<\/p>\n","protected":false},"author":4,"featured_media":0,"comment_status":"open","ping_status":"open","sticky":false,"template":"","format":"standard","meta":{"_monsterinsights_skip_tracking":false,"_monsterinsights_sitenote_active":false,"_monsterinsights_sitenote_note":"","_monsterinsights_sitenote_category":0,"jnews-multi-image_gallery":[],"jnews_single_post":{"format":"standard"},"jnews_primary_category":[],"_joinchat":[],"footnotes":""},"categories":[58],"tags":[70,69],"class_list":["post-406","post","type-post","status-publish","format-standard","hentry","category-noticiariachuelo","tag-de-la-patria-grande","tag-salud"],"_links":{"self":[{"href":"http:\/\/fmriachuelo.it10.com.ar\/index.php\/wp-json\/wp\/v2\/posts\/406","targetHints":{"allow":["GET"]}}],"collection":[{"href":"http:\/\/fmriachuelo.it10.com.ar\/index.php\/wp-json\/wp\/v2\/posts"}],"about":[{"href":"http:\/\/fmriachuelo.it10.com.ar\/index.php\/wp-json\/wp\/v2\/types\/post"}],"author":[{"embeddable":true,"href":"http:\/\/fmriachuelo.it10.com.ar\/index.php\/wp-json\/wp\/v2\/users\/4"}],"replies":[{"embeddable":true,"href":"http:\/\/fmriachuelo.it10.com.ar\/index.php\/wp-json\/wp\/v2\/comments?post=406"}],"version-history":[{"count":1,"href":"http:\/\/fmriachuelo.it10.com.ar\/index.php\/wp-json\/wp\/v2\/posts\/406\/revisions"}],"predecessor-version":[{"id":23490,"href":"http:\/\/fmriachuelo.it10.com.ar\/index.php\/wp-json\/wp\/v2\/posts\/406\/revisions\/23490"}],"wp:attachment":[{"href":"http:\/\/fmriachuelo.it10.com.ar\/index.php\/wp-json\/wp\/v2\/media?parent=406"}],"wp:term":[{"taxonomy":"category","embeddable":true,"href":"http:\/\/fmriachuelo.it10.com.ar\/index.php\/wp-json\/wp\/v2\/categories?post=406"},{"taxonomy":"post_tag","embeddable":true,"href":"http:\/\/fmriachuelo.it10.com.ar\/index.php\/wp-json\/wp\/v2\/tags?post=406"}],"curies":[{"name":"wp","href":"https:\/\/api.w.org\/{rel}","templated":true}]}}