{"id":401,"date":"2015-06-02T11:00:00","date_gmt":"2015-06-02T11:00:00","guid":{"rendered":"http:\/\/fmriachuelo.observatorioess.org.ar\/index.php\/2015\/06\/02\/los-chanchitos-trabajadores-cooperativizados-resisten-perder-su-fuente-de-trabajo\/"},"modified":"2025-03-31T14:51:22","modified_gmt":"2025-03-31T17:51:22","slug":"los-chanchitos-trabajadores-cooperativizados-resisten-perder-su-fuente-de-trabajo","status":"publish","type":"post","link":"http:\/\/fmriachuelo.it10.com.ar\/index.php\/2015\/06\/02\/los-chanchitos-trabajadores-cooperativizados-resisten-perder-su-fuente-de-trabajo\/","title":{"rendered":"LOS CHANCHITOS: TRABAJADORES COOPERATIVIZADOS RESISTEN PERDER SU FUENTE DE TRABAJO"},"content":{"rendered":"<p><span style=\"color: red;font-family: Verdana, sans-serif;font-size: large\"><strong>ABANDONADA POR SUS PROPIOS DUE\u00d1OS, RECUPERADA&nbsp;POR LOS TRABAJADORES<\/strong><\/span><br \/><span style=\"font-family: Verdana, sans-serif\"><strong>La cooperativa Los Chanchitos resiste al remate propuesto por un juez<\/strong><\/span>&nbsp;&nbsp; <\/p>\n<div style=\"clear: both;text-align: justify\"><a href=\"http:\/\/2.bp.blogspot.com\/-gWN7f-2vE6g\/VWzYAyGbkxI\/AAAAAAAAEjg\/SJPhvgz9EHQ\/s1600\/LOS%2BCHANCHI.jpg\" style=\"clear: left;float: left;margin-bottom: 1em;margin-right: 1em\"><\/a><a href=\"http:\/\/2.bp.blogspot.com\/-gWN7f-2vE6g\/VWzYAyGbkxI\/AAAAAAAAEjg\/SJPhvgz9EHQ\/s1600\/LOS%2BCHANCHI.jpg\" style=\"clear: left;float: left;margin-bottom: 1em;margin-right: 1em\"><img loading=\"lazy\" decoding=\"async\" border=\"0\" height=\"213\" src=\"http:\/\/2.bp.blogspot.com\/-gWN7f-2vE6g\/VWzYAyGbkxI\/AAAAAAAAEjg\/SJPhvgz9EHQ\/s320\/LOS%2BCHANCHI.jpg\" width=\"320\" \/><\/a><\/div>\n<p><\/p>\n<div style=\"text-align: justify\">&nbsp;<\/div>\n<div style=\"text-align: justify\"><span style=\"font-family: Verdana, sans-serif\">Los 35 trabajadores del restor\u00e1n denunciaron que la Justicia est\u00e1 \u00abentorpeciendo\u00bb la actividad de la cooperativa. Convocan a los vecinos.<\/p>\n<p>Los 35 asociados del restaurante cooperativo Los Chanchitos, junto a sus familiares y amigos, resistir\u00e1n el mi\u00e9rcoles 3 y el jueves 4 de junio al remate propuesto por el juez Fernando Perillo (Juzgado Comercial 13, Secretar\u00eda 25), por pedido de la s\u00edndico Ana Graciela Ventura y de su abogado patrocinante, Alberto Solmesky. <\/p>\n<p>As\u00ed lo anunciaron mediante un comunicado los trabajadores del restor\u00e1n: \u201c(Denunciamos) la actitud sistem\u00e1tica de la sindicatura por entorpecer la actividad de la cooperativa\u201d.<\/p>\n<p>Seg\u00fan informaron a la prensa, \u00abde acuerdo a la reformada Ley de Quiebras, los trabajadores pueden compensar los bienes muebles de la empresa quebrada por los cr\u00e9ditos laborales de los que son beneficiarios en raz\u00f3n de obligaciones incumplidas por la patronal (sueldos atrasados, aportes previsionales no realizados, preavisos no pagados, entre otros). En ese sentido, resulta sorprendente que teniendo los trabajadores de la cooperativa 343.000 pesos a su favor y habiendo sido valuados los bienes muebles en 297.000 pesos, \u00e9stos pasen a remate, m\u00e1s aun teniendo en cuenta que recibieron esos bienes en mal estado o abandono\u00bb, describieron.<\/span><br \/><a name='more'><\/a><span style=\"font-family: Verdana, sans-serif\"><br \/>\u201cNo queremos el remate. Queremos que los bienes muebles se nos adjudiquen en forma directa, en funci\u00f3n de la compensaci\u00f3n por las deudas patronales\u201d, explic\u00f3 por su parte Jos\u00e9 Pereyra, presidente de la cooperativa. <\/p>\n<p>\u201cTuvimos que pagar 6.000 pesos para sacar una camioneta que hab\u00eda quedado abandonada en un taller mec\u00e1nico, y tuvimos que reparar una c\u00e1mara frigor\u00edfica, una cocina, una fritadora, porque la patronal no arreglaba las cosas que se iban rompiendo. Tambi\u00e9n estamos haci\u00e9ndonos cargo del pago de la cochera donde est\u00e1 guardada una camioneta que el Juzgado mantiene secuestrada\u201d, cont\u00f3 adem\u00e1s Pereyra.<\/p>\n<p>La empresa fue abandonada por la patronal. El 25 de abril de 2013 los trabajadores comenzaron a autogestionar el restaurante, conform\u00e1ndose formalmente como cooperativa en mayo de ese mismo a\u00f1o. Est\u00e1 abierto de lunes a lunes en la esquina de Angel Gallardo y Leopoldo Marechal, del barrio de Villa Crespo.<\/p>\n<p> <span style=\"color: blue\">Fuente: Agencia Paco Urondo, Producci\u00f3n Riachuelo<\/span><br \/>              <\/span><\/p>\n<div>\n<div>\n<div style=\"height: 0px;width: 0px\">\n<div><\/div>\n<\/div>\n<div style=\"height: 0px;width: 0px\">\n<div><\/div>\n<\/div>\n<\/div>\n<div><\/div>\n<div><span style=\"height: 20px;vertical-align: bottom;width: 77px\"><\/span><\/div>\n<div>\n<div style=\"background: none;float: none;font-size: 1px;height: 20px;line-height: normal;margin: 0px;padding: 0px;text-indent: 0px;vertical-align: baseline;width: 90px\"><\/div>\n<\/div>\n<\/div>\n<div style=\"clear: both\"><\/div>\n<div>\n<dl>\n<dt><\/dt>\n<dd>&nbsp;&nbsp;&nbsp;  <\/dd>\n<\/dl>\n<\/div>\n<\/div>\n","protected":false},"excerpt":{"rendered":"<p>ABANDONADA POR SUS PROPIOS DUE\u00d1OS, RECUPERADA&nbsp;POR LOS TRABAJADORESLa cooperativa Los Chanchitos resiste al remate propuesto por un juez&nbsp;&nbsp; &nbsp; Los 35 trabajadores del restor\u00e1n denunciaron que la Justicia est\u00e1 \u00abentorpeciendo\u00bb la actividad de la cooperativa. Convocan a los vecinos. Los 35 asociados del restaurante cooperativo Los Chanchitos, junto a sus familiares y amigos, resistir\u00e1n el [&hellip;]<\/p>\n","protected":false},"author":4,"featured_media":0,"comment_status":"open","ping_status":"open","sticky":false,"template":"","format":"standard","meta":{"_monsterinsights_skip_tracking":false,"_monsterinsights_sitenote_active":false,"_monsterinsights_sitenote_note":"","_monsterinsights_sitenote_category":0,"jnews-multi-image_gallery":[],"jnews_single_post":{"format":"standard"},"jnews_primary_category":[],"_joinchat":[],"footnotes":""},"categories":[58],"tags":[88,148],"class_list":["post-401","post","type-post","status-publish","format-standard","hentry","category-noticiariachuelo","tag-de-la-economia-social","tag-trabajo"],"_links":{"self":[{"href":"http:\/\/fmriachuelo.it10.com.ar\/index.php\/wp-json\/wp\/v2\/posts\/401","targetHints":{"allow":["GET"]}}],"collection":[{"href":"http:\/\/fmriachuelo.it10.com.ar\/index.php\/wp-json\/wp\/v2\/posts"}],"about":[{"href":"http:\/\/fmriachuelo.it10.com.ar\/index.php\/wp-json\/wp\/v2\/types\/post"}],"author":[{"embeddable":true,"href":"http:\/\/fmriachuelo.it10.com.ar\/index.php\/wp-json\/wp\/v2\/users\/4"}],"replies":[{"embeddable":true,"href":"http:\/\/fmriachuelo.it10.com.ar\/index.php\/wp-json\/wp\/v2\/comments?post=401"}],"version-history":[{"count":1,"href":"http:\/\/fmriachuelo.it10.com.ar\/index.php\/wp-json\/wp\/v2\/posts\/401\/revisions"}],"predecessor-version":[{"id":23500,"href":"http:\/\/fmriachuelo.it10.com.ar\/index.php\/wp-json\/wp\/v2\/posts\/401\/revisions\/23500"}],"wp:attachment":[{"href":"http:\/\/fmriachuelo.it10.com.ar\/index.php\/wp-json\/wp\/v2\/media?parent=401"}],"wp:term":[{"taxonomy":"category","embeddable":true,"href":"http:\/\/fmriachuelo.it10.com.ar\/index.php\/wp-json\/wp\/v2\/categories?post=401"},{"taxonomy":"post_tag","embeddable":true,"href":"http:\/\/fmriachuelo.it10.com.ar\/index.php\/wp-json\/wp\/v2\/tags?post=401"}],"curies":[{"name":"wp","href":"https:\/\/api.w.org\/{rel}","templated":true}]}}