{"id":4004,"date":"2017-03-23T14:25:56","date_gmt":"2017-03-23T14:25:56","guid":{"rendered":"http:\/\/fmriachuelo.com.ar\/ljkjklj\/?p=4004"},"modified":"2017-03-23T14:25:56","modified_gmt":"2017-03-23T14:25:56","slug":"repudio-a-la-denuncia-contra-un-dirigente-de-la-ctep-emilio-persico","status":"publish","type":"post","link":"http:\/\/fmriachuelo.it10.com.ar\/index.php\/2017\/03\/23\/repudio-a-la-denuncia-contra-un-dirigente-de-la-ctep-emilio-persico\/","title":{"rendered":"REPUDIO A LA DENUNCIA CONTRA UN DIRIGENTE DE LA CTEP, EMILIO P\u00c9RSICO,"},"content":{"rendered":"<blockquote>\n<ol>\n<li>[FM Riachuelo 23\/03\/2017] En el d\u00eda de ayer se conoci\u00f3 la denuncia a Emilio P\u00e9rsico, \u00a0uno de los dirigentes de la Confederaci\u00f3n de Trabajadores de la Econom\u00eda Popular,<strong> CTEP<\/strong>, impulsado por el fiscal penal de La Plata Marcelo Romero. \u00a0La denuncia por \u00abapolog\u00eda del delito\u00bb fundada en el anuncio de una movilizaci\u00f3n, gener\u00f3 el r\u00e1pido rechazo de dirigentes de organizacbviones populares. Entrevistamos a Lito Borello, Secretario de Derechos Humanos de la <strong>CTEP<\/strong>.<\/li>\n<\/ol>\n<\/blockquote>\n<p><strong> \u00bfQue consideraci\u00f3n te merece la denuncia contra este dirigente popular?<\/strong><\/p>\n<p><strong>Lito Borello:<\/strong>\u00a0Cada vez mas\u00a0preocupa, \u00a0alarma e indigna la manera en que el gobierno nacional avasalla derechos todos los d\u00edas y est\u00e1 claramente enfrentado a los intereses nacionales y populares; y en tal sentido golpea y criminaliza a las organizaciones populares. Deber\u00edamos empezar a cuestionar si este gobierno empieza a tener rasgos de ilegalidad cuando no respeta derechos que garantiza\u00a0la constituci\u00f3n nacional. La denuncia merece el repudio de las organizaciones populares que estamos llevando adelante una fuerte batalla de resistencia al intento de implementar pol\u00edticas antinacionales y antipopulares del mal gobierno de Mauricio Macri. Estaremos repudiando este ataque\u00a0 hacia uno de los dirigentes principales de la <strong>CTEP<\/strong> y a un militante de reconocida trayectoria de lucha popular.<\/p>\n<p><strong>En un\u00a0contexto en donde el gobierno en alianza con los medios intenta construir un sentido\u00a0que legitime la represi\u00f3n y por otro a las organizaciones que est\u00e1n ganando visibilidad y consenso sobre los motivos de su lucha, \u00bfQu\u00e9 mirada tenes sobre la\u00a0criminalizaci\u00f3n de la metodolog\u00eda del piquete?<\/strong><\/p>\n<p><strong>Lito Borello:<\/strong> El gobierno intenta con estas actitudes varios objetivos, por un lado estigmatizar a los dirigentes y organizaciones populares. Esta claro el ejemplo de como mantienen presa desde hace mas de un a\u00f1o a la dirigente Milagro Sala. Tambi\u00e9n se intenta construir una pol\u00edtica de miedo que retrotraiga la actitud de las organizaciones populares en la resistencia popular. Me parece que est\u00e1 claro que nuestro pueblo muestra que lejos de amedrentarse, nuestro pueblo sale a la calle, la muestra es la marcha, inmensamente grande \u00a0y representativa de los docentes de ayer y las de jornadas atr\u00e1s que muestran a\u00a0un pueblo rebelde y digno resistiendo la aplicaci\u00f3n de estas pol\u00edticas. No dando cuenta de esto el gobierno sigue hostigando y golpeando a los sectores populares.<\/p>\n<p>Me parece tambi\u00e9n que nos cabe una fuerte responsabilidad, la de profundizar cada vez mas la unidad necesaria en el campo popular, \u00a0fortalecer las herramientas organizativas que permitan la unidad en la acci\u00f3n, en la calle y en la lucha, e ir fortificando cada vez m\u00e1s un objetivo claro de no es solamente resistir estas pol\u00edticas del mal gobierno de Mauricio Macri sino tambi\u00e9n ir caminando a construir otro mundo posible, una sociedad mas igualitaria y mas justa. Al decir del papa Francisco \u201ceste sistema no da mas y es necesario construir una sociedad donde el hombre deje de ser el lobo del hombre\u201d. Seguiremos adelante, no nos amedrenta este nuevo y ofensivo ataque a uno de nuestros dirigentes nacionales de la CTEP y como dice la CTEP \u201cAca no se rinde nadie y seguramente la pelea nos seguir\u00e1 encontrando en la calle y junto a nuestro pueblo.<\/p>\n","protected":false},"excerpt":{"rendered":"<p>[FM Riachuelo 23\/03\/2017] En el d\u00eda de ayer se conoci\u00f3 la denuncia a Emilio P\u00e9rsico, \u00a0uno de los dirigentes de la Confederaci\u00f3n de Trabajadores de la Econom\u00eda Popular, CTEP, impulsado por el fiscal penal de La Plata Marcelo Romero. \u00a0La denuncia por \u00abapolog\u00eda del delito\u00bb fundada en el anuncio de una movilizaci\u00f3n, gener\u00f3 el r\u00e1pido [&hellip;]<\/p>\n","protected":false},"author":4,"featured_media":4005,"comment_status":"open","ping_status":"open","sticky":false,"template":"","format":"standard","meta":{"_monsterinsights_skip_tracking":false,"_monsterinsights_sitenote_active":false,"_monsterinsights_sitenote_note":"","_monsterinsights_sitenote_category":0,"jnews-multi-image_gallery":[],"jnews_single_post":[],"jnews_primary_category":[],"_joinchat":[],"footnotes":""},"categories":[78,76,75],"tags":[],"class_list":["post-4004","post","type-post","status-publish","format-standard","has-post-thumbnail","hentry","category-economia-popular","category-salud-comunitaria","category-trabajo"],"_links":{"self":[{"href":"http:\/\/fmriachuelo.it10.com.ar\/index.php\/wp-json\/wp\/v2\/posts\/4004","targetHints":{"allow":["GET"]}}],"collection":[{"href":"http:\/\/fmriachuelo.it10.com.ar\/index.php\/wp-json\/wp\/v2\/posts"}],"about":[{"href":"http:\/\/fmriachuelo.it10.com.ar\/index.php\/wp-json\/wp\/v2\/types\/post"}],"author":[{"embeddable":true,"href":"http:\/\/fmriachuelo.it10.com.ar\/index.php\/wp-json\/wp\/v2\/users\/4"}],"replies":[{"embeddable":true,"href":"http:\/\/fmriachuelo.it10.com.ar\/index.php\/wp-json\/wp\/v2\/comments?post=4004"}],"version-history":[{"count":0,"href":"http:\/\/fmriachuelo.it10.com.ar\/index.php\/wp-json\/wp\/v2\/posts\/4004\/revisions"}],"wp:featuredmedia":[{"embeddable":true,"href":"http:\/\/fmriachuelo.it10.com.ar\/index.php\/wp-json\/"}],"wp:attachment":[{"href":"http:\/\/fmriachuelo.it10.com.ar\/index.php\/wp-json\/wp\/v2\/media?parent=4004"}],"wp:term":[{"taxonomy":"category","embeddable":true,"href":"http:\/\/fmriachuelo.it10.com.ar\/index.php\/wp-json\/wp\/v2\/categories?post=4004"},{"taxonomy":"post_tag","embeddable":true,"href":"http:\/\/fmriachuelo.it10.com.ar\/index.php\/wp-json\/wp\/v2\/tags?post=4004"}],"curies":[{"name":"wp","href":"https:\/\/api.w.org\/{rel}","templated":true}]}}