{"id":4001,"date":"2017-03-23T13:51:02","date_gmt":"2017-03-23T13:51:02","guid":{"rendered":"http:\/\/fmriachuelo.com.ar\/ljkjklj\/?p=4001"},"modified":"2017-03-23T13:51:02","modified_gmt":"2017-03-23T13:51:02","slug":"la-persecusion-politica-llego-a-la-escuela-publica-rogelio-yrurtia","status":"publish","type":"post","link":"http:\/\/fmriachuelo.it10.com.ar\/index.php\/2017\/03\/23\/la-persecusion-politica-llego-a-la-escuela-publica-rogelio-yrurtia\/","title":{"rendered":"LA PERSECUSI\u00d3N POL\u00cdTICA LLEG\u00d3 A LA ESCUELA P\u00daBLICA ROGELIO YRURTIA"},"content":{"rendered":"<p>[FM Riachuelo 23\/03\/2017] Esta semana alumnos y la comunidad educativa hicieron conocer la denuncia de una irregular situaci\u00f3n que vive una alumna en la Escuela de Artes Rogelio Yrurtia, de esta ciudad. Malena Briones una j\u00f3ven de tan solo 16 a\u00f1os, carga con un intento de ser excluida de la matr\u00edcula escolar por ser delegada del Centro de Estudiantes. Una situaci\u00f3n que solo pesa sobre la j\u00f3ven, y que en id\u00e9nticas condiciones permiti\u00f3 la renovaci\u00f3n de la matr\u00edcula de otras y otros estudiantes. En el d\u00eda de hoy estudiantes esperan la resoluci\u00f3n de la direcci\u00f3n.<\/p>\n<p>[Marcha Noticias, 22\/03\/2017 por Vivian Palmbaum] La escuela parece no estar ajena al clima de persecuci\u00f3n pol\u00edtica que han instalado las actuales pol\u00edticas del gobierno nacional. Esta vez le toc\u00f3 a una joven estudiante de la Escuela de Bellas Artes Rogelio Yrurtia, de la Ciudad de Buenos Aires. La persecuci\u00f3n pol\u00edtica lleg\u00f3 al colegio secundario, tal lo expresado desde el comunicado del Centro de Estudiantes.<\/p>\n<p>La alumna Malena Briones que se inscribi\u00f3 para cursar 4\u00ba a\u00f1o de la Escuela de Bellas Artes Rogelio Yrurtia, de la Ciudad de Buenos Aires. Sin embargo, no obtuvo la vacante, pese a ser alumna de dicho establecimiento. Una situaci\u00f3n por dem\u00e1s irregular para alguien que tiene garantizado el derecho a la educaci\u00f3n por la Constituci\u00f3n Nacional y por la ley que regula la obligatoriedad de la educaci\u00f3n secundaria. Primera irregularidad.<\/p>\n<p>Alumnas y alumnos de la instituci\u00f3n reaccionaron r\u00e1pidamente ante semejante injusticia y peticionaron a las autoridades la incorporaci\u00f3n de Malena. Al mismo tiempo, llevaron adelante una sentada en el patio como medida de protesta. La persecuci\u00f3n pol\u00edtica lleg\u00f3 al colegio secundario, pero esta vez el caso no es el de un o una docente increpado sino el de una estudiante. Malena es una compa\u00f1era de La Sim\u00f3n Bol\u00edvar que milita en secundarios, estudia en el colegio art\u00edstico Rogelio Yrurtia y participa activamente del centro de estudiantes y de la Coordinadora de Estudiantes de Base (CEB).<\/p>\n<p>Por su participaci\u00f3n en asambleas y reuniones del Centro de Estudiantes CEBARY le computaron las faltas suficientes para perder su condici\u00f3n de alumna regular por lo que qued\u00f3 libre en el 2016. Con mucho esfuerzo \u2013tal como se expresa en el comunicado emitido por el Centro de Estudiantes de la Escuela\u2013, se present\u00f3 a rendir las materias pero repiti\u00f3 4to a\u00f1o. Id\u00e9ntica situaci\u00f3n por la que atraviesan alumnas y alumnos a los que les renovaron la vacante sin dificultad.<\/p>\n<p>Sin motivos para excluir<\/p>\n<p>El derecho a la educaci\u00f3n est\u00e1 consagrado en la Ley 26.206, que fija la obligatoriedad desde el pre escolar hasta el nivel secundario. En el Reglamento Escolar de la CABA est\u00e1 asegurado el acceso a la vacante para las alumnas y los alumnos repitentes. El Art\u00edculo 32, que se refiere a Alumnos Repitientes, dice en su inciso 1\u00ba que todo alumno regular repitiente tiene derecho a conservar la vacante en el establecimiento para continuar sus estudios, siempre que no solicite pase a otra unidad educativa, de acuerdo con lo dispuesto en el R\u00e9gimen de Evaluaci\u00f3n vigente. En su 2\u00ba inciso dice que la inscripci\u00f3n de los alumnos repitientes del establecimiento se efect\u00faa al finalizar el per\u00edodo complementario de evaluaciones del turno de marzo del a\u00f1o calendario inmediato siguiente. Mientras que el art\u00edculo 35 De las Normas para los alumnos libres explicita que se rigen por las mismas normas que regulan la inscripci\u00f3n y matriculaci\u00f3n correspondiente a los alumnos regulares, si\u00e9ndoles aplicables todas las disposiciones contenidas en este Reglamento.<\/p>\n<p>Ante esta situaci\u00f3n de exclusi\u00f3n y persecuci\u00f3n pol\u00edtica los compa\u00f1eros y compa\u00f1eras expresan que en solidaridad y como llamado de atenci\u00f3n, se realiz\u00f3 una asamblea estudiantil en el patio de la escuela. All\u00ed se decidi\u00f3 con el voto directo con 173 a favor y 24 en contra, hacer una sentada permanente frente a la direcci\u00f3n hasta que haya una respuesta respecto a la vacante.<\/p>\n<p>Desde el centro de estudiantes, expresan: \u201cComo le toc\u00f3 a Malena le pudo haber pasado a cualquier otra alumna o alumno que participe activamente del centro de estudiantes, que luchara y reclamara por todas las cosas que tendr\u00edamos que tener por obligaci\u00f3n y hoy d\u00eda no se cumplen\u201d. Incluso, acusan a una profesora de expresarse en el Consejo Consultivo diciendo: \u201cHay que descabezar a la cabecilla del centro\u201d.<\/p>\n<p>Razones<\/p>\n<p>Los directivos de la instituci\u00f3n de ense\u00f1anza media se niegan a darle la vacante por la falta de regularidad y por su \u201cmala conducta\u201d, en clara referencia a su actividad pol\u00edtica dentro y fuera de la escuela.<\/p>\n<p>La decidida medida llevada a cabo por estudiantes abri\u00f3 un comp\u00e1s de espera para toda la comunidad educativa. El pr\u00f3ximo d\u00eda jueves a las 18 se discutir\u00e1 a nivel institucional la arbitraria situaci\u00f3n, y se espera la reincorporaci\u00f3n de la compa\u00f1era. Adem\u00e1s, la comunidad estudiantil movilizada predice una serie de medidas si la respuesta es negativa, al tiempo que se anuncian recursos legales para garantizar el acceso a la educaci\u00f3n. Se ve un accionar de directivos docentes que intentan disciplinar cualquier actividad de disidencia, en consonancia con las pol\u00edticas nacionales, mientras se intenta deslegitimar la educaci\u00f3n p\u00fablica y se desprecia a los docentes que la conducen.<\/p>\n<p>\u201cAnte la medida la respuesta de la directora hacia la vacante paso de ser un \u2018no\u2019 a ser un \u2018se va a discutir\u2019. El jueves estaremos esperando la respuesta, si le dan la vacante sabremos que fue por el esfuerzo y solidaridad de las y los estudiantes del Yrurtia. Si no se la dan estaremos discutiendo las medidas a tomar, ante el perseguimiento pol\u00edtico as\u00ed como el ataque sistem\u00e1tico que se da todos los d\u00edas a lxs profesorxs y alumnxs por un gobierno que, como bien sabemos, la educaci\u00f3n del pueblo le importa poco nada. \u00a1Las y los estudiantes del Yrurtia nos organizamos!\u201d, cierran desde el Centro de Estudiantes.<\/p>\n","protected":false},"excerpt":{"rendered":"<p>[FM Riachuelo 23\/03\/2017] Esta semana alumnos y la comunidad educativa hicieron conocer la denuncia de una irregular situaci\u00f3n que vive una alumna en la Escuela de Artes Rogelio Yrurtia, de esta ciudad. Malena Briones una j\u00f3ven de tan solo 16 a\u00f1os, carga con un intento de ser excluida de la matr\u00edcula escolar por ser delegada [&hellip;]<\/p>\n","protected":false},"author":4,"featured_media":4002,"comment_status":"open","ping_status":"open","sticky":false,"template":"","format":"standard","meta":{"_monsterinsights_skip_tracking":false,"_monsterinsights_sitenote_active":false,"_monsterinsights_sitenote_note":"","_monsterinsights_sitenote_category":0,"jnews-multi-image_gallery":[],"jnews_single_post":[],"jnews_primary_category":[],"_joinchat":[],"footnotes":""},"categories":[78,77],"tags":[],"class_list":["post-4001","post","type-post","status-publish","format-standard","has-post-thumbnail","hentry","category-economia-popular","category-soberania"],"_links":{"self":[{"href":"http:\/\/fmriachuelo.it10.com.ar\/index.php\/wp-json\/wp\/v2\/posts\/4001","targetHints":{"allow":["GET"]}}],"collection":[{"href":"http:\/\/fmriachuelo.it10.com.ar\/index.php\/wp-json\/wp\/v2\/posts"}],"about":[{"href":"http:\/\/fmriachuelo.it10.com.ar\/index.php\/wp-json\/wp\/v2\/types\/post"}],"author":[{"embeddable":true,"href":"http:\/\/fmriachuelo.it10.com.ar\/index.php\/wp-json\/wp\/v2\/users\/4"}],"replies":[{"embeddable":true,"href":"http:\/\/fmriachuelo.it10.com.ar\/index.php\/wp-json\/wp\/v2\/comments?post=4001"}],"version-history":[{"count":0,"href":"http:\/\/fmriachuelo.it10.com.ar\/index.php\/wp-json\/wp\/v2\/posts\/4001\/revisions"}],"wp:featuredmedia":[{"embeddable":true,"href":"http:\/\/fmriachuelo.it10.com.ar\/index.php\/wp-json\/"}],"wp:attachment":[{"href":"http:\/\/fmriachuelo.it10.com.ar\/index.php\/wp-json\/wp\/v2\/media?parent=4001"}],"wp:term":[{"taxonomy":"category","embeddable":true,"href":"http:\/\/fmriachuelo.it10.com.ar\/index.php\/wp-json\/wp\/v2\/categories?post=4001"},{"taxonomy":"post_tag","embeddable":true,"href":"http:\/\/fmriachuelo.it10.com.ar\/index.php\/wp-json\/wp\/v2\/tags?post=4001"}],"curies":[{"name":"wp","href":"https:\/\/api.w.org\/{rel}","templated":true}]}}