{"id":400,"date":"2015-06-02T11:30:00","date_gmt":"2015-06-02T11:30:00","guid":{"rendered":"http:\/\/fmriachuelo.observatorioess.org.ar\/index.php\/2015\/06\/02\/europa-crisis-migratoria-e-indiferencia\/"},"modified":"2025-03-31T14:56:33","modified_gmt":"2025-03-31T17:56:33","slug":"europa-crisis-migratoria-e-indiferencia","status":"publish","type":"post","link":"http:\/\/fmriachuelo.it10.com.ar\/index.php\/2015\/06\/02\/europa-crisis-migratoria-e-indiferencia\/","title":{"rendered":"EUROPA: CRISIS MIGRATORIA E INDIFERENCIA"},"content":{"rendered":"<p><span style=\"color: red;font-family: Verdana, sans-serif;font-size: large\"><strong>EMERGENCIA HUMANITARIA: INDIFERENCIA Y ESPECULACI\u00d3N<\/strong><\/span><\/p>\n<div style=\"clear: both;text-align: center\"><a href=\"http:\/\/2.bp.blogspot.com\/-pjbwZP5EqQc\/VWzk-fPCDaI\/AAAAAAAAEjw\/pS79tuMMj2g\/s1600\/migra.jpg\" style=\"clear: left;float: left;margin-bottom: 1em;margin-right: 1em\"><img loading=\"lazy\" decoding=\"async\" border=\"0\" height=\"196\" src=\"http:\/\/2.bp.blogspot.com\/-pjbwZP5EqQc\/VWzk-fPCDaI\/AAAAAAAAEjw\/pS79tuMMj2g\/s320\/migra.jpg\" width=\"320\" \/><\/a><\/div>\n<p><span style=\"font-family: Verdana, sans-serif\"><span style=\"font-size: x-small\">Entrevista a Pietro Ruffolo, coordinador de las pol\u00edticas europeas de la Federaci\u00f3n de Trabajadores de la Agroindustria<\/span><br \/><strong>\u00abLa Uni\u00f3n Europea se lava las manos ante la emergencia migratoria\u00bb<\/strong><\/span><br \/><span style=\"font-family: Verdana, sans-serif;font-size: x-small\">[por Giorgio Trucchi, 19\/05\/15]<\/span><span style=\"font-family: Verdana, sans-serif\"><\/span><br \/><span style=\"font-family: Verdana, sans-serif\">En 2014, Italia rescat\u00f3 a no menos de 170.000 personas que intentaban cruzar el mar Mediterr\u00e1neo para llegar a Europa. Eso representa un aumento del 277 por ciento con respecto a 2013. Hasta el momento, la Uni\u00f3n Europea ha preferido \u201cmirar para otro lado\u201d.<\/p>\n<p>Se trata de un flujo incontrolable de seres humanos que buscan desesperadamente una alternativa a sus condiciones de miseria y al horror de la guerra, y que no tienen otra opci\u00f3n que aceptar las imposiciones econ\u00f3micas y los altos riesgos del viaje impuestos por criminales que lucran con la tragedia humana.<\/p>\n<p>De acuerdo a las cifras oficiales del Alto Comisionado de las Naciones Unidas para los Refugiados (ACNUR) y la Organizaci\u00f3n Internacional para las Migraciones (OIM), son casi 3.500 las personas que perdieron la vida en el intento durante los \u00faltimos 15 meses.<\/p>\n<p>M\u00e1s de la mitad de ellas fallecieron en lo que va del a\u00f1o, es decir treinta veces m\u00e1s en comparaci\u00f3n con el mismo periodo del a\u00f1o pasado.<\/p>\n<p>Las graves situaciones de violencia, persecuci\u00f3n y guerra que sufren las poblaciones de pa\u00edses como Libia, Egipto, Eritrea y Siria, unido a las condiciones atmosf\u00e9ricas favorables de estas \u00faltimas semanas, han agudizado a\u00fan m\u00e1s la emergencia.<\/span><br \/><span style=\"font-family: Verdana, sans-serif\"><\/span><br \/><a name='more'><\/a><span style=\"font-family: Verdana, sans-serif\"><br \/>El Centro Astalli del Servicio Jesuita para los Refugiados estima que en 2014 se presentaron en Italia unas 65.000 solicitudes de asilo, 143 por ciento m\u00e1s que el a\u00f1o precedente.<\/p>\n<p>Durante las primeras dos semanas de mayo han sido rescatados 5.600 inmigrantes, mientras ya se cuentan por decenas las personas que se suman a la lista de muertos y desaparecidos en el naufragio de barcos.<\/p>\n<p>Pietro Ruffolo, coordinador de las pol\u00edticas europeas de la Federaci\u00f3n de Trabajadores de la Agroindustria (FLAI-CGIL), organizaci\u00f3n afiliada a la UITA, analiz\u00f3 esta situaci\u00f3n durante su conversaci\u00f3n con La Rel.<\/p>\n<p>-La crisis migratoria ya ha alcanzado una dimensi\u00f3n de emergencia humanitaria. \u00bfQu\u00e9 est\u00e1 ocurriendo en el Mediterr\u00e1neo?<\/p>\n<p>-Hay pa\u00edses como Libia y Siria donde el horror de la guerra interna y las condiciones de miseria y persecuci\u00f3n est\u00e1n generando una fuerte presi\u00f3n sobre la poblaci\u00f3n, que no tiene otra opci\u00f3n que arriesgar su vida y escapar, aceptando cualquier chantaje y condici\u00f3n impuesta por las redes criminales que controlan los flujos de migrantes hacia Europa.<\/p>\n<p>La fuga desesperada de las personas, unido a la condiciones atmosf\u00e9ricas favorables, est\u00e1n creando una presi\u00f3n enorme sobre el Mediterr\u00e1neo.<\/p>\n<p>De acuerdo con previsiones no oficiales, en los pr\u00f3ximos meses Italia podr\u00eda estar enfrentando una emergencia que involucrar\u00eda a m\u00e1s un mill\u00f3n de inmigrantes.<\/p>\n<p>El fracaso de la pol\u00edtica europea. Una indiferencia criminal <\/p>\n<p>-\u00bfQu\u00e9 papel est\u00e1 jugando la Uni\u00f3n Europea ante esta emergencia?<\/p>\n<p>-Esto es el verdadero problema, porque no existe una soluci\u00f3n europea ante la emergencia migratoria. El pasado 23 de abril, los jefes de Estado y de Gobierno de los 28 pa\u00edses que conforman la Uni\u00f3n Europea (UE) convocaron a una reuni\u00f3n extraordinaria del Consejo Europeo, para analizar la situaci\u00f3n en el Mediterr\u00e1neo. El resultado fue decepcionante.<\/p>\n<p>Los mismos Jean-Claude Juncker y Frans Timmermans, respectivamente presidente y vicepresidente de la Comisi\u00f3n Europea, reconocieron que no se pudo llegar a un acuerdo.<\/p>\n<p>-\u00bfPor qu\u00e9 tanta resistencia de parte de la Uni\u00f3n Europea?<\/p>\n<p>-Para nadie es un secreto que existe una relaci\u00f3n directa entre el fen\u00f3meno migratorio y la pol\u00edtica interna de cada pa\u00eds que integra la UE.<\/p>\n<p>En este sentido, la reuni\u00f3n extraordinaria fue fuertemente condicionada por la cercan\u00eda a eventos electorales que iban a desarrollarse en Finlandia, Reino Unido y Polonia.<\/p>\n<p>Sobre todo de parte del reelecto primer ministro brit\u00e1nico, David Cameron, hubo una fuerte presi\u00f3n para que no se alcanzase una posici\u00f3n europea sobre el tema de la migraci\u00f3n.<\/p>\n<p>Si analizamos los movimientos migratorios en territorio comunitario, nos damos cuenta que la inmensa mayor\u00eda de migrantes que logran llegar a Italia tienen como objetivo final el de establecerse en pa\u00edses del norte de Europa, particularmente en Alemania, Suecia y ocho pa\u00edses m\u00e1s.<\/p>\n<p>No es casualidad, entonces, que en estos pa\u00edses del norte de Europa estemos asistiendo a un avance y un fortalecimiento pol\u00edtico-electoral sin precedentes de partidos antieurope\u00edstas, con una marcada tendencia xen\u00f3foba, y hasta de los neonazis.<\/p>\n<p>Nadie quiere involucrarse directamente, ni buscar una soluci\u00f3n a esta emergencia por temor a perder consenso electoral. Antes bien, los partidos de centro, centroderecha y derecha hacen un uso instrumental del drama de la inmigraci\u00f3n para sumar consenso y votos.<\/p>\n<p>En fin, la Uni\u00f3n Europea contin\u00faa lav\u00e1ndose las manos y proponiendo medidas que son insuficientes. Aumenta el presupuesto de la Operaci\u00f3n Trit\u00f3n, pone a disposici\u00f3n m\u00e1s buques para cumplir misiones de patrullaje en el Mediterr\u00e1neo, pero en definitiva no quiere resolver la problem\u00e1tica.<\/p>\n<p>-Recientemente hubo un nuevo acuerdo entre los pa\u00edses de la UE.<\/p>\n<p>-Despu\u00e9s de una reuni\u00f3n con Naciones Unidas, la UE dio a conocer algunos acuerdos que prev\u00e9n la identificaci\u00f3n, captura y destrucci\u00f3n con uso de drones de las embarcaciones utilizadas por los traficantes de personas, as\u00ed como establecer cuotas para repartir a los refugiados entre los pa\u00edses de la UE.<\/p>\n<p>Tanto la FLAI como la Federaci\u00f3n Europea de Sindicatos de los Sectores de la Alimentaci\u00f3n, la Agricultura y el Turismo (EFFAT), creemos que no es esta la v\u00eda correcta.<\/p>\n<p>En este sentido, durante la reuni\u00f3n del Comit\u00e9 Ejecutivo de la UITA en Ginebra presentamos una moci\u00f3n sobre el tema de la migraci\u00f3n.<\/p>\n<p>La v\u00eda militar en el tapete. Bombardear embarcaciones, una falsa soluci\u00f3n <\/p>\n<p>-\u00bfCu\u00e1les son los contenidos de la moci\u00f3n?<\/p>\n<p>-No estamos de acuerdo con medidas de tipo militar como el bombardeo de las embarcaciones. Adem\u00e1s de poner en riesgo la vida de los migrantes, se le cercena el derecho de escapar de una situaci\u00f3n dram\u00e1tica y solicitar el estatus de refugiado en otro pa\u00eds.<\/p>\n<p>Asimismo, sin una intervenci\u00f3n seria, profunda y coordinada de los aparatos de inteligencia de los diferentes pa\u00edses de la UE para rastrear los canales de financiamiento, estas redes criminales tienen toda la capacidad econ\u00f3mica y log\u00edstica de movilizarse y trasladar su negocio por distintos puertos del Mediterr\u00e1neo.<\/p>\n<p>El segundo punto de la moci\u00f3n tiene que ver con volver a implementar el programa humanitario y de rescate Mare Nostrum1, esta vez con el apoyo log\u00edstico y econ\u00f3mico de los pa\u00edses de la UE.<\/p>\n<p>Finalmente, hay que crear corredores humanitarios para los migrantes que huyen de sit<br \/>\nuaciones de violencia, persecuci\u00f3n y guerra, priorizando la atenci\u00f3n a las personas que solicitan el estatus de refugiado.<\/p>\n<p>El problema de la migraci\u00f3n no puede ser s\u00f3lo de Italia, y para resolverlo necesitamos del esfuerzo serio y la participaci\u00f3n decidida de los 28 pa\u00edses de la Uni\u00f3n Europea.<\/p>\n<p> Notas:<\/p>\n<p>(1) El programa humanitario Mare Nostrum, iniciado en 2013 por Italia, preve\u00eda patrullajes en el Mediterr\u00e1neo fuera de las aguas territoriales de la Uni\u00f3n Europea, para ayudar a las miles de personas que trataban de llegar al pa\u00eds. Por su alto costo fue reemplazado por la operaci\u00f3n Trit\u00f3n, que es financiada por la UE y que tiene un enfoque de defensa del territorio.<\/p>\n<p> <span style=\"color: blue\">Fuente: Rebeli\u00f3n, Im\u00e1genes ONU, Producci\u00f3n Riachuelo<\/span><\/span><br \/><span style=\"font-family: Verdana\"><\/span><\/p>\n","protected":false},"excerpt":{"rendered":"<p>EMERGENCIA HUMANITARIA: INDIFERENCIA Y ESPECULACI\u00d3N Entrevista a Pietro Ruffolo, coordinador de las pol\u00edticas europeas de la Federaci\u00f3n de Trabajadores de la Agroindustria\u00abLa Uni\u00f3n Europea se lava las manos ante la emergencia migratoria\u00bb[por Giorgio Trucchi, 19\/05\/15]En 2014, Italia rescat\u00f3 a no menos de 170.000 personas que intentaban cruzar el mar Mediterr\u00e1neo para llegar a Europa. Eso [&hellip;]<\/p>\n","protected":false},"author":4,"featured_media":0,"comment_status":"open","ping_status":"open","sticky":false,"template":"","format":"standard","meta":{"_monsterinsights_skip_tracking":false,"_monsterinsights_sitenote_active":false,"_monsterinsights_sitenote_note":"","_monsterinsights_sitenote_category":0,"jnews-multi-image_gallery":[],"jnews_single_post":{"format":"standard"},"jnews_primary_category":[],"_joinchat":[],"footnotes":""},"categories":[58],"tags":[119,167],"class_list":["post-400","post","type-post","status-publish","format-standard","hentry","category-noticiariachuelo","tag-derechos-humanos","tag-politica-internacional"],"_links":{"self":[{"href":"http:\/\/fmriachuelo.it10.com.ar\/index.php\/wp-json\/wp\/v2\/posts\/400","targetHints":{"allow":["GET"]}}],"collection":[{"href":"http:\/\/fmriachuelo.it10.com.ar\/index.php\/wp-json\/wp\/v2\/posts"}],"about":[{"href":"http:\/\/fmriachuelo.it10.com.ar\/index.php\/wp-json\/wp\/v2\/types\/post"}],"author":[{"embeddable":true,"href":"http:\/\/fmriachuelo.it10.com.ar\/index.php\/wp-json\/wp\/v2\/users\/4"}],"replies":[{"embeddable":true,"href":"http:\/\/fmriachuelo.it10.com.ar\/index.php\/wp-json\/wp\/v2\/comments?post=400"}],"version-history":[{"count":1,"href":"http:\/\/fmriachuelo.it10.com.ar\/index.php\/wp-json\/wp\/v2\/posts\/400\/revisions"}],"predecessor-version":[{"id":23502,"href":"http:\/\/fmriachuelo.it10.com.ar\/index.php\/wp-json\/wp\/v2\/posts\/400\/revisions\/23502"}],"wp:attachment":[{"href":"http:\/\/fmriachuelo.it10.com.ar\/index.php\/wp-json\/wp\/v2\/media?parent=400"}],"wp:term":[{"taxonomy":"category","embeddable":true,"href":"http:\/\/fmriachuelo.it10.com.ar\/index.php\/wp-json\/wp\/v2\/categories?post=400"},{"taxonomy":"post_tag","embeddable":true,"href":"http:\/\/fmriachuelo.it10.com.ar\/index.php\/wp-json\/wp\/v2\/tags?post=400"}],"curies":[{"name":"wp","href":"https:\/\/api.w.org\/{rel}","templated":true}]}}