{"id":399,"date":"2015-06-02T12:18:00","date_gmt":"2015-06-02T12:18:00","guid":{"rendered":"http:\/\/fmriachuelo.observatorioess.org.ar\/index.php\/2015\/06\/02\/union-de-trabajadores-de-la-tierra-soberania-alimentaria-y-la-intervencion-del-estado\/"},"modified":"2025-03-31T15:15:43","modified_gmt":"2025-03-31T18:15:43","slug":"union-de-trabajadores-de-la-tierra-soberania-alimentaria-y-la-intervencion-del-estado","status":"publish","type":"post","link":"http:\/\/fmriachuelo.it10.com.ar\/index.php\/2015\/06\/02\/union-de-trabajadores-de-la-tierra-soberania-alimentaria-y-la-intervencion-del-estado\/","title":{"rendered":"UNION DE TRABAJADORES DE LA TIERRA: SOBERAN\u00cdA ALIMENTARIA Y LA INTERVENCI\u00d3N DEL ESTADO"},"content":{"rendered":"<p><span style=\"color: red;font-family: Verdana, sans-serif;font-size: large\"><strong>SOBERAN\u00cdA POPULAR EN DISPUTA<\/strong><\/span><br \/><span style=\"font-family: Verdana, sans-serif;font-size: large\"><strong>Entre el modelo del agronegocio y la soberan\u00eda alimentaria<\/strong><\/span><\/p>\n<div style=\"clear: both;text-align: center\"><a href=\"https:\/\/2.bp.blogspot.com\/-ERsQaHAZSig\/VW2eE6OR8oI\/AAAAAAAAEkI\/BpSf7SL6Wsk\/s1600\/semi.jpg\" style=\"clear: left;float: left;margin-bottom: 1em;margin-right: 1em\"><img decoding=\"async\" border=\"0\" src=\"http:\/\/2.bp.blogspot.com\/-ERsQaHAZSig\/VW2eE6OR8oI\/AAAAAAAAEkI\/BpSf7SL6Wsk\/s320\/semi.jpg\" \/><\/a><\/div>\n<div style=\"text-align: justify\"><span style=\"font-family: Verdana, sans-serif\"><span style=\"font-size: x-small\">[Por Nahuel Levagi* \/ Foto por Carla Hayet]<\/span>El pasado 19 de este mes, \u201cel Jefe de Gabinete, An\u00edbal Fern\u00e1ndez, adelant\u00f3 que el gobierno nacional emitir\u00e1 un Decreto de Necesidad y Urgencia (DNU) que fijar\u00e1 que todos los pagos por derecho de propiedad deben realizarse en la semilla, adem\u00e1s de crear un registro de uso propio\u201d, seg\u00fan se puede leer a\u00fan en el portal del ministerio de Agricultura. Desde hace a\u00f1os se debate una ley impulsada, principalmente, por la empresa Monsanto para cobrar renta por el uso de la semilla, pero tambi\u00e9n hace a\u00f1os que desde las organizaciones, cient\u00edficos comprometidos, intelectuales y la propia comunidad venimos diciendo no a esta medida. Ahora la perspectiva parece ser que, sin debate en el parlamento, el gobierno actuar\u00e1 por decreto.<\/p>\n<p>En paralelo, en estos tiempos se supo que la ley 27.118 de Reparaci\u00f3n Hist\u00f3rica de la Agricultura Familiar no tendr\u00eda presupuesto. Esta Ley que esper\u00f3 a\u00f1os en sancionarse, que llev\u00f3 discusiones previas, la realizaci\u00f3n de cientos de borradores, actividades, foros, acciones y la lucha de organizaciones de productores, campesinos\/as y pueblos originarios, parece que ahora, finalmente, no cuenta con presupuesto. En una reuni\u00f3n similar a la efectuada para sacar por decreto la ley Monsanto, en diciembre de 2014, el entonces jefe de gabinete, Jorge Capitanich, prometi\u00f3 a varias organizaciones del sector 1.500 millones de pesos para llevar adelante la agricultura familiar. En esa oportunidad, confirm\u00f3: \u201cLa Presidenta me dijo muy concretamente que hay que sancionar y aplicar la ley y para poder aplicarla y que funcione tiene que tener recursos\u201d. Por lo tanto \u2013y aceptado por el represan del gobierno nacional\u2013 sin recursos, no hay ley.<\/span><a name='more'><\/a><span style=\"font-family: Verdana, sans-serif\"><br \/>Y entonces preguntamos, \u00bfqu\u00e9 paso con la decisi\u00f3n de la Presidenta?, \u00bfqu\u00e9 pas\u00f3 con la reparaci\u00f3n hist\u00f3rica?, \u00bfqu\u00e9 pasa con la vida de miles de familias que resisten produciendo alimentos mientras los campos se llenan de soja para exportaci\u00f3n, para que luego haya que pagarle a Monsanto el uso de la semilla?<\/p>\n<p>Un modelo de agronegocio no es compatible con un modelo de Soberan\u00eda Alimentaria. El agronegocio puede convivir con algunos subsidios y acciones simb\u00f3licas hacia la agricultura familiar y campesina. Pero desde este sector discutimos y proponemos un modelo distinto de producci\u00f3n agropecuaria, tecnolog\u00eda, producci\u00f3n y transmisi\u00f3n de conocimiento, utilizaci\u00f3n y relaci\u00f3n con los bienes naturales, trabajo rural, comercializaci\u00f3n, distribuci\u00f3n y consumo. Un modelo de Soberan\u00eda Popular, donde no cabe la posibilidad de reconocer la legalidad de que un productor pague a una multinacional por la utilizaci\u00f3n de la semilla.<\/p>\n<p>En 2005, y en esa misma l\u00ednea, como pueblo dijimos \u201cNO al ALCA\u201d porque defendimos la soberan\u00eda econ\u00f3mica, pero esta es una forma de dar pasos en la entrega de una parte important\u00edsima de nuestra cadena productiva en manos de multinacionales: entregamos soberan\u00eda y renta. Por eso consideramos que no se trata s\u00f3lo de una discusi\u00f3n ambiental ni de un problema de los productores\u2026 es una discusi\u00f3n sobre soberan\u00eda y por la soberan\u00eda.<\/p>\n<p>* Integrante de la Uni\u00f3n Trabajadores de la Tierra (UTT-FPDS<\/span><\/p>\n<p><span style=\"color: blue;font-family: Verdana, sans-serif\">Fuente: Marcha, Producci\u00f3n Riachuelo<\/span>&nbsp;<\/div>\n","protected":false},"excerpt":{"rendered":"<p>SOBERAN\u00cdA POPULAR EN DISPUTAEntre el modelo del agronegocio y la soberan\u00eda alimentaria [Por Nahuel Levagi* \/ Foto por Carla Hayet]El pasado 19 de este mes, \u201cel Jefe de Gabinete, An\u00edbal Fern\u00e1ndez, adelant\u00f3 que el gobierno nacional emitir\u00e1 un Decreto de Necesidad y Urgencia (DNU) que fijar\u00e1 que todos los pagos por derecho de propiedad deben [&hellip;]<\/p>\n","protected":false},"author":4,"featured_media":0,"comment_status":"open","ping_status":"open","sticky":false,"template":"","format":"standard","meta":{"_monsterinsights_skip_tracking":false,"_monsterinsights_sitenote_active":false,"_monsterinsights_sitenote_note":"","_monsterinsights_sitenote_category":0,"jnews-multi-image_gallery":[],"jnews_single_post":{"format":"standard"},"jnews_primary_category":[],"_joinchat":[],"footnotes":""},"categories":[58],"tags":[71,64,103],"class_list":["post-399","post","type-post","status-publish","format-standard","hentry","category-noticiariachuelo","tag-de-la-tierra","tag-economia-popular","tag-movimientos-populares"],"_links":{"self":[{"href":"http:\/\/fmriachuelo.it10.com.ar\/index.php\/wp-json\/wp\/v2\/posts\/399","targetHints":{"allow":["GET"]}}],"collection":[{"href":"http:\/\/fmriachuelo.it10.com.ar\/index.php\/wp-json\/wp\/v2\/posts"}],"about":[{"href":"http:\/\/fmriachuelo.it10.com.ar\/index.php\/wp-json\/wp\/v2\/types\/post"}],"author":[{"embeddable":true,"href":"http:\/\/fmriachuelo.it10.com.ar\/index.php\/wp-json\/wp\/v2\/users\/4"}],"replies":[{"embeddable":true,"href":"http:\/\/fmriachuelo.it10.com.ar\/index.php\/wp-json\/wp\/v2\/comments?post=399"}],"version-history":[{"count":1,"href":"http:\/\/fmriachuelo.it10.com.ar\/index.php\/wp-json\/wp\/v2\/posts\/399\/revisions"}],"predecessor-version":[{"id":23504,"href":"http:\/\/fmriachuelo.it10.com.ar\/index.php\/wp-json\/wp\/v2\/posts\/399\/revisions\/23504"}],"wp:attachment":[{"href":"http:\/\/fmriachuelo.it10.com.ar\/index.php\/wp-json\/wp\/v2\/media?parent=399"}],"wp:term":[{"taxonomy":"category","embeddable":true,"href":"http:\/\/fmriachuelo.it10.com.ar\/index.php\/wp-json\/wp\/v2\/categories?post=399"},{"taxonomy":"post_tag","embeddable":true,"href":"http:\/\/fmriachuelo.it10.com.ar\/index.php\/wp-json\/wp\/v2\/tags?post=399"}],"curies":[{"name":"wp","href":"https:\/\/api.w.org\/{rel}","templated":true}]}}