{"id":3987,"date":"2017-03-23T03:09:55","date_gmt":"2017-03-23T03:09:55","guid":{"rendered":"http:\/\/fmriachuelo.com.ar\/ljkjklj\/?p=3987"},"modified":"2017-03-23T03:09:55","modified_gmt":"2017-03-23T03:09:55","slug":"homenaje-al-oso-cisneros-ejemplo-de-vida-lucha-y-militancia","status":"publish","type":"post","link":"http:\/\/fmriachuelo.it10.com.ar\/index.php\/2017\/03\/23\/homenaje-al-oso-cisneros-ejemplo-de-vida-lucha-y-militancia\/","title":{"rendered":"HOMENAJE AL \u00abOSO\u00bb CISNEROS, EJEMPLO DE VIDA, LUCHA Y MILITANCIA"},"content":{"rendered":"<div><b>[Agencia Resistir y Luchar* &#8211; 22\/3\/2017]\u00a0Tan s\u00f3lo un d\u00eda pas\u00f3, tras una feroz intervenci\u00f3n con disparos y abuso de las fuerzas de seguridad. Polic\u00edas, tanto provinciales como de la ciudad, en el bajo de La Boca, ocasionaron la muerte de una vecina y otros heridos. Casi 13 a\u00f1os pasaron del asesinato de nuestro compa\u00f1ero Mart\u00edn \u00abOso\u00bb Cisneros a manos de un sicario al servicio de las mismas fuerzas. Como muestra de nuestra historia, que quieren silenciar, \u00a0nuevamente nuestro pueblo organizado sali\u00f3 ayer a la calle a echar a los asesinos, y hoy se reuni\u00f3 para homenajear y reconocer los valores de solidaridad, coherencia y compromiso de un hist\u00f3rico militante.<\/b><\/div>\n<div>\n<div>Escuch\u00e1 todos los testimonios del encuentro a continuaci\u00f3n:<\/div>\n<div>Una multitud desbord\u00f3 la Unidad de Producci\u00f3n Social de Los Pibes, \u00a0en el barrio de La Boca, \u00a0para reunirse y homenajear a Mart\u00edn \u00abOso\u00bb Cisneros, s\u00edmbolo y emblema del compromiso militante, la entrega y la solidaridad. \u00a0A un d\u00eda de la feroz represi\u00f3n de las fuerzas de seguridad de la provincia y de la ciudad de Buenos Aires, \u00a0sobre los habitantes del barrio, que produjo la muerte de una vecina e hiri\u00f3 a otra gravemente, el pueblo organizado se hizo presente para celebrar el nacimiento de un militante ejemplar.<\/div>\n<div><a href=\"http:\/\/fmriachuelo.com.ar\/ljkjklj\/wp-content\/uploads\/2017\/03\/WhatsApp-Image-2017-03-22-at-23.27.08.jpeg\"><img loading=\"lazy\" decoding=\"async\" class=\"aligncenter wp-image-3990 size-large\" src=\"http:\/\/fmriachuelo.com.ar\/ljkjklj\/wp-content\/uploads\/2017\/03\/WhatsApp-Image-2017-03-22-at-23.27.08-1024x768.jpeg\" alt=\"\" width=\"640\" height=\"480\" \/><\/a><\/div>\n<div>En la Unidad de Producci\u00f3n Social, \u00a0donde el Oso Cisneros, \u00a0junto a otros compa\u00f1eros y compa\u00f1eras, hab\u00eda iniciado un emprendimiento de panader\u00eda, \u00a0y as\u00ed construirse un trabajo, se dieron cita cientos de militantes, pertenecientes a un gran conjunto de organizaciones sociales, pol\u00edticas, gremiales y barriales, junto a vecinos y habitantes hist\u00f3ricos del barrio. Con esta multitudinaria presencia, que desbord\u00f3 las instalaciones, \u00a0se di\u00f3 inicio a la actividad con las palabras de Lito Borello, coordinador de la O.S.y P. Los Pibes, \u00a0Secretario de DD.HH. de la CTEP, que record\u00f3 a su compa\u00f1ero como una referencia de lucha. A la vez, \u00a0Borello no dej\u00f3 de mencionar la causa judicial que en donde se lo acusa, junto a otros, de participar en la toma de la comisar\u00eda, que permiti\u00f3 que el asesino del Oso sea juzgado.<\/div>\n<div><img loading=\"lazy\" decoding=\"async\" class=\"aligncenter wp-image-3989\" src=\"http:\/\/fmriachuelo.com.ar\/ljkjklj\/wp-content\/uploads\/2017\/03\/WhatsApp-Image-2017-03-22-at-19.58.07-300x169.jpeg\" alt=\"\" width=\"300\" height=\"169\" \/>Con la proyecci\u00f3n del documental <em>\u00abLa Rebeli\u00f3n es Justicia\u00bb<\/em> se homenaje\u00f3 en im\u00e1genes el trabajo del Oso Cisneros, a la vez que sus compa\u00f1eros de militancia recordaron su vida, su trabajo, \u00a0sus valores solidarios y la entrega cotidiana para construir otros valores.<\/div>\n<div><\/div>\n<div>Distintos referentes de las organizaciones presentes tomaron la palabra, para referirse al militante y al valor s\u00edmbolico que constituye para el conjunto de los luchadores populares y militantes territoriales.<\/div>\n<div><\/div>\n<div>La celebraci\u00f3n popular cont\u00f3 con el infaltable guiso de lentejas, para convidar a todos los presentes. La presencia del grupo musical Mano a Mano acompa\u00f1\u00f3 la finalizaci\u00f3n de una emotiva jornada.<\/div>\n<\/div>\n<div><\/div>\n<div><\/div>\n<div>\n\n<\/div>\n<div>\n<div><b>*<\/b>Resumen Latinoamericano, Revista Venceremos, FM Riachuelo<\/div>\n<\/div>\n<div><\/div>\n","protected":false},"excerpt":{"rendered":"<p>[Agencia Resistir y Luchar* &#8211; 22\/3\/2017]\u00a0Tan s\u00f3lo un d\u00eda pas\u00f3, tras una feroz intervenci\u00f3n con disparos y abuso de las fuerzas de seguridad. Polic\u00edas, tanto provinciales como de la ciudad, en el bajo de La Boca, ocasionaron la muerte de una vecina y otros heridos. Casi 13 a\u00f1os pasaron del asesinato de nuestro compa\u00f1ero Mart\u00edn [&hellip;]<\/p>\n","protected":false},"author":4,"featured_media":3988,"comment_status":"open","ping_status":"open","sticky":false,"template":"","format":"standard","meta":{"_monsterinsights_skip_tracking":false,"_monsterinsights_sitenote_active":false,"_monsterinsights_sitenote_note":"","_monsterinsights_sitenote_category":0,"jnews-multi-image_gallery":[],"jnews_single_post":[],"jnews_primary_category":[],"_joinchat":[],"footnotes":""},"categories":[78,76],"tags":[118],"class_list":["post-3987","post","type-post","status-publish","format-standard","has-post-thumbnail","hentry","category-economia-popular","category-salud-comunitaria","tag-oso-cisneros"],"_links":{"self":[{"href":"http:\/\/fmriachuelo.it10.com.ar\/index.php\/wp-json\/wp\/v2\/posts\/3987","targetHints":{"allow":["GET"]}}],"collection":[{"href":"http:\/\/fmriachuelo.it10.com.ar\/index.php\/wp-json\/wp\/v2\/posts"}],"about":[{"href":"http:\/\/fmriachuelo.it10.com.ar\/index.php\/wp-json\/wp\/v2\/types\/post"}],"author":[{"embeddable":true,"href":"http:\/\/fmriachuelo.it10.com.ar\/index.php\/wp-json\/wp\/v2\/users\/4"}],"replies":[{"embeddable":true,"href":"http:\/\/fmriachuelo.it10.com.ar\/index.php\/wp-json\/wp\/v2\/comments?post=3987"}],"version-history":[{"count":0,"href":"http:\/\/fmriachuelo.it10.com.ar\/index.php\/wp-json\/wp\/v2\/posts\/3987\/revisions"}],"wp:featuredmedia":[{"embeddable":true,"href":"http:\/\/fmriachuelo.it10.com.ar\/index.php\/wp-json\/"}],"wp:attachment":[{"href":"http:\/\/fmriachuelo.it10.com.ar\/index.php\/wp-json\/wp\/v2\/media?parent=3987"}],"wp:term":[{"taxonomy":"category","embeddable":true,"href":"http:\/\/fmriachuelo.it10.com.ar\/index.php\/wp-json\/wp\/v2\/categories?post=3987"},{"taxonomy":"post_tag","embeddable":true,"href":"http:\/\/fmriachuelo.it10.com.ar\/index.php\/wp-json\/wp\/v2\/tags?post=3987"}],"curies":[{"name":"wp","href":"https:\/\/api.w.org\/{rel}","templated":true}]}}